{"id":9730,"date":"2025-07-27T13:01:14","date_gmt":"2025-07-27T10:01:14","guid":{"rendered":"https:\/\/memurunsesi.net\/?p=9730"},"modified":"2025-07-27T13:01:14","modified_gmt":"2025-07-27T10:01:14","slug":"sislide-harac-almak-icin-gece-vakti-is-yeri-kursunlayan-2-sahis-tutuklandi","status":"publish","type":"post","link":"https:\/\/memurunsesi.net\/index.php\/2025\/07\/27\/sislide-harac-almak-icin-gece-vakti-is-yeri-kursunlayan-2-sahis-tutuklandi\/","title":{"rendered":"\u015ei\u015fli&#8217;de hara\u00e7 almak i\u00e7in gece vakti i\u015f yeri kur\u015funlayan 2 \u015fah\u0131s tutukland\u0131"},"content":{"rendered":"<p>  &#8211; Kur\u015funlama olay\u0131nda g\u00f6zc\u00fcl\u00fck yapan \u015f\u00fcphelinin G\u00fcng\u00f6ren&#8217;de iki ayr\u0131 kur\u015funlama olay\u0131n\u0131n faili oldu\u011fu ortaya \u00e7\u0131kt\u0131   <\/p>\n<p>  \u0130stanbul \u015ei\u015fli&#8217;de bir i\u015f yerinin hara\u00e7 alma amac\u0131yla kur\u015funlanmas\u0131na ili\u015fkin 2 \u015f\u00fcpheli g\u00f6zalt\u0131na al\u0131nd\u0131. \u015e\u00fcphelilerden birinin, G\u00fcng\u00f6ren&#8217;de ya\u015fanan iki ayr\u0131 kur\u015funlama olay\u0131n\u0131n faili oldu\u011fu belirlendi. Adliyeye sevk edilen 2 \u015fah\u0131s, \u00e7\u0131kar\u0131ld\u0131klar\u0131 mahkemece tutuklan\u0131rken, i\u015f yerini kur\u015funlanma anlar\u0131 g\u00fcvenlik kameras\u0131na yans\u0131d\u0131.<br \/>\n  Olay, 14 May\u0131s \u00c7ar\u015famba g\u00fcn\u00fc \u015ei\u015fli 19 May\u0131s Mahallesi B\u00fcy\u00fckdere Caddesi&#8217;nde bulunan bir i\u015f yerinde meydana geldi. Sabaha kar\u015f\u0131 saat 04.30 s\u0131ralar\u0131nda meydana gelen olayda, edinilen bilgiye g\u00f6re bir \u015f\u00fcpheli hara\u00e7 almak amac\u0131yla i\u015f yerine kur\u015fun ya\u011fd\u0131rd\u0131 ard\u0131ndan olay yerinden uzakla\u015ft\u0131. \u0130hbar \u00fczerine olay yerine gelen polis, yapt\u0131\u011f\u0131 incelemede i\u015f yerine 5 kur\u015fun isabet etti\u011fini belirledi. \u00d6te yandan olay yeri \u00e7evresinde incelemelerde  bulunan polis, 3 adet 7.65 \u00e7ap\u0131nda bo\u015f kovan buldu. Gasp B\u00fcro Amirli\u011fi ekiplerince y\u00fcr\u00fct\u00fclen \u00e7al\u0131\u015fmalar kapsam\u0131nda, \u00e7evredeki g\u00fcvenlik kameralar\u0131 tek tek incelendi. Kameralara yans\u0131yan g\u00f6r\u00fcnt\u00fclerde, silahl\u0131 sald\u0131r\u0131y\u0131 ger\u00e7ekle\u015ftiren ki\u015finin binaya ate\u015f a\u00e7t\u0131ktan sonra yaya olarak b\u00f6lgeden ayr\u0131ld\u0131\u011f\u0131 g\u00f6r\u00fcld\u00fc. G\u00f6r\u00fcnt\u00fclerin izini s\u00fcren polis ekipleri, \u015f\u00fcpheliyi Sultangazi&#8217;ye kadar takip etti. Yap\u0131lan operasyonda sald\u0131r\u0131y\u0131 ger\u00e7ekle\u015ftiren 16 ya\u015f\u0131ndaki \u015f\u00fcpheli E.D. g\u00f6zalt\u0131na al\u0131nd\u0131. \u00c7ocuk \u015eube M\u00fcd\u00fcrl\u00fc\u011f\u00fcnde i\u015flemleri tamamlanan E.D. \u00e7\u0131kar\u0131ld\u0131\u011f\u0131 mahkemece tutukland\u0131.<br \/>\n  Olayda g\u00f6zc\u00fcl\u00fck yapan \u015f\u00fcphelinin G\u00fcng\u00f6ren&#8217;de iki ayr\u0131 kur\u015funlama olay\u0131n\u0131n faili oldu\u011fu ortaya \u00e7\u0131kt\u0131<br \/>\n  Gasp B\u00fcro Amirli\u011fi ekipleri, silahl\u0131 sald\u0131r\u0131 an\u0131nda olay yerinde g\u00f6zc\u00fc olarak bulundu\u011fu tespit edilen bir ba\u015fka ki\u015fiyi daha belirledi. Kimli\u011fi belirlenen E.E. (21) hakk\u0131nda arama \u00e7al\u0131\u015fmalar\u0131 ba\u015flat\u0131ld\u0131. Devam eden \u00e7al\u0131\u015fmalar s\u0131ras\u0131nda E.E.&#8217;nin, G\u00fcng\u00f6ren&#8217;de iki ayr\u0131 kur\u015funlama olay\u0131na daha kar\u0131\u015ft\u0131\u011f\u0131 belirlendi. \u015e\u00fcpheli \u015fahs\u0131n, G\u00fcng\u00f6ren&#8217;de, 20 Haziran ve 7 Temmuz tarihlerinde ma\u011fdur R.\u015e.U.&#8217;dan (38) hara\u00e7 almak i\u00e7in i\u015f yerinin kur\u015funlanmas olaylar\u0131n\u0131n da faili oldu\u011fu ortaya \u00e7\u0131kt\u0131. \u0130ki ayr\u0131 kur\u015funlama olay\u0131n\u0131n \u015f\u00fcphelisi \u015fah\u0131s, G\u00fcng\u00f6ren \u0130l\u00e7e Emniyet M\u00fcd\u00fcrl\u00fc\u011f\u00fc ekiplerince g\u00f6zalt\u0131na al\u0131nd\u0131ktan sonra \u0130stanbul Asayi\u015f \u015eube M\u00fcd\u00fcrl\u00fc\u011f\u00fcne g\u00f6t\u00fcr\u00fcld\u00fc. \u015eah\u0131s, i\u015flemlerinin tamamlanmas\u0131n\u0131n ard\u0131ndan sevk edildi\u011fi adli makamlarca tutuklanarak cezaevine g\u00f6nderildi. <\/p>\n<p>27.07.2025                                  <\/p>\n","protected":false},"excerpt":{"rendered":"<p>&#8211; Kur\u015funlama olay\u0131nda g\u00f6zc\u00fcl\u00fck yapan \u015f\u00fcphelinin G\u00fcng\u00f6ren&#8217;de iki ayr\u0131 kur\u015funlama olay\u0131n\u0131n faili oldu\u011fu ortaya \u00e7\u0131kt\u0131 \u0130stanbul \u015ei\u015fli&#8217;de bir i\u015f yerinin hara\u00e7 alma amac\u0131yla kur\u015funlanmas\u0131na ili\u015fkin 2 \u015f\u00fcpheli g\u00f6zalt\u0131na al\u0131nd\u0131. \u015e\u00fcphelilerden birinin, G\u00fcng\u00f6ren&#8217;de ya\u015fanan iki ayr\u0131 kur\u015funlama olay\u0131n\u0131n faili oldu\u011fu belirlendi. Adliyeye sevk edilen 2 \u015fah\u0131s, \u00e7\u0131kar\u0131ld\u0131klar\u0131 mahkemece tutuklan\u0131rken, i\u015f yerini kur\u015funlanma anlar\u0131 g\u00fcvenlik kameras\u0131na yans\u0131d\u0131. [&hellip;]<\/p>\n","protected":false},"author":1,"featured_media":0,"comment_status":"open","ping_status":"open","sticky":false,"template":"","format":"standard","meta":{"footnotes":""},"categories":[1],"tags":[],"class_list":["post-9730","post","type-post","status-publish","format-standard","hentry","category-genel"],"yoast_head":"<!-- This site is optimized with the Yoast SEO plugin v27.4 - https:\/\/yoast.com\/product\/yoast-seo-wordpress\/ -->\n<title>\u015ei\u015fli&#039;de hara\u00e7 almak i\u00e7in gece vakti i\u015f yeri kur\u015funlayan 2 \u015fah\u0131s tutukland\u0131 - Memurun Sesi<\/title>\n<meta name=\"robots\" content=\"index, follow, max-snippet:-1, max-image-preview:large, max-video-preview:-1\" \/>\n<link rel=\"canonical\" href=\"https:\/\/memurunsesi.net\/index.php\/2025\/07\/27\/sislide-harac-almak-icin-gece-vakti-is-yeri-kursunlayan-2-sahis-tutuklandi\/\" \/>\n<meta property=\"og:locale\" content=\"tr_TR\" \/>\n<meta property=\"og:type\" content=\"article\" \/>\n<meta property=\"og:title\" content=\"\u015ei\u015fli&#039;de hara\u00e7 almak i\u00e7in gece vakti i\u015f yeri kur\u015funlayan 2 \u015fah\u0131s tutukland\u0131 - Memurun Sesi\" \/>\n<meta property=\"og:description\" content=\"&#8211; Kur\u015funlama olay\u0131nda g\u00f6zc\u00fcl\u00fck yapan \u015f\u00fcphelinin G\u00fcng\u00f6ren&#8217;de iki ayr\u0131 kur\u015funlama olay\u0131n\u0131n faili oldu\u011fu ortaya \u00e7\u0131kt\u0131 \u0130stanbul \u015ei\u015fli&#8217;de bir i\u015f yerinin hara\u00e7 alma amac\u0131yla kur\u015funlanmas\u0131na ili\u015fkin 2 \u015f\u00fcpheli g\u00f6zalt\u0131na al\u0131nd\u0131. \u015e\u00fcphelilerden birinin, G\u00fcng\u00f6ren&#8217;de ya\u015fanan iki ayr\u0131 kur\u015funlama olay\u0131n\u0131n faili oldu\u011fu belirlendi. Adliyeye sevk edilen 2 \u015fah\u0131s, \u00e7\u0131kar\u0131ld\u0131klar\u0131 mahkemece tutuklan\u0131rken, i\u015f yerini kur\u015funlanma anlar\u0131 g\u00fcvenlik kameras\u0131na yans\u0131d\u0131. [&hellip;]\" \/>\n<meta property=\"og:url\" content=\"https:\/\/memurunsesi.net\/index.php\/2025\/07\/27\/sislide-harac-almak-icin-gece-vakti-is-yeri-kursunlayan-2-sahis-tutuklandi\/\" \/>\n<meta property=\"og:site_name\" content=\"Memurun Sesi\" \/>\n<meta property=\"article:publisher\" content=\"https:\/\/www.facebook.com\/unipersen\/?locale=tr_TR\" \/>\n<meta property=\"article:published_time\" content=\"2025-07-27T10:01:14+00:00\" \/>\n<meta name=\"author\" content=\"Memurun Sesi Haber Merkezi\" \/>\n<meta name=\"twitter:card\" content=\"summary_large_image\" \/>\n<meta name=\"twitter:creator\" content=\"@unipersen\" \/>\n<meta name=\"twitter:site\" content=\"@unipersen\" \/>\n<meta name=\"twitter:label1\" content=\"Yazan:\" \/>\n\t<meta name=\"twitter:data1\" content=\"Memurun Sesi Haber Merkezi\" \/>\n\t<meta name=\"twitter:label2\" content=\"Tahmini okuma s\u00fcresi\" \/>\n\t<meta name=\"twitter:data2\" content=\"1 dakika\" \/>\n<script type=\"application\/ld+json\" class=\"yoast-schema-graph\">{\"@context\":\"https:\\\/\\\/schema.org\",\"@graph\":[{\"@type\":\"Article\",\"@id\":\"https:\\\/\\\/memurunsesi.net\\\/index.php\\\/2025\\\/07\\\/27\\\/sislide-harac-almak-icin-gece-vakti-is-yeri-kursunlayan-2-sahis-tutuklandi\\\/#article\",\"isPartOf\":{\"@id\":\"https:\\\/\\\/memurunsesi.net\\\/index.php\\\/2025\\\/07\\\/27\\\/sislide-harac-almak-icin-gece-vakti-is-yeri-kursunlayan-2-sahis-tutuklandi\\\/\"},\"author\":{\"name\":\"Memurun Sesi Haber Merkezi\",\"@id\":\"https:\\\/\\\/memurunsesi.net\\\/#\\\/schema\\\/person\\\/f21c2d73b89f6ee1d80b0a1803e38587\"},\"headline\":\"\u015ei\u015fli&#8217;de hara\u00e7 almak i\u00e7in gece vakti i\u015f yeri kur\u015funlayan 2 \u015fah\u0131s tutukland\u0131\",\"datePublished\":\"2025-07-27T10:01:14+00:00\",\"mainEntityOfPage\":{\"@id\":\"https:\\\/\\\/memurunsesi.net\\\/index.php\\\/2025\\\/07\\\/27\\\/sislide-harac-almak-icin-gece-vakti-is-yeri-kursunlayan-2-sahis-tutuklandi\\\/\"},\"wordCount\":468,\"commentCount\":0,\"publisher\":{\"@id\":\"https:\\\/\\\/memurunsesi.net\\\/#organization\"},\"inLanguage\":\"tr\",\"potentialAction\":[{\"@type\":\"CommentAction\",\"name\":\"Comment\",\"target\":[\"https:\\\/\\\/memurunsesi.net\\\/index.php\\\/2025\\\/07\\\/27\\\/sislide-harac-almak-icin-gece-vakti-is-yeri-kursunlayan-2-sahis-tutuklandi\\\/#respond\"]}]},{\"@type\":\"WebPage\",\"@id\":\"https:\\\/\\\/memurunsesi.net\\\/index.php\\\/2025\\\/07\\\/27\\\/sislide-harac-almak-icin-gece-vakti-is-yeri-kursunlayan-2-sahis-tutuklandi\\\/\",\"url\":\"https:\\\/\\\/memurunsesi.net\\\/index.php\\\/2025\\\/07\\\/27\\\/sislide-harac-almak-icin-gece-vakti-is-yeri-kursunlayan-2-sahis-tutuklandi\\\/\",\"name\":\"\u015ei\u015fli'de hara\u00e7 almak i\u00e7in gece vakti i\u015f yeri kur\u015funlayan 2 \u015fah\u0131s tutukland\u0131 - Memurun Sesi\",\"isPartOf\":{\"@id\":\"https:\\\/\\\/memurunsesi.net\\\/#website\"},\"datePublished\":\"2025-07-27T10:01:14+00:00\",\"breadcrumb\":{\"@id\":\"https:\\\/\\\/memurunsesi.net\\\/index.php\\\/2025\\\/07\\\/27\\\/sislide-harac-almak-icin-gece-vakti-is-yeri-kursunlayan-2-sahis-tutuklandi\\\/#breadcrumb\"},\"inLanguage\":\"tr\",\"potentialAction\":[{\"@type\":\"ReadAction\",\"target\":[\"https:\\\/\\\/memurunsesi.net\\\/index.php\\\/2025\\\/07\\\/27\\\/sislide-harac-almak-icin-gece-vakti-is-yeri-kursunlayan-2-sahis-tutuklandi\\\/\"]}]},{\"@type\":\"BreadcrumbList\",\"@id\":\"https:\\\/\\\/memurunsesi.net\\\/index.php\\\/2025\\\/07\\\/27\\\/sislide-harac-almak-icin-gece-vakti-is-yeri-kursunlayan-2-sahis-tutuklandi\\\/#breadcrumb\",\"itemListElement\":[{\"@type\":\"ListItem\",\"position\":1,\"name\":\"Anasayfa\",\"item\":\"https:\\\/\\\/memurunsesi.net\\\/\"},{\"@type\":\"ListItem\",\"position\":2,\"name\":\"\u015ei\u015fli&#8217;de hara\u00e7 almak i\u00e7in gece vakti i\u015f yeri kur\u015funlayan 2 \u015fah\u0131s tutukland\u0131\"}]},{\"@type\":\"WebSite\",\"@id\":\"https:\\\/\\\/memurunsesi.net\\\/#website\",\"url\":\"https:\\\/\\\/memurunsesi.net\\\/\",\"name\":\"Memurun Sesi\",\"description\":\"G\u00fcncel ve Do\u011fru Haber\",\"publisher\":{\"@id\":\"https:\\\/\\\/memurunsesi.net\\\/#organization\"},\"potentialAction\":[{\"@type\":\"SearchAction\",\"target\":{\"@type\":\"EntryPoint\",\"urlTemplate\":\"https:\\\/\\\/memurunsesi.net\\\/?s={search_term_string}\"},\"query-input\":{\"@type\":\"PropertyValueSpecification\",\"valueRequired\":true,\"valueName\":\"search_term_string\"}}],\"inLanguage\":\"tr\"},{\"@type\":\"Organization\",\"@id\":\"https:\\\/\\\/memurunsesi.net\\\/#organization\",\"name\":\"Memurun Sesi\",\"url\":\"https:\\\/\\\/memurunsesi.net\\\/\",\"logo\":{\"@type\":\"ImageObject\",\"inLanguage\":\"tr\",\"@id\":\"https:\\\/\\\/memurunsesi.net\\\/#\\\/schema\\\/logo\\\/image\\\/\",\"url\":\"https:\\\/\\\/memurunsesi.net\\\/wp-content\\\/uploads\\\/2025\\\/11\\\/cropped-MEMURUN-SESI.png\",\"contentUrl\":\"https:\\\/\\\/memurunsesi.net\\\/wp-content\\\/uploads\\\/2025\\\/11\\\/cropped-MEMURUN-SESI.png\",\"width\":238,\"height\":57,\"caption\":\"Memurun Sesi\"},\"image\":{\"@id\":\"https:\\\/\\\/memurunsesi.net\\\/#\\\/schema\\\/logo\\\/image\\\/\"},\"sameAs\":[\"https:\\\/\\\/www.facebook.com\\\/unipersen\\\/?locale=tr_TR\",\"https:\\\/\\\/x.com\\\/unipersen\"]},{\"@type\":\"Person\",\"@id\":\"https:\\\/\\\/memurunsesi.net\\\/#\\\/schema\\\/person\\\/f21c2d73b89f6ee1d80b0a1803e38587\",\"name\":\"Memurun Sesi Haber Merkezi\",\"image\":{\"@type\":\"ImageObject\",\"inLanguage\":\"tr\",\"@id\":\"https:\\\/\\\/secure.gravatar.com\\\/avatar\\\/6cf0505f452ee753f485014986fab09a434671d2b919ee76fc541025c5876a70?s=96&d=mm&r=g\",\"url\":\"https:\\\/\\\/secure.gravatar.com\\\/avatar\\\/6cf0505f452ee753f485014986fab09a434671d2b919ee76fc541025c5876a70?s=96&d=mm&r=g\",\"contentUrl\":\"https:\\\/\\\/secure.gravatar.com\\\/avatar\\\/6cf0505f452ee753f485014986fab09a434671d2b919ee76fc541025c5876a70?s=96&d=mm&r=g\",\"caption\":\"Memurun Sesi Haber Merkezi\"},\"sameAs\":[\"https:\\\/\\\/memurunsesi.net\"],\"url\":\"https:\\\/\\\/memurunsesi.net\\\/index.php\\\/author\\\/uniper\\\/\"}]}<\/script>\n<!-- \/ Yoast SEO plugin. -->","yoast_head_json":{"title":"\u015ei\u015fli'de hara\u00e7 almak i\u00e7in gece vakti i\u015f yeri kur\u015funlayan 2 \u015fah\u0131s tutukland\u0131 - Memurun Sesi","robots":{"index":"index","follow":"follow","max-snippet":"max-snippet:-1","max-image-preview":"max-image-preview:large","max-video-preview":"max-video-preview:-1"},"canonical":"https:\/\/memurunsesi.net\/index.php\/2025\/07\/27\/sislide-harac-almak-icin-gece-vakti-is-yeri-kursunlayan-2-sahis-tutuklandi\/","og_locale":"tr_TR","og_type":"article","og_title":"\u015ei\u015fli'de hara\u00e7 almak i\u00e7in gece vakti i\u015f yeri kur\u015funlayan 2 \u015fah\u0131s tutukland\u0131 - Memurun Sesi","og_description":"&#8211; Kur\u015funlama olay\u0131nda g\u00f6zc\u00fcl\u00fck yapan \u015f\u00fcphelinin G\u00fcng\u00f6ren&#8217;de iki ayr\u0131 kur\u015funlama olay\u0131n\u0131n faili oldu\u011fu ortaya \u00e7\u0131kt\u0131 \u0130stanbul \u015ei\u015fli&#8217;de bir i\u015f yerinin hara\u00e7 alma amac\u0131yla kur\u015funlanmas\u0131na ili\u015fkin 2 \u015f\u00fcpheli g\u00f6zalt\u0131na al\u0131nd\u0131. \u015e\u00fcphelilerden birinin, G\u00fcng\u00f6ren&#8217;de ya\u015fanan iki ayr\u0131 kur\u015funlama olay\u0131n\u0131n faili oldu\u011fu belirlendi. Adliyeye sevk edilen 2 \u015fah\u0131s, \u00e7\u0131kar\u0131ld\u0131klar\u0131 mahkemece tutuklan\u0131rken, i\u015f yerini kur\u015funlanma anlar\u0131 g\u00fcvenlik kameras\u0131na yans\u0131d\u0131. [&hellip;]","og_url":"https:\/\/memurunsesi.net\/index.php\/2025\/07\/27\/sislide-harac-almak-icin-gece-vakti-is-yeri-kursunlayan-2-sahis-tutuklandi\/","og_site_name":"Memurun Sesi","article_publisher":"https:\/\/www.facebook.com\/unipersen\/?locale=tr_TR","article_published_time":"2025-07-27T10:01:14+00:00","author":"Memurun Sesi Haber Merkezi","twitter_card":"summary_large_image","twitter_creator":"@unipersen","twitter_site":"@unipersen","twitter_misc":{"Yazan:":"Memurun Sesi Haber Merkezi","Tahmini okuma s\u00fcresi":"1 dakika"},"schema":{"@context":"https:\/\/schema.org","@graph":[{"@type":"Article","@id":"https:\/\/memurunsesi.net\/index.php\/2025\/07\/27\/sislide-harac-almak-icin-gece-vakti-is-yeri-kursunlayan-2-sahis-tutuklandi\/#article","isPartOf":{"@id":"https:\/\/memurunsesi.net\/index.php\/2025\/07\/27\/sislide-harac-almak-icin-gece-vakti-is-yeri-kursunlayan-2-sahis-tutuklandi\/"},"author":{"name":"Memurun Sesi Haber Merkezi","@id":"https:\/\/memurunsesi.net\/#\/schema\/person\/f21c2d73b89f6ee1d80b0a1803e38587"},"headline":"\u015ei\u015fli&#8217;de hara\u00e7 almak i\u00e7in gece vakti i\u015f yeri kur\u015funlayan 2 \u015fah\u0131s tutukland\u0131","datePublished":"2025-07-27T10:01:14+00:00","mainEntityOfPage":{"@id":"https:\/\/memurunsesi.net\/index.php\/2025\/07\/27\/sislide-harac-almak-icin-gece-vakti-is-yeri-kursunlayan-2-sahis-tutuklandi\/"},"wordCount":468,"commentCount":0,"publisher":{"@id":"https:\/\/memurunsesi.net\/#organization"},"inLanguage":"tr","potentialAction":[{"@type":"CommentAction","name":"Comment","target":["https:\/\/memurunsesi.net\/index.php\/2025\/07\/27\/sislide-harac-almak-icin-gece-vakti-is-yeri-kursunlayan-2-sahis-tutuklandi\/#respond"]}]},{"@type":"WebPage","@id":"https:\/\/memurunsesi.net\/index.php\/2025\/07\/27\/sislide-harac-almak-icin-gece-vakti-is-yeri-kursunlayan-2-sahis-tutuklandi\/","url":"https:\/\/memurunsesi.net\/index.php\/2025\/07\/27\/sislide-harac-almak-icin-gece-vakti-is-yeri-kursunlayan-2-sahis-tutuklandi\/","name":"\u015ei\u015fli'de hara\u00e7 almak i\u00e7in gece vakti i\u015f yeri kur\u015funlayan 2 \u015fah\u0131s tutukland\u0131 - Memurun Sesi","isPartOf":{"@id":"https:\/\/memurunsesi.net\/#website"},"datePublished":"2025-07-27T10:01:14+00:00","breadcrumb":{"@id":"https:\/\/memurunsesi.net\/index.php\/2025\/07\/27\/sislide-harac-almak-icin-gece-vakti-is-yeri-kursunlayan-2-sahis-tutuklandi\/#breadcrumb"},"inLanguage":"tr","potentialAction":[{"@type":"ReadAction","target":["https:\/\/memurunsesi.net\/index.php\/2025\/07\/27\/sislide-harac-almak-icin-gece-vakti-is-yeri-kursunlayan-2-sahis-tutuklandi\/"]}]},{"@type":"BreadcrumbList","@id":"https:\/\/memurunsesi.net\/index.php\/2025\/07\/27\/sislide-harac-almak-icin-gece-vakti-is-yeri-kursunlayan-2-sahis-tutuklandi\/#breadcrumb","itemListElement":[{"@type":"ListItem","position":1,"name":"Anasayfa","item":"https:\/\/memurunsesi.net\/"},{"@type":"ListItem","position":2,"name":"\u015ei\u015fli&#8217;de hara\u00e7 almak i\u00e7in gece vakti i\u015f yeri kur\u015funlayan 2 \u015fah\u0131s tutukland\u0131"}]},{"@type":"WebSite","@id":"https:\/\/memurunsesi.net\/#website","url":"https:\/\/memurunsesi.net\/","name":"Memurun Sesi","description":"G\u00fcncel ve Do\u011fru Haber","publisher":{"@id":"https:\/\/memurunsesi.net\/#organization"},"potentialAction":[{"@type":"SearchAction","target":{"@type":"EntryPoint","urlTemplate":"https:\/\/memurunsesi.net\/?s={search_term_string}"},"query-input":{"@type":"PropertyValueSpecification","valueRequired":true,"valueName":"search_term_string"}}],"inLanguage":"tr"},{"@type":"Organization","@id":"https:\/\/memurunsesi.net\/#organization","name":"Memurun Sesi","url":"https:\/\/memurunsesi.net\/","logo":{"@type":"ImageObject","inLanguage":"tr","@id":"https:\/\/memurunsesi.net\/#\/schema\/logo\/image\/","url":"https:\/\/memurunsesi.net\/wp-content\/uploads\/2025\/11\/cropped-MEMURUN-SESI.png","contentUrl":"https:\/\/memurunsesi.net\/wp-content\/uploads\/2025\/11\/cropped-MEMURUN-SESI.png","width":238,"height":57,"caption":"Memurun Sesi"},"image":{"@id":"https:\/\/memurunsesi.net\/#\/schema\/logo\/image\/"},"sameAs":["https:\/\/www.facebook.com\/unipersen\/?locale=tr_TR","https:\/\/x.com\/unipersen"]},{"@type":"Person","@id":"https:\/\/memurunsesi.net\/#\/schema\/person\/f21c2d73b89f6ee1d80b0a1803e38587","name":"Memurun Sesi Haber Merkezi","image":{"@type":"ImageObject","inLanguage":"tr","@id":"https:\/\/secure.gravatar.com\/avatar\/6cf0505f452ee753f485014986fab09a434671d2b919ee76fc541025c5876a70?s=96&d=mm&r=g","url":"https:\/\/secure.gravatar.com\/avatar\/6cf0505f452ee753f485014986fab09a434671d2b919ee76fc541025c5876a70?s=96&d=mm&r=g","contentUrl":"https:\/\/secure.gravatar.com\/avatar\/6cf0505f452ee753f485014986fab09a434671d2b919ee76fc541025c5876a70?s=96&d=mm&r=g","caption":"Memurun Sesi Haber Merkezi"},"sameAs":["https:\/\/memurunsesi.net"],"url":"https:\/\/memurunsesi.net\/index.php\/author\/uniper\/"}]}},"_links":{"self":[{"href":"https:\/\/memurunsesi.net\/index.php\/wp-json\/wp\/v2\/posts\/9730","targetHints":{"allow":["GET"]}}],"collection":[{"href":"https:\/\/memurunsesi.net\/index.php\/wp-json\/wp\/v2\/posts"}],"about":[{"href":"https:\/\/memurunsesi.net\/index.php\/wp-json\/wp\/v2\/types\/post"}],"author":[{"embeddable":true,"href":"https:\/\/memurunsesi.net\/index.php\/wp-json\/wp\/v2\/users\/1"}],"replies":[{"embeddable":true,"href":"https:\/\/memurunsesi.net\/index.php\/wp-json\/wp\/v2\/comments?post=9730"}],"version-history":[{"count":1,"href":"https:\/\/memurunsesi.net\/index.php\/wp-json\/wp\/v2\/posts\/9730\/revisions"}],"predecessor-version":[{"id":9732,"href":"https:\/\/memurunsesi.net\/index.php\/wp-json\/wp\/v2\/posts\/9730\/revisions\/9732"}],"wp:attachment":[{"href":"https:\/\/memurunsesi.net\/index.php\/wp-json\/wp\/v2\/media?parent=9730"}],"wp:term":[{"taxonomy":"category","embeddable":true,"href":"https:\/\/memurunsesi.net\/index.php\/wp-json\/wp\/v2\/categories?post=9730"},{"taxonomy":"post_tag","embeddable":true,"href":"https:\/\/memurunsesi.net\/index.php\/wp-json\/wp\/v2\/tags?post=9730"}],"curies":[{"name":"wp","href":"https:\/\/api.w.org\/{rel}","templated":true}]}}