{"id":9737,"date":"2025-07-27T13:07:21","date_gmt":"2025-07-27T10:07:21","guid":{"rendered":"https:\/\/memurunsesi.net\/?p=9737"},"modified":"2025-07-27T13:07:21","modified_gmt":"2025-07-27T10:07:21","slug":"corumda-uc-aracin-karistigi-zincirleme-kazada-1i-cocuk-8-kisi-yaralandi","status":"publish","type":"post","link":"https:\/\/memurunsesi.net\/index.php\/2025\/07\/27\/corumda-uc-aracin-karistigi-zincirleme-kazada-1i-cocuk-8-kisi-yaralandi\/","title":{"rendered":"\u00c7orum\u2019da \u00fc\u00e7 arac\u0131n kar\u0131\u015ft\u0131\u011f\u0131 zincirleme kazada 1\u2019i \u00e7ocuk 8 ki\u015fi yaraland\u0131"},"content":{"rendered":"<p>   \u00c7orum&#8217;un Sungurlu il\u00e7esinde \u00fc\u00e7 arac\u0131n kar\u0131\u015ft\u0131\u011f\u0131 zincirleme trafik kazas\u0131nda 1&#8217;i \u00e7ocuk 8 ki\u015fi yaraland\u0131.<br \/>\nKaza, \u00c7orum\u2019un Sungurlu il\u00e7esine ba\u011fl\u0131 Ta\u015fk\u00f6pr\u00fc kav\u015fa\u011f\u0131nda meydana geldi. Edinilen bilgiye g\u00f6re, R.A. idaresindeki 34 BAF 711 plakal\u0131 otomobil ile E.K. y\u00f6netimindeki 53 BB 380 plakal\u0131 otomobil ve \u0130.A. idaresindeki 19 HD 234 plakal\u0131 otomobil, Ta\u015fk\u00f6pr\u00fc kav\u015fa\u011f\u0131nda birbirine \u00e7arparak durabildi. \u00c7arpman\u0131n etkisiyle ara\u00e7lardan birisi takla atarak ters bir \u015fekilde durabildi. Kazada s\u00fcr\u00fcc\u00fcler ile ara\u00e7larda bulunan 1&#8217;i \u00e7ocuk 8 ki\u015fi yaraland\u0131.<br \/>\n  Kazay\u0131 g\u00f6ren \u00e7evredeki vatanda\u015flar, durumu 112 Acil \u00c7a\u011fr\u0131 Merkezi&#8217;ne bildirdi. \u0130hbar \u00fczerine olay yerine \u00e7ok say\u0131da sa\u011fl\u0131k, polis ve itfaiye ekibi sevk edildi. Yaral\u0131lar, sa\u011fl\u0131k ekiplerince yap\u0131lan ilk m\u00fcdahalenin ard\u0131ndan Sungurlu Devlet Hastanesi&#8217;ne kald\u0131r\u0131ld\u0131.<br \/>\n  Ekiplerin incelemesinin ard\u0131ndan trafik, tekrar normal haline d\u00f6nd\u00fc. <\/p>\n<p>27.07.2025                          <\/p>\n","protected":false},"excerpt":{"rendered":"<p>\u00c7orum&#8217;un Sungurlu il\u00e7esinde \u00fc\u00e7 arac\u0131n kar\u0131\u015ft\u0131\u011f\u0131 zincirleme trafik kazas\u0131nda 1&#8217;i \u00e7ocuk 8 ki\u015fi yaraland\u0131. Kaza, \u00c7orum\u2019un Sungurlu il\u00e7esine ba\u011fl\u0131 Ta\u015fk\u00f6pr\u00fc kav\u015fa\u011f\u0131nda meydana geldi. Edinilen bilgiye g\u00f6re, R.A. idaresindeki 34 BAF 711 plakal\u0131 otomobil ile E.K. y\u00f6netimindeki 53 BB 380 plakal\u0131 otomobil ve \u0130.A. idaresindeki 19 HD 234 plakal\u0131 otomobil, Ta\u015fk\u00f6pr\u00fc kav\u015fa\u011f\u0131nda birbirine \u00e7arparak durabildi. \u00c7arpman\u0131n [&hellip;]<\/p>\n","protected":false},"author":1,"featured_media":9738,"comment_status":"open","ping_status":"open","sticky":false,"template":"","format":"standard","meta":{"footnotes":""},"categories":[1],"tags":[],"class_list":["post-9737","post","type-post","status-publish","format-standard","has-post-thumbnail","hentry","category-genel"],"yoast_head":"<!-- This site is optimized with the Yoast SEO plugin v27.4 - https:\/\/yoast.com\/product\/yoast-seo-wordpress\/ -->\n<title>\u00c7orum\u2019da \u00fc\u00e7 arac\u0131n kar\u0131\u015ft\u0131\u011f\u0131 zincirleme kazada 1\u2019i \u00e7ocuk 8 ki\u015fi yaraland\u0131 - Memurun Sesi<\/title>\n<meta name=\"robots\" content=\"index, follow, max-snippet:-1, max-image-preview:large, max-video-preview:-1\" \/>\n<link rel=\"canonical\" href=\"https:\/\/memurunsesi.net\/index.php\/2025\/07\/27\/corumda-uc-aracin-karistigi-zincirleme-kazada-1i-cocuk-8-kisi-yaralandi\/\" \/>\n<meta property=\"og:locale\" content=\"tr_TR\" \/>\n<meta property=\"og:type\" content=\"article\" \/>\n<meta property=\"og:title\" content=\"\u00c7orum\u2019da \u00fc\u00e7 arac\u0131n kar\u0131\u015ft\u0131\u011f\u0131 zincirleme kazada 1\u2019i \u00e7ocuk 8 ki\u015fi yaraland\u0131 - Memurun Sesi\" \/>\n<meta property=\"og:description\" content=\"\u00c7orum&#8217;un Sungurlu il\u00e7esinde \u00fc\u00e7 arac\u0131n kar\u0131\u015ft\u0131\u011f\u0131 zincirleme trafik kazas\u0131nda 1&#8217;i \u00e7ocuk 8 ki\u015fi yaraland\u0131. Kaza, \u00c7orum\u2019un Sungurlu il\u00e7esine ba\u011fl\u0131 Ta\u015fk\u00f6pr\u00fc kav\u015fa\u011f\u0131nda meydana geldi. Edinilen bilgiye g\u00f6re, R.A. idaresindeki 34 BAF 711 plakal\u0131 otomobil ile E.K. y\u00f6netimindeki 53 BB 380 plakal\u0131 otomobil ve \u0130.A. idaresindeki 19 HD 234 plakal\u0131 otomobil, Ta\u015fk\u00f6pr\u00fc kav\u015fa\u011f\u0131nda birbirine \u00e7arparak durabildi. \u00c7arpman\u0131n [&hellip;]\" \/>\n<meta property=\"og:url\" content=\"https:\/\/memurunsesi.net\/index.php\/2025\/07\/27\/corumda-uc-aracin-karistigi-zincirleme-kazada-1i-cocuk-8-kisi-yaralandi\/\" \/>\n<meta property=\"og:site_name\" content=\"Memurun Sesi\" \/>\n<meta property=\"article:publisher\" content=\"https:\/\/www.facebook.com\/unipersen\/?locale=tr_TR\" \/>\n<meta property=\"article:published_time\" content=\"2025-07-27T10:07:21+00:00\" \/>\n<meta property=\"og:image\" content=\"https:\/\/memurunsesi.net\/wp-content\/uploads\/2025\/07\/AW505405_01.jpg\" \/>\n\t<meta property=\"og:image:width\" content=\"1600\" \/>\n\t<meta property=\"og:image:height\" content=\"1200\" \/>\n\t<meta property=\"og:image:type\" content=\"image\/jpeg\" \/>\n<meta name=\"author\" content=\"Memurun Sesi Haber Merkezi\" \/>\n<meta name=\"twitter:card\" content=\"summary_large_image\" \/>\n<meta name=\"twitter:creator\" content=\"@unipersen\" \/>\n<meta name=\"twitter:site\" content=\"@unipersen\" \/>\n<meta name=\"twitter:label1\" content=\"Yazan:\" \/>\n\t<meta name=\"twitter:data1\" content=\"Memurun Sesi Haber Merkezi\" \/>\n\t<meta name=\"twitter:label2\" content=\"Tahmini okuma s\u00fcresi\" \/>\n\t<meta name=\"twitter:data2\" content=\"1 dakika\" \/>\n<script type=\"application\/ld+json\" class=\"yoast-schema-graph\">{\"@context\":\"https:\\\/\\\/schema.org\",\"@graph\":[{\"@type\":\"Article\",\"@id\":\"https:\\\/\\\/memurunsesi.net\\\/index.php\\\/2025\\\/07\\\/27\\\/corumda-uc-aracin-karistigi-zincirleme-kazada-1i-cocuk-8-kisi-yaralandi\\\/#article\",\"isPartOf\":{\"@id\":\"https:\\\/\\\/memurunsesi.net\\\/index.php\\\/2025\\\/07\\\/27\\\/corumda-uc-aracin-karistigi-zincirleme-kazada-1i-cocuk-8-kisi-yaralandi\\\/\"},\"author\":{\"name\":\"Memurun Sesi Haber Merkezi\",\"@id\":\"https:\\\/\\\/memurunsesi.net\\\/#\\\/schema\\\/person\\\/f21c2d73b89f6ee1d80b0a1803e38587\"},\"headline\":\"\u00c7orum\u2019da \u00fc\u00e7 arac\u0131n kar\u0131\u015ft\u0131\u011f\u0131 zincirleme kazada 1\u2019i \u00e7ocuk 8 ki\u015fi yaraland\u0131\",\"datePublished\":\"2025-07-27T10:07:21+00:00\",\"mainEntityOfPage\":{\"@id\":\"https:\\\/\\\/memurunsesi.net\\\/index.php\\\/2025\\\/07\\\/27\\\/corumda-uc-aracin-karistigi-zincirleme-kazada-1i-cocuk-8-kisi-yaralandi\\\/\"},\"wordCount\":165,\"commentCount\":0,\"publisher\":{\"@id\":\"https:\\\/\\\/memurunsesi.net\\\/#organization\"},\"image\":{\"@id\":\"https:\\\/\\\/memurunsesi.net\\\/index.php\\\/2025\\\/07\\\/27\\\/corumda-uc-aracin-karistigi-zincirleme-kazada-1i-cocuk-8-kisi-yaralandi\\\/#primaryimage\"},\"thumbnailUrl\":\"https:\\\/\\\/memurunsesi.net\\\/wp-content\\\/uploads\\\/2025\\\/07\\\/AW505405_01.jpg\",\"inLanguage\":\"tr\",\"potentialAction\":[{\"@type\":\"CommentAction\",\"name\":\"Comment\",\"target\":[\"https:\\\/\\\/memurunsesi.net\\\/index.php\\\/2025\\\/07\\\/27\\\/corumda-uc-aracin-karistigi-zincirleme-kazada-1i-cocuk-8-kisi-yaralandi\\\/#respond\"]}]},{\"@type\":\"WebPage\",\"@id\":\"https:\\\/\\\/memurunsesi.net\\\/index.php\\\/2025\\\/07\\\/27\\\/corumda-uc-aracin-karistigi-zincirleme-kazada-1i-cocuk-8-kisi-yaralandi\\\/\",\"url\":\"https:\\\/\\\/memurunsesi.net\\\/index.php\\\/2025\\\/07\\\/27\\\/corumda-uc-aracin-karistigi-zincirleme-kazada-1i-cocuk-8-kisi-yaralandi\\\/\",\"name\":\"\u00c7orum\u2019da \u00fc\u00e7 arac\u0131n kar\u0131\u015ft\u0131\u011f\u0131 zincirleme kazada 1\u2019i \u00e7ocuk 8 ki\u015fi yaraland\u0131 - Memurun Sesi\",\"isPartOf\":{\"@id\":\"https:\\\/\\\/memurunsesi.net\\\/#website\"},\"primaryImageOfPage\":{\"@id\":\"https:\\\/\\\/memurunsesi.net\\\/index.php\\\/2025\\\/07\\\/27\\\/corumda-uc-aracin-karistigi-zincirleme-kazada-1i-cocuk-8-kisi-yaralandi\\\/#primaryimage\"},\"image\":{\"@id\":\"https:\\\/\\\/memurunsesi.net\\\/index.php\\\/2025\\\/07\\\/27\\\/corumda-uc-aracin-karistigi-zincirleme-kazada-1i-cocuk-8-kisi-yaralandi\\\/#primaryimage\"},\"thumbnailUrl\":\"https:\\\/\\\/memurunsesi.net\\\/wp-content\\\/uploads\\\/2025\\\/07\\\/AW505405_01.jpg\",\"datePublished\":\"2025-07-27T10:07:21+00:00\",\"breadcrumb\":{\"@id\":\"https:\\\/\\\/memurunsesi.net\\\/index.php\\\/2025\\\/07\\\/27\\\/corumda-uc-aracin-karistigi-zincirleme-kazada-1i-cocuk-8-kisi-yaralandi\\\/#breadcrumb\"},\"inLanguage\":\"tr\",\"potentialAction\":[{\"@type\":\"ReadAction\",\"target\":[\"https:\\\/\\\/memurunsesi.net\\\/index.php\\\/2025\\\/07\\\/27\\\/corumda-uc-aracin-karistigi-zincirleme-kazada-1i-cocuk-8-kisi-yaralandi\\\/\"]}]},{\"@type\":\"ImageObject\",\"inLanguage\":\"tr\",\"@id\":\"https:\\\/\\\/memurunsesi.net\\\/index.php\\\/2025\\\/07\\\/27\\\/corumda-uc-aracin-karistigi-zincirleme-kazada-1i-cocuk-8-kisi-yaralandi\\\/#primaryimage\",\"url\":\"https:\\\/\\\/memurunsesi.net\\\/wp-content\\\/uploads\\\/2025\\\/07\\\/AW505405_01.jpg\",\"contentUrl\":\"https:\\\/\\\/memurunsesi.net\\\/wp-content\\\/uploads\\\/2025\\\/07\\\/AW505405_01.jpg\",\"width\":1600,\"height\":1200},{\"@type\":\"BreadcrumbList\",\"@id\":\"https:\\\/\\\/memurunsesi.net\\\/index.php\\\/2025\\\/07\\\/27\\\/corumda-uc-aracin-karistigi-zincirleme-kazada-1i-cocuk-8-kisi-yaralandi\\\/#breadcrumb\",\"itemListElement\":[{\"@type\":\"ListItem\",\"position\":1,\"name\":\"Anasayfa\",\"item\":\"https:\\\/\\\/memurunsesi.net\\\/\"},{\"@type\":\"ListItem\",\"position\":2,\"name\":\"\u00c7orum\u2019da \u00fc\u00e7 arac\u0131n kar\u0131\u015ft\u0131\u011f\u0131 zincirleme kazada 1\u2019i \u00e7ocuk 8 ki\u015fi yaraland\u0131\"}]},{\"@type\":\"WebSite\",\"@id\":\"https:\\\/\\\/memurunsesi.net\\\/#website\",\"url\":\"https:\\\/\\\/memurunsesi.net\\\/\",\"name\":\"Memurun Sesi\",\"description\":\"G\u00fcncel ve Do\u011fru Haber\",\"publisher\":{\"@id\":\"https:\\\/\\\/memurunsesi.net\\\/#organization\"},\"potentialAction\":[{\"@type\":\"SearchAction\",\"target\":{\"@type\":\"EntryPoint\",\"urlTemplate\":\"https:\\\/\\\/memurunsesi.net\\\/?s={search_term_string}\"},\"query-input\":{\"@type\":\"PropertyValueSpecification\",\"valueRequired\":true,\"valueName\":\"search_term_string\"}}],\"inLanguage\":\"tr\"},{\"@type\":\"Organization\",\"@id\":\"https:\\\/\\\/memurunsesi.net\\\/#organization\",\"name\":\"Memurun Sesi\",\"url\":\"https:\\\/\\\/memurunsesi.net\\\/\",\"logo\":{\"@type\":\"ImageObject\",\"inLanguage\":\"tr\",\"@id\":\"https:\\\/\\\/memurunsesi.net\\\/#\\\/schema\\\/logo\\\/image\\\/\",\"url\":\"https:\\\/\\\/memurunsesi.net\\\/wp-content\\\/uploads\\\/2025\\\/11\\\/cropped-MEMURUN-SESI.png\",\"contentUrl\":\"https:\\\/\\\/memurunsesi.net\\\/wp-content\\\/uploads\\\/2025\\\/11\\\/cropped-MEMURUN-SESI.png\",\"width\":238,\"height\":57,\"caption\":\"Memurun Sesi\"},\"image\":{\"@id\":\"https:\\\/\\\/memurunsesi.net\\\/#\\\/schema\\\/logo\\\/image\\\/\"},\"sameAs\":[\"https:\\\/\\\/www.facebook.com\\\/unipersen\\\/?locale=tr_TR\",\"https:\\\/\\\/x.com\\\/unipersen\"]},{\"@type\":\"Person\",\"@id\":\"https:\\\/\\\/memurunsesi.net\\\/#\\\/schema\\\/person\\\/f21c2d73b89f6ee1d80b0a1803e38587\",\"name\":\"Memurun Sesi Haber Merkezi\",\"image\":{\"@type\":\"ImageObject\",\"inLanguage\":\"tr\",\"@id\":\"https:\\\/\\\/secure.gravatar.com\\\/avatar\\\/6cf0505f452ee753f485014986fab09a434671d2b919ee76fc541025c5876a70?s=96&d=mm&r=g\",\"url\":\"https:\\\/\\\/secure.gravatar.com\\\/avatar\\\/6cf0505f452ee753f485014986fab09a434671d2b919ee76fc541025c5876a70?s=96&d=mm&r=g\",\"contentUrl\":\"https:\\\/\\\/secure.gravatar.com\\\/avatar\\\/6cf0505f452ee753f485014986fab09a434671d2b919ee76fc541025c5876a70?s=96&d=mm&r=g\",\"caption\":\"Memurun Sesi Haber Merkezi\"},\"sameAs\":[\"https:\\\/\\\/memurunsesi.net\"],\"url\":\"https:\\\/\\\/memurunsesi.net\\\/index.php\\\/author\\\/uniper\\\/\"}]}<\/script>\n<!-- \/ Yoast SEO plugin. -->","yoast_head_json":{"title":"\u00c7orum\u2019da \u00fc\u00e7 arac\u0131n kar\u0131\u015ft\u0131\u011f\u0131 zincirleme kazada 1\u2019i \u00e7ocuk 8 ki\u015fi yaraland\u0131 - Memurun Sesi","robots":{"index":"index","follow":"follow","max-snippet":"max-snippet:-1","max-image-preview":"max-image-preview:large","max-video-preview":"max-video-preview:-1"},"canonical":"https:\/\/memurunsesi.net\/index.php\/2025\/07\/27\/corumda-uc-aracin-karistigi-zincirleme-kazada-1i-cocuk-8-kisi-yaralandi\/","og_locale":"tr_TR","og_type":"article","og_title":"\u00c7orum\u2019da \u00fc\u00e7 arac\u0131n kar\u0131\u015ft\u0131\u011f\u0131 zincirleme kazada 1\u2019i \u00e7ocuk 8 ki\u015fi yaraland\u0131 - Memurun Sesi","og_description":"\u00c7orum&#8217;un Sungurlu il\u00e7esinde \u00fc\u00e7 arac\u0131n kar\u0131\u015ft\u0131\u011f\u0131 zincirleme trafik kazas\u0131nda 1&#8217;i \u00e7ocuk 8 ki\u015fi yaraland\u0131. Kaza, \u00c7orum\u2019un Sungurlu il\u00e7esine ba\u011fl\u0131 Ta\u015fk\u00f6pr\u00fc kav\u015fa\u011f\u0131nda meydana geldi. Edinilen bilgiye g\u00f6re, R.A. idaresindeki 34 BAF 711 plakal\u0131 otomobil ile E.K. y\u00f6netimindeki 53 BB 380 plakal\u0131 otomobil ve \u0130.A. idaresindeki 19 HD 234 plakal\u0131 otomobil, Ta\u015fk\u00f6pr\u00fc kav\u015fa\u011f\u0131nda birbirine \u00e7arparak durabildi. \u00c7arpman\u0131n [&hellip;]","og_url":"https:\/\/memurunsesi.net\/index.php\/2025\/07\/27\/corumda-uc-aracin-karistigi-zincirleme-kazada-1i-cocuk-8-kisi-yaralandi\/","og_site_name":"Memurun Sesi","article_publisher":"https:\/\/www.facebook.com\/unipersen\/?locale=tr_TR","article_published_time":"2025-07-27T10:07:21+00:00","og_image":[{"width":1600,"height":1200,"url":"https:\/\/memurunsesi.net\/wp-content\/uploads\/2025\/07\/AW505405_01.jpg","type":"image\/jpeg"}],"author":"Memurun Sesi Haber Merkezi","twitter_card":"summary_large_image","twitter_creator":"@unipersen","twitter_site":"@unipersen","twitter_misc":{"Yazan:":"Memurun Sesi Haber Merkezi","Tahmini okuma s\u00fcresi":"1 dakika"},"schema":{"@context":"https:\/\/schema.org","@graph":[{"@type":"Article","@id":"https:\/\/memurunsesi.net\/index.php\/2025\/07\/27\/corumda-uc-aracin-karistigi-zincirleme-kazada-1i-cocuk-8-kisi-yaralandi\/#article","isPartOf":{"@id":"https:\/\/memurunsesi.net\/index.php\/2025\/07\/27\/corumda-uc-aracin-karistigi-zincirleme-kazada-1i-cocuk-8-kisi-yaralandi\/"},"author":{"name":"Memurun Sesi Haber Merkezi","@id":"https:\/\/memurunsesi.net\/#\/schema\/person\/f21c2d73b89f6ee1d80b0a1803e38587"},"headline":"\u00c7orum\u2019da \u00fc\u00e7 arac\u0131n kar\u0131\u015ft\u0131\u011f\u0131 zincirleme kazada 1\u2019i \u00e7ocuk 8 ki\u015fi yaraland\u0131","datePublished":"2025-07-27T10:07:21+00:00","mainEntityOfPage":{"@id":"https:\/\/memurunsesi.net\/index.php\/2025\/07\/27\/corumda-uc-aracin-karistigi-zincirleme-kazada-1i-cocuk-8-kisi-yaralandi\/"},"wordCount":165,"commentCount":0,"publisher":{"@id":"https:\/\/memurunsesi.net\/#organization"},"image":{"@id":"https:\/\/memurunsesi.net\/index.php\/2025\/07\/27\/corumda-uc-aracin-karistigi-zincirleme-kazada-1i-cocuk-8-kisi-yaralandi\/#primaryimage"},"thumbnailUrl":"https:\/\/memurunsesi.net\/wp-content\/uploads\/2025\/07\/AW505405_01.jpg","inLanguage":"tr","potentialAction":[{"@type":"CommentAction","name":"Comment","target":["https:\/\/memurunsesi.net\/index.php\/2025\/07\/27\/corumda-uc-aracin-karistigi-zincirleme-kazada-1i-cocuk-8-kisi-yaralandi\/#respond"]}]},{"@type":"WebPage","@id":"https:\/\/memurunsesi.net\/index.php\/2025\/07\/27\/corumda-uc-aracin-karistigi-zincirleme-kazada-1i-cocuk-8-kisi-yaralandi\/","url":"https:\/\/memurunsesi.net\/index.php\/2025\/07\/27\/corumda-uc-aracin-karistigi-zincirleme-kazada-1i-cocuk-8-kisi-yaralandi\/","name":"\u00c7orum\u2019da \u00fc\u00e7 arac\u0131n kar\u0131\u015ft\u0131\u011f\u0131 zincirleme kazada 1\u2019i \u00e7ocuk 8 ki\u015fi yaraland\u0131 - Memurun Sesi","isPartOf":{"@id":"https:\/\/memurunsesi.net\/#website"},"primaryImageOfPage":{"@id":"https:\/\/memurunsesi.net\/index.php\/2025\/07\/27\/corumda-uc-aracin-karistigi-zincirleme-kazada-1i-cocuk-8-kisi-yaralandi\/#primaryimage"},"image":{"@id":"https:\/\/memurunsesi.net\/index.php\/2025\/07\/27\/corumda-uc-aracin-karistigi-zincirleme-kazada-1i-cocuk-8-kisi-yaralandi\/#primaryimage"},"thumbnailUrl":"https:\/\/memurunsesi.net\/wp-content\/uploads\/2025\/07\/AW505405_01.jpg","datePublished":"2025-07-27T10:07:21+00:00","breadcrumb":{"@id":"https:\/\/memurunsesi.net\/index.php\/2025\/07\/27\/corumda-uc-aracin-karistigi-zincirleme-kazada-1i-cocuk-8-kisi-yaralandi\/#breadcrumb"},"inLanguage":"tr","potentialAction":[{"@type":"ReadAction","target":["https:\/\/memurunsesi.net\/index.php\/2025\/07\/27\/corumda-uc-aracin-karistigi-zincirleme-kazada-1i-cocuk-8-kisi-yaralandi\/"]}]},{"@type":"ImageObject","inLanguage":"tr","@id":"https:\/\/memurunsesi.net\/index.php\/2025\/07\/27\/corumda-uc-aracin-karistigi-zincirleme-kazada-1i-cocuk-8-kisi-yaralandi\/#primaryimage","url":"https:\/\/memurunsesi.net\/wp-content\/uploads\/2025\/07\/AW505405_01.jpg","contentUrl":"https:\/\/memurunsesi.net\/wp-content\/uploads\/2025\/07\/AW505405_01.jpg","width":1600,"height":1200},{"@type":"BreadcrumbList","@id":"https:\/\/memurunsesi.net\/index.php\/2025\/07\/27\/corumda-uc-aracin-karistigi-zincirleme-kazada-1i-cocuk-8-kisi-yaralandi\/#breadcrumb","itemListElement":[{"@type":"ListItem","position":1,"name":"Anasayfa","item":"https:\/\/memurunsesi.net\/"},{"@type":"ListItem","position":2,"name":"\u00c7orum\u2019da \u00fc\u00e7 arac\u0131n kar\u0131\u015ft\u0131\u011f\u0131 zincirleme kazada 1\u2019i \u00e7ocuk 8 ki\u015fi yaraland\u0131"}]},{"@type":"WebSite","@id":"https:\/\/memurunsesi.net\/#website","url":"https:\/\/memurunsesi.net\/","name":"Memurun Sesi","description":"G\u00fcncel ve Do\u011fru Haber","publisher":{"@id":"https:\/\/memurunsesi.net\/#organization"},"potentialAction":[{"@type":"SearchAction","target":{"@type":"EntryPoint","urlTemplate":"https:\/\/memurunsesi.net\/?s={search_term_string}"},"query-input":{"@type":"PropertyValueSpecification","valueRequired":true,"valueName":"search_term_string"}}],"inLanguage":"tr"},{"@type":"Organization","@id":"https:\/\/memurunsesi.net\/#organization","name":"Memurun Sesi","url":"https:\/\/memurunsesi.net\/","logo":{"@type":"ImageObject","inLanguage":"tr","@id":"https:\/\/memurunsesi.net\/#\/schema\/logo\/image\/","url":"https:\/\/memurunsesi.net\/wp-content\/uploads\/2025\/11\/cropped-MEMURUN-SESI.png","contentUrl":"https:\/\/memurunsesi.net\/wp-content\/uploads\/2025\/11\/cropped-MEMURUN-SESI.png","width":238,"height":57,"caption":"Memurun Sesi"},"image":{"@id":"https:\/\/memurunsesi.net\/#\/schema\/logo\/image\/"},"sameAs":["https:\/\/www.facebook.com\/unipersen\/?locale=tr_TR","https:\/\/x.com\/unipersen"]},{"@type":"Person","@id":"https:\/\/memurunsesi.net\/#\/schema\/person\/f21c2d73b89f6ee1d80b0a1803e38587","name":"Memurun Sesi Haber Merkezi","image":{"@type":"ImageObject","inLanguage":"tr","@id":"https:\/\/secure.gravatar.com\/avatar\/6cf0505f452ee753f485014986fab09a434671d2b919ee76fc541025c5876a70?s=96&d=mm&r=g","url":"https:\/\/secure.gravatar.com\/avatar\/6cf0505f452ee753f485014986fab09a434671d2b919ee76fc541025c5876a70?s=96&d=mm&r=g","contentUrl":"https:\/\/secure.gravatar.com\/avatar\/6cf0505f452ee753f485014986fab09a434671d2b919ee76fc541025c5876a70?s=96&d=mm&r=g","caption":"Memurun Sesi Haber Merkezi"},"sameAs":["https:\/\/memurunsesi.net"],"url":"https:\/\/memurunsesi.net\/index.php\/author\/uniper\/"}]}},"_links":{"self":[{"href":"https:\/\/memurunsesi.net\/index.php\/wp-json\/wp\/v2\/posts\/9737","targetHints":{"allow":["GET"]}}],"collection":[{"href":"https:\/\/memurunsesi.net\/index.php\/wp-json\/wp\/v2\/posts"}],"about":[{"href":"https:\/\/memurunsesi.net\/index.php\/wp-json\/wp\/v2\/types\/post"}],"author":[{"embeddable":true,"href":"https:\/\/memurunsesi.net\/index.php\/wp-json\/wp\/v2\/users\/1"}],"replies":[{"embeddable":true,"href":"https:\/\/memurunsesi.net\/index.php\/wp-json\/wp\/v2\/comments?post=9737"}],"version-history":[{"count":1,"href":"https:\/\/memurunsesi.net\/index.php\/wp-json\/wp\/v2\/posts\/9737\/revisions"}],"predecessor-version":[{"id":9739,"href":"https:\/\/memurunsesi.net\/index.php\/wp-json\/wp\/v2\/posts\/9737\/revisions\/9739"}],"wp:featuredmedia":[{"embeddable":true,"href":"https:\/\/memurunsesi.net\/index.php\/wp-json\/wp\/v2\/media\/9738"}],"wp:attachment":[{"href":"https:\/\/memurunsesi.net\/index.php\/wp-json\/wp\/v2\/media?parent=9737"}],"wp:term":[{"taxonomy":"category","embeddable":true,"href":"https:\/\/memurunsesi.net\/index.php\/wp-json\/wp\/v2\/categories?post=9737"},{"taxonomy":"post_tag","embeddable":true,"href":"https:\/\/memurunsesi.net\/index.php\/wp-json\/wp\/v2\/tags?post=9737"}],"curies":[{"name":"wp","href":"https:\/\/api.w.org\/{rel}","templated":true}]}}