{"id":9740,"date":"2025-07-27T13:10:36","date_gmt":"2025-07-27T10:10:36","guid":{"rendered":"https:\/\/memurunsesi.net\/?p=9740"},"modified":"2025-07-27T13:12:07","modified_gmt":"2025-07-27T10:12:07","slug":"kastamonuda-ormanlik-alanda-cikan-yangin-buyumeden-sonduruldu","status":"publish","type":"post","link":"https:\/\/memurunsesi.net\/index.php\/2025\/07\/27\/kastamonuda-ormanlik-alanda-cikan-yangin-buyumeden-sonduruldu\/","title":{"rendered":"Kastamonu\u2019da ormanl\u0131k alanda \u00e7\u0131kan yang\u0131n b\u00fcy\u00fcmeden s\u00f6nd\u00fcr\u00fcld\u00fc"},"content":{"rendered":"<p>   Kastamonu\u2019nun P\u0131narba\u015f\u0131 il\u00e7esinde ormanl\u0131k alanda \u00e7\u0131kan yang\u0131n ekiplerin k\u0131sa s\u00fcrede m\u00fcdahalesiyle b\u00fcy\u00fcmeden s\u00f6nd\u00fcr\u00fcld\u00fc.<br \/>\nEdinilen bilgiye g\u00f6re, P\u0131narba\u015f\u0131 il\u00e7esine ba\u011fl\u0131 \u00c7alkaya Mahallesinden ge\u00e7en Zar\u0131 \u00c7ay\u0131 kenar\u0131nda bilinmeyen sebeplen yang\u0131n \u00e7\u0131kt\u0131. \u00c7\u0131kan yang\u0131n\u0131 \u00e7evredeki vatanda\u015flar\u0131n fark etmesi \u00fczerine olay yerine itfaiye ekipleri ile orman i\u015fletme m\u00fcd\u00fcrl\u00fc\u011f\u00fc ekipleri sevk edildi. Ekiplerin k\u0131sa s\u00fcrede yang\u0131na m\u00fcdahalesi sonucu yang\u0131n, kontrol alt\u0131na al\u0131narak b\u00fcy\u00fcmeden s\u00f6nd\u00fcr\u00fcld\u00fc. <\/p>\n<p>27.07.2025                                  <\/p>\n","protected":false},"excerpt":{"rendered":"<p>Kastamonu\u2019nun P\u0131narba\u015f\u0131 il\u00e7esinde ormanl\u0131k alanda \u00e7\u0131kan yang\u0131n ekiplerin k\u0131sa s\u00fcrede m\u00fcdahalesiyle b\u00fcy\u00fcmeden s\u00f6nd\u00fcr\u00fcld\u00fc. Edinilen bilgiye g\u00f6re, P\u0131narba\u015f\u0131 il\u00e7esine ba\u011fl\u0131 \u00c7alkaya Mahallesinden ge\u00e7en Zar\u0131 \u00c7ay\u0131 kenar\u0131nda bilinmeyen sebeplen yang\u0131n \u00e7\u0131kt\u0131. \u00c7\u0131kan yang\u0131n\u0131 \u00e7evredeki vatanda\u015flar\u0131n fark etmesi \u00fczerine olay yerine itfaiye ekipleri ile orman i\u015fletme m\u00fcd\u00fcrl\u00fc\u011f\u00fc ekipleri sevk edildi. Ekiplerin k\u0131sa s\u00fcrede yang\u0131na m\u00fcdahalesi sonucu yang\u0131n, kontrol [&hellip;]<\/p>\n","protected":false},"author":1,"featured_media":0,"comment_status":"open","ping_status":"open","sticky":false,"template":"","format":"standard","meta":{"footnotes":""},"categories":[1],"tags":[],"class_list":["post-9740","post","type-post","status-publish","format-standard","hentry","category-genel"],"yoast_head":"<!-- This site is optimized with the Yoast SEO plugin v27.4 - https:\/\/yoast.com\/product\/yoast-seo-wordpress\/ -->\n<title>Kastamonu\u2019da ormanl\u0131k alanda \u00e7\u0131kan yang\u0131n b\u00fcy\u00fcmeden s\u00f6nd\u00fcr\u00fcld\u00fc - Memurun Sesi<\/title>\n<meta name=\"robots\" content=\"index, follow, max-snippet:-1, max-image-preview:large, max-video-preview:-1\" \/>\n<link rel=\"canonical\" href=\"https:\/\/memurunsesi.net\/index.php\/2025\/07\/27\/kastamonuda-ormanlik-alanda-cikan-yangin-buyumeden-sonduruldu\/\" \/>\n<meta property=\"og:locale\" content=\"tr_TR\" \/>\n<meta property=\"og:type\" content=\"article\" \/>\n<meta property=\"og:title\" content=\"Kastamonu\u2019da ormanl\u0131k alanda \u00e7\u0131kan yang\u0131n b\u00fcy\u00fcmeden s\u00f6nd\u00fcr\u00fcld\u00fc - Memurun Sesi\" \/>\n<meta property=\"og:description\" content=\"Kastamonu\u2019nun P\u0131narba\u015f\u0131 il\u00e7esinde ormanl\u0131k alanda \u00e7\u0131kan yang\u0131n ekiplerin k\u0131sa s\u00fcrede m\u00fcdahalesiyle b\u00fcy\u00fcmeden s\u00f6nd\u00fcr\u00fcld\u00fc. Edinilen bilgiye g\u00f6re, P\u0131narba\u015f\u0131 il\u00e7esine ba\u011fl\u0131 \u00c7alkaya Mahallesinden ge\u00e7en Zar\u0131 \u00c7ay\u0131 kenar\u0131nda bilinmeyen sebeplen yang\u0131n \u00e7\u0131kt\u0131. \u00c7\u0131kan yang\u0131n\u0131 \u00e7evredeki vatanda\u015flar\u0131n fark etmesi \u00fczerine olay yerine itfaiye ekipleri ile orman i\u015fletme m\u00fcd\u00fcrl\u00fc\u011f\u00fc ekipleri sevk edildi. Ekiplerin k\u0131sa s\u00fcrede yang\u0131na m\u00fcdahalesi sonucu yang\u0131n, kontrol [&hellip;]\" \/>\n<meta property=\"og:url\" content=\"https:\/\/memurunsesi.net\/index.php\/2025\/07\/27\/kastamonuda-ormanlik-alanda-cikan-yangin-buyumeden-sonduruldu\/\" \/>\n<meta property=\"og:site_name\" content=\"Memurun Sesi\" \/>\n<meta property=\"article:publisher\" content=\"https:\/\/www.facebook.com\/unipersen\/?locale=tr_TR\" \/>\n<meta property=\"article:published_time\" content=\"2025-07-27T10:10:36+00:00\" \/>\n<meta property=\"article:modified_time\" content=\"2025-07-27T10:12:07+00:00\" \/>\n<meta name=\"author\" content=\"Memurun Sesi Haber Merkezi\" \/>\n<meta name=\"twitter:card\" content=\"summary_large_image\" \/>\n<meta name=\"twitter:creator\" content=\"@unipersen\" \/>\n<meta name=\"twitter:site\" content=\"@unipersen\" \/>\n<meta name=\"twitter:label1\" content=\"Yazan:\" \/>\n\t<meta name=\"twitter:data1\" content=\"Memurun Sesi Haber Merkezi\" \/>\n\t<meta name=\"twitter:label2\" content=\"Tahmini okuma s\u00fcresi\" \/>\n\t<meta name=\"twitter:data2\" content=\"1 dakika\" \/>\n<script type=\"application\/ld+json\" class=\"yoast-schema-graph\">{\"@context\":\"https:\\\/\\\/schema.org\",\"@graph\":[{\"@type\":\"Article\",\"@id\":\"https:\\\/\\\/memurunsesi.net\\\/index.php\\\/2025\\\/07\\\/27\\\/kastamonuda-ormanlik-alanda-cikan-yangin-buyumeden-sonduruldu\\\/#article\",\"isPartOf\":{\"@id\":\"https:\\\/\\\/memurunsesi.net\\\/index.php\\\/2025\\\/07\\\/27\\\/kastamonuda-ormanlik-alanda-cikan-yangin-buyumeden-sonduruldu\\\/\"},\"author\":{\"name\":\"Memurun Sesi Haber Merkezi\",\"@id\":\"https:\\\/\\\/memurunsesi.net\\\/#\\\/schema\\\/person\\\/f21c2d73b89f6ee1d80b0a1803e38587\"},\"headline\":\"Kastamonu\u2019da ormanl\u0131k alanda \u00e7\u0131kan yang\u0131n b\u00fcy\u00fcmeden s\u00f6nd\u00fcr\u00fcld\u00fc\",\"datePublished\":\"2025-07-27T10:10:36+00:00\",\"dateModified\":\"2025-07-27T10:12:07+00:00\",\"mainEntityOfPage\":{\"@id\":\"https:\\\/\\\/memurunsesi.net\\\/index.php\\\/2025\\\/07\\\/27\\\/kastamonuda-ormanlik-alanda-cikan-yangin-buyumeden-sonduruldu\\\/\"},\"wordCount\":112,\"commentCount\":0,\"publisher\":{\"@id\":\"https:\\\/\\\/memurunsesi.net\\\/#organization\"},\"inLanguage\":\"tr\",\"potentialAction\":[{\"@type\":\"CommentAction\",\"name\":\"Comment\",\"target\":[\"https:\\\/\\\/memurunsesi.net\\\/index.php\\\/2025\\\/07\\\/27\\\/kastamonuda-ormanlik-alanda-cikan-yangin-buyumeden-sonduruldu\\\/#respond\"]}]},{\"@type\":\"WebPage\",\"@id\":\"https:\\\/\\\/memurunsesi.net\\\/index.php\\\/2025\\\/07\\\/27\\\/kastamonuda-ormanlik-alanda-cikan-yangin-buyumeden-sonduruldu\\\/\",\"url\":\"https:\\\/\\\/memurunsesi.net\\\/index.php\\\/2025\\\/07\\\/27\\\/kastamonuda-ormanlik-alanda-cikan-yangin-buyumeden-sonduruldu\\\/\",\"name\":\"Kastamonu\u2019da ormanl\u0131k alanda \u00e7\u0131kan yang\u0131n b\u00fcy\u00fcmeden s\u00f6nd\u00fcr\u00fcld\u00fc - Memurun Sesi\",\"isPartOf\":{\"@id\":\"https:\\\/\\\/memurunsesi.net\\\/#website\"},\"datePublished\":\"2025-07-27T10:10:36+00:00\",\"dateModified\":\"2025-07-27T10:12:07+00:00\",\"breadcrumb\":{\"@id\":\"https:\\\/\\\/memurunsesi.net\\\/index.php\\\/2025\\\/07\\\/27\\\/kastamonuda-ormanlik-alanda-cikan-yangin-buyumeden-sonduruldu\\\/#breadcrumb\"},\"inLanguage\":\"tr\",\"potentialAction\":[{\"@type\":\"ReadAction\",\"target\":[\"https:\\\/\\\/memurunsesi.net\\\/index.php\\\/2025\\\/07\\\/27\\\/kastamonuda-ormanlik-alanda-cikan-yangin-buyumeden-sonduruldu\\\/\"]}]},{\"@type\":\"BreadcrumbList\",\"@id\":\"https:\\\/\\\/memurunsesi.net\\\/index.php\\\/2025\\\/07\\\/27\\\/kastamonuda-ormanlik-alanda-cikan-yangin-buyumeden-sonduruldu\\\/#breadcrumb\",\"itemListElement\":[{\"@type\":\"ListItem\",\"position\":1,\"name\":\"Anasayfa\",\"item\":\"https:\\\/\\\/memurunsesi.net\\\/\"},{\"@type\":\"ListItem\",\"position\":2,\"name\":\"Kastamonu\u2019da ormanl\u0131k alanda \u00e7\u0131kan yang\u0131n b\u00fcy\u00fcmeden s\u00f6nd\u00fcr\u00fcld\u00fc\"}]},{\"@type\":\"WebSite\",\"@id\":\"https:\\\/\\\/memurunsesi.net\\\/#website\",\"url\":\"https:\\\/\\\/memurunsesi.net\\\/\",\"name\":\"Memurun Sesi\",\"description\":\"G\u00fcncel ve Do\u011fru Haber\",\"publisher\":{\"@id\":\"https:\\\/\\\/memurunsesi.net\\\/#organization\"},\"potentialAction\":[{\"@type\":\"SearchAction\",\"target\":{\"@type\":\"EntryPoint\",\"urlTemplate\":\"https:\\\/\\\/memurunsesi.net\\\/?s={search_term_string}\"},\"query-input\":{\"@type\":\"PropertyValueSpecification\",\"valueRequired\":true,\"valueName\":\"search_term_string\"}}],\"inLanguage\":\"tr\"},{\"@type\":\"Organization\",\"@id\":\"https:\\\/\\\/memurunsesi.net\\\/#organization\",\"name\":\"Memurun Sesi\",\"url\":\"https:\\\/\\\/memurunsesi.net\\\/\",\"logo\":{\"@type\":\"ImageObject\",\"inLanguage\":\"tr\",\"@id\":\"https:\\\/\\\/memurunsesi.net\\\/#\\\/schema\\\/logo\\\/image\\\/\",\"url\":\"https:\\\/\\\/memurunsesi.net\\\/wp-content\\\/uploads\\\/2025\\\/11\\\/cropped-MEMURUN-SESI.png\",\"contentUrl\":\"https:\\\/\\\/memurunsesi.net\\\/wp-content\\\/uploads\\\/2025\\\/11\\\/cropped-MEMURUN-SESI.png\",\"width\":238,\"height\":57,\"caption\":\"Memurun Sesi\"},\"image\":{\"@id\":\"https:\\\/\\\/memurunsesi.net\\\/#\\\/schema\\\/logo\\\/image\\\/\"},\"sameAs\":[\"https:\\\/\\\/www.facebook.com\\\/unipersen\\\/?locale=tr_TR\",\"https:\\\/\\\/x.com\\\/unipersen\"]},{\"@type\":\"Person\",\"@id\":\"https:\\\/\\\/memurunsesi.net\\\/#\\\/schema\\\/person\\\/f21c2d73b89f6ee1d80b0a1803e38587\",\"name\":\"Memurun Sesi Haber Merkezi\",\"image\":{\"@type\":\"ImageObject\",\"inLanguage\":\"tr\",\"@id\":\"https:\\\/\\\/secure.gravatar.com\\\/avatar\\\/6cf0505f452ee753f485014986fab09a434671d2b919ee76fc541025c5876a70?s=96&d=mm&r=g\",\"url\":\"https:\\\/\\\/secure.gravatar.com\\\/avatar\\\/6cf0505f452ee753f485014986fab09a434671d2b919ee76fc541025c5876a70?s=96&d=mm&r=g\",\"contentUrl\":\"https:\\\/\\\/secure.gravatar.com\\\/avatar\\\/6cf0505f452ee753f485014986fab09a434671d2b919ee76fc541025c5876a70?s=96&d=mm&r=g\",\"caption\":\"Memurun Sesi Haber Merkezi\"},\"sameAs\":[\"https:\\\/\\\/memurunsesi.net\"],\"url\":\"https:\\\/\\\/memurunsesi.net\\\/index.php\\\/author\\\/uniper\\\/\"}]}<\/script>\n<!-- \/ Yoast SEO plugin. -->","yoast_head_json":{"title":"Kastamonu\u2019da ormanl\u0131k alanda \u00e7\u0131kan yang\u0131n b\u00fcy\u00fcmeden s\u00f6nd\u00fcr\u00fcld\u00fc - Memurun Sesi","robots":{"index":"index","follow":"follow","max-snippet":"max-snippet:-1","max-image-preview":"max-image-preview:large","max-video-preview":"max-video-preview:-1"},"canonical":"https:\/\/memurunsesi.net\/index.php\/2025\/07\/27\/kastamonuda-ormanlik-alanda-cikan-yangin-buyumeden-sonduruldu\/","og_locale":"tr_TR","og_type":"article","og_title":"Kastamonu\u2019da ormanl\u0131k alanda \u00e7\u0131kan yang\u0131n b\u00fcy\u00fcmeden s\u00f6nd\u00fcr\u00fcld\u00fc - Memurun Sesi","og_description":"Kastamonu\u2019nun P\u0131narba\u015f\u0131 il\u00e7esinde ormanl\u0131k alanda \u00e7\u0131kan yang\u0131n ekiplerin k\u0131sa s\u00fcrede m\u00fcdahalesiyle b\u00fcy\u00fcmeden s\u00f6nd\u00fcr\u00fcld\u00fc. Edinilen bilgiye g\u00f6re, P\u0131narba\u015f\u0131 il\u00e7esine ba\u011fl\u0131 \u00c7alkaya Mahallesinden ge\u00e7en Zar\u0131 \u00c7ay\u0131 kenar\u0131nda bilinmeyen sebeplen yang\u0131n \u00e7\u0131kt\u0131. \u00c7\u0131kan yang\u0131n\u0131 \u00e7evredeki vatanda\u015flar\u0131n fark etmesi \u00fczerine olay yerine itfaiye ekipleri ile orman i\u015fletme m\u00fcd\u00fcrl\u00fc\u011f\u00fc ekipleri sevk edildi. Ekiplerin k\u0131sa s\u00fcrede yang\u0131na m\u00fcdahalesi sonucu yang\u0131n, kontrol [&hellip;]","og_url":"https:\/\/memurunsesi.net\/index.php\/2025\/07\/27\/kastamonuda-ormanlik-alanda-cikan-yangin-buyumeden-sonduruldu\/","og_site_name":"Memurun Sesi","article_publisher":"https:\/\/www.facebook.com\/unipersen\/?locale=tr_TR","article_published_time":"2025-07-27T10:10:36+00:00","article_modified_time":"2025-07-27T10:12:07+00:00","author":"Memurun Sesi Haber Merkezi","twitter_card":"summary_large_image","twitter_creator":"@unipersen","twitter_site":"@unipersen","twitter_misc":{"Yazan:":"Memurun Sesi Haber Merkezi","Tahmini okuma s\u00fcresi":"1 dakika"},"schema":{"@context":"https:\/\/schema.org","@graph":[{"@type":"Article","@id":"https:\/\/memurunsesi.net\/index.php\/2025\/07\/27\/kastamonuda-ormanlik-alanda-cikan-yangin-buyumeden-sonduruldu\/#article","isPartOf":{"@id":"https:\/\/memurunsesi.net\/index.php\/2025\/07\/27\/kastamonuda-ormanlik-alanda-cikan-yangin-buyumeden-sonduruldu\/"},"author":{"name":"Memurun Sesi Haber Merkezi","@id":"https:\/\/memurunsesi.net\/#\/schema\/person\/f21c2d73b89f6ee1d80b0a1803e38587"},"headline":"Kastamonu\u2019da ormanl\u0131k alanda \u00e7\u0131kan yang\u0131n b\u00fcy\u00fcmeden s\u00f6nd\u00fcr\u00fcld\u00fc","datePublished":"2025-07-27T10:10:36+00:00","dateModified":"2025-07-27T10:12:07+00:00","mainEntityOfPage":{"@id":"https:\/\/memurunsesi.net\/index.php\/2025\/07\/27\/kastamonuda-ormanlik-alanda-cikan-yangin-buyumeden-sonduruldu\/"},"wordCount":112,"commentCount":0,"publisher":{"@id":"https:\/\/memurunsesi.net\/#organization"},"inLanguage":"tr","potentialAction":[{"@type":"CommentAction","name":"Comment","target":["https:\/\/memurunsesi.net\/index.php\/2025\/07\/27\/kastamonuda-ormanlik-alanda-cikan-yangin-buyumeden-sonduruldu\/#respond"]}]},{"@type":"WebPage","@id":"https:\/\/memurunsesi.net\/index.php\/2025\/07\/27\/kastamonuda-ormanlik-alanda-cikan-yangin-buyumeden-sonduruldu\/","url":"https:\/\/memurunsesi.net\/index.php\/2025\/07\/27\/kastamonuda-ormanlik-alanda-cikan-yangin-buyumeden-sonduruldu\/","name":"Kastamonu\u2019da ormanl\u0131k alanda \u00e7\u0131kan yang\u0131n b\u00fcy\u00fcmeden s\u00f6nd\u00fcr\u00fcld\u00fc - Memurun Sesi","isPartOf":{"@id":"https:\/\/memurunsesi.net\/#website"},"datePublished":"2025-07-27T10:10:36+00:00","dateModified":"2025-07-27T10:12:07+00:00","breadcrumb":{"@id":"https:\/\/memurunsesi.net\/index.php\/2025\/07\/27\/kastamonuda-ormanlik-alanda-cikan-yangin-buyumeden-sonduruldu\/#breadcrumb"},"inLanguage":"tr","potentialAction":[{"@type":"ReadAction","target":["https:\/\/memurunsesi.net\/index.php\/2025\/07\/27\/kastamonuda-ormanlik-alanda-cikan-yangin-buyumeden-sonduruldu\/"]}]},{"@type":"BreadcrumbList","@id":"https:\/\/memurunsesi.net\/index.php\/2025\/07\/27\/kastamonuda-ormanlik-alanda-cikan-yangin-buyumeden-sonduruldu\/#breadcrumb","itemListElement":[{"@type":"ListItem","position":1,"name":"Anasayfa","item":"https:\/\/memurunsesi.net\/"},{"@type":"ListItem","position":2,"name":"Kastamonu\u2019da ormanl\u0131k alanda \u00e7\u0131kan yang\u0131n b\u00fcy\u00fcmeden s\u00f6nd\u00fcr\u00fcld\u00fc"}]},{"@type":"WebSite","@id":"https:\/\/memurunsesi.net\/#website","url":"https:\/\/memurunsesi.net\/","name":"Memurun Sesi","description":"G\u00fcncel ve Do\u011fru Haber","publisher":{"@id":"https:\/\/memurunsesi.net\/#organization"},"potentialAction":[{"@type":"SearchAction","target":{"@type":"EntryPoint","urlTemplate":"https:\/\/memurunsesi.net\/?s={search_term_string}"},"query-input":{"@type":"PropertyValueSpecification","valueRequired":true,"valueName":"search_term_string"}}],"inLanguage":"tr"},{"@type":"Organization","@id":"https:\/\/memurunsesi.net\/#organization","name":"Memurun Sesi","url":"https:\/\/memurunsesi.net\/","logo":{"@type":"ImageObject","inLanguage":"tr","@id":"https:\/\/memurunsesi.net\/#\/schema\/logo\/image\/","url":"https:\/\/memurunsesi.net\/wp-content\/uploads\/2025\/11\/cropped-MEMURUN-SESI.png","contentUrl":"https:\/\/memurunsesi.net\/wp-content\/uploads\/2025\/11\/cropped-MEMURUN-SESI.png","width":238,"height":57,"caption":"Memurun Sesi"},"image":{"@id":"https:\/\/memurunsesi.net\/#\/schema\/logo\/image\/"},"sameAs":["https:\/\/www.facebook.com\/unipersen\/?locale=tr_TR","https:\/\/x.com\/unipersen"]},{"@type":"Person","@id":"https:\/\/memurunsesi.net\/#\/schema\/person\/f21c2d73b89f6ee1d80b0a1803e38587","name":"Memurun Sesi Haber Merkezi","image":{"@type":"ImageObject","inLanguage":"tr","@id":"https:\/\/secure.gravatar.com\/avatar\/6cf0505f452ee753f485014986fab09a434671d2b919ee76fc541025c5876a70?s=96&d=mm&r=g","url":"https:\/\/secure.gravatar.com\/avatar\/6cf0505f452ee753f485014986fab09a434671d2b919ee76fc541025c5876a70?s=96&d=mm&r=g","contentUrl":"https:\/\/secure.gravatar.com\/avatar\/6cf0505f452ee753f485014986fab09a434671d2b919ee76fc541025c5876a70?s=96&d=mm&r=g","caption":"Memurun Sesi Haber Merkezi"},"sameAs":["https:\/\/memurunsesi.net"],"url":"https:\/\/memurunsesi.net\/index.php\/author\/uniper\/"}]}},"_links":{"self":[{"href":"https:\/\/memurunsesi.net\/index.php\/wp-json\/wp\/v2\/posts\/9740","targetHints":{"allow":["GET"]}}],"collection":[{"href":"https:\/\/memurunsesi.net\/index.php\/wp-json\/wp\/v2\/posts"}],"about":[{"href":"https:\/\/memurunsesi.net\/index.php\/wp-json\/wp\/v2\/types\/post"}],"author":[{"embeddable":true,"href":"https:\/\/memurunsesi.net\/index.php\/wp-json\/wp\/v2\/users\/1"}],"replies":[{"embeddable":true,"href":"https:\/\/memurunsesi.net\/index.php\/wp-json\/wp\/v2\/comments?post=9740"}],"version-history":[{"count":1,"href":"https:\/\/memurunsesi.net\/index.php\/wp-json\/wp\/v2\/posts\/9740\/revisions"}],"predecessor-version":[{"id":9743,"href":"https:\/\/memurunsesi.net\/index.php\/wp-json\/wp\/v2\/posts\/9740\/revisions\/9743"}],"wp:attachment":[{"href":"https:\/\/memurunsesi.net\/index.php\/wp-json\/wp\/v2\/media?parent=9740"}],"wp:term":[{"taxonomy":"category","embeddable":true,"href":"https:\/\/memurunsesi.net\/index.php\/wp-json\/wp\/v2\/categories?post=9740"},{"taxonomy":"post_tag","embeddable":true,"href":"https:\/\/memurunsesi.net\/index.php\/wp-json\/wp\/v2\/tags?post=9740"}],"curies":[{"name":"wp","href":"https:\/\/api.w.org\/{rel}","templated":true}]}}