{"id":9744,"date":"2025-07-27T13:15:25","date_gmt":"2025-07-27T10:15:25","guid":{"rendered":"https:\/\/memurunsesi.net\/?p=9744"},"modified":"2025-07-27T13:16:03","modified_gmt":"2025-07-27T10:16:03","slug":"tekirdagda-uyusturucu-operasyonu-esrar-ve-kenevir-ele-gecirildi","status":"publish","type":"post","link":"https:\/\/memurunsesi.net\/index.php\/2025\/07\/27\/tekirdagda-uyusturucu-operasyonu-esrar-ve-kenevir-ele-gecirildi\/","title":{"rendered":"Tekirda\u011f&#8217;da uyu\u015fturucu operasyonu: Esrar ve kenevir ele ge\u00e7irildi"},"content":{"rendered":"<p> Tekirda\u011f \u00c7orlu&#8217;da gen\u00e7leri zehirlemeye y\u00f6nelik faaliyet g\u00f6sterdi\u011fi belirlenen sokak sat\u0131c\u0131lar\u0131na y\u00f6nelik ger\u00e7ekle\u015ftirilen operasyonda esrar ve kenevir ele ge\u00e7irildi, 2 ki\u015fi g\u00f6zalt\u0131na al\u0131nd\u0131.<br \/>\n  Tekirda\u011f \u0130l Emniyet M\u00fcd\u00fcrl\u00fc\u011f\u00fc Narkotik Su\u00e7larla M\u00fccadele \u015eube M\u00fcd\u00fcrl\u00fc\u011f\u00fc ekiplerince, \u00c7orlu il\u00e7esinin Muhittin, Re\u015fadiye ve T\u00fcrkg\u00fcc\u00fc mahallelerinde, yasa d\u0131\u015f\u0131 kenevir ekimi yapan \u015fah\u0131slara y\u00f6nelik operasyon d\u00fczenlendi. NARVAS ihbarlar\u0131 do\u011frultusunda ger\u00e7ekle\u015ftirilen \u00e7al\u0131\u015fmalarda 330 gram esrar maddesi, ekili vaziyette 2 k\u00f6k hint keneviri, 2 adet esrar \u00f6\u011f\u00fctme aparat\u0131 ve uyu\u015fturucu madde imalat\u0131nda kullan\u0131lan \u00e7ok say\u0131da malzeme ele ge\u00e7irildi.<br \/>\n  Operasyon kapsam\u0131nda g\u00f6zalt\u0131na al\u0131nan 2 \u015fah\u0131s hakk\u0131nda yasal i\u015flem ba\u015flat\u0131ld\u0131.<br \/>\n  Tekirda\u011f \u0130l Emniyet M\u00fcd\u00fcrl\u00fc\u011f\u00fc\u2019nden yap\u0131lan a\u00e7\u0131klamada, gen\u00e7leri zehirleyen sokak sat\u0131c\u0131lar\u0131na y\u00f6nelik operasyonlar\u0131n aral\u0131ks\u0131z s\u00fcrece\u011fi vurguland\u0131. <\/p>\n<p>27.07.2025                                 <\/p>\n","protected":false},"excerpt":{"rendered":"<p>Tekirda\u011f \u00c7orlu&#8217;da gen\u00e7leri zehirlemeye y\u00f6nelik faaliyet g\u00f6sterdi\u011fi belirlenen sokak sat\u0131c\u0131lar\u0131na y\u00f6nelik ger\u00e7ekle\u015ftirilen operasyonda esrar ve kenevir ele ge\u00e7irildi, 2 ki\u015fi g\u00f6zalt\u0131na al\u0131nd\u0131. Tekirda\u011f \u0130l Emniyet M\u00fcd\u00fcrl\u00fc\u011f\u00fc Narkotik Su\u00e7larla M\u00fccadele \u015eube M\u00fcd\u00fcrl\u00fc\u011f\u00fc ekiplerince, \u00c7orlu il\u00e7esinin Muhittin, Re\u015fadiye ve T\u00fcrkg\u00fcc\u00fc mahallelerinde, yasa d\u0131\u015f\u0131 kenevir ekimi yapan \u015fah\u0131slara y\u00f6nelik operasyon d\u00fczenlendi. NARVAS ihbarlar\u0131 do\u011frultusunda ger\u00e7ekle\u015ftirilen \u00e7al\u0131\u015fmalarda 330 gram [&hellip;]<\/p>\n","protected":false},"author":1,"featured_media":0,"comment_status":"closed","ping_status":"closed","sticky":false,"template":"","format":"standard","meta":{"footnotes":""},"categories":[1],"tags":[],"class_list":["post-9744","post","type-post","status-publish","format-standard","hentry","category-genel"],"yoast_head":"<!-- This site is optimized with the Yoast SEO plugin v27.4 - https:\/\/yoast.com\/product\/yoast-seo-wordpress\/ -->\n<title>Tekirda\u011f&#039;da uyu\u015fturucu operasyonu: Esrar ve kenevir ele ge\u00e7irildi - Memurun Sesi<\/title>\n<meta name=\"robots\" content=\"index, follow, max-snippet:-1, max-image-preview:large, max-video-preview:-1\" \/>\n<link rel=\"canonical\" href=\"https:\/\/memurunsesi.net\/index.php\/2025\/07\/27\/tekirdagda-uyusturucu-operasyonu-esrar-ve-kenevir-ele-gecirildi\/\" \/>\n<meta property=\"og:locale\" content=\"tr_TR\" \/>\n<meta property=\"og:type\" content=\"article\" \/>\n<meta property=\"og:title\" content=\"Tekirda\u011f&#039;da uyu\u015fturucu operasyonu: Esrar ve kenevir ele ge\u00e7irildi - Memurun Sesi\" \/>\n<meta property=\"og:description\" content=\"Tekirda\u011f \u00c7orlu&#8217;da gen\u00e7leri zehirlemeye y\u00f6nelik faaliyet g\u00f6sterdi\u011fi belirlenen sokak sat\u0131c\u0131lar\u0131na y\u00f6nelik ger\u00e7ekle\u015ftirilen operasyonda esrar ve kenevir ele ge\u00e7irildi, 2 ki\u015fi g\u00f6zalt\u0131na al\u0131nd\u0131. Tekirda\u011f \u0130l Emniyet M\u00fcd\u00fcrl\u00fc\u011f\u00fc Narkotik Su\u00e7larla M\u00fccadele \u015eube M\u00fcd\u00fcrl\u00fc\u011f\u00fc ekiplerince, \u00c7orlu il\u00e7esinin Muhittin, Re\u015fadiye ve T\u00fcrkg\u00fcc\u00fc mahallelerinde, yasa d\u0131\u015f\u0131 kenevir ekimi yapan \u015fah\u0131slara y\u00f6nelik operasyon d\u00fczenlendi. NARVAS ihbarlar\u0131 do\u011frultusunda ger\u00e7ekle\u015ftirilen \u00e7al\u0131\u015fmalarda 330 gram [&hellip;]\" \/>\n<meta property=\"og:url\" content=\"https:\/\/memurunsesi.net\/index.php\/2025\/07\/27\/tekirdagda-uyusturucu-operasyonu-esrar-ve-kenevir-ele-gecirildi\/\" \/>\n<meta property=\"og:site_name\" content=\"Memurun Sesi\" \/>\n<meta property=\"article:publisher\" content=\"https:\/\/www.facebook.com\/unipersen\/?locale=tr_TR\" \/>\n<meta property=\"article:published_time\" content=\"2025-07-27T10:15:25+00:00\" \/>\n<meta property=\"article:modified_time\" content=\"2025-07-27T10:16:03+00:00\" \/>\n<meta name=\"author\" content=\"Memurun Sesi Haber Merkezi\" \/>\n<meta name=\"twitter:card\" content=\"summary_large_image\" \/>\n<meta name=\"twitter:creator\" content=\"@unipersen\" \/>\n<meta name=\"twitter:site\" content=\"@unipersen\" \/>\n<meta name=\"twitter:label1\" content=\"Yazan:\" \/>\n\t<meta name=\"twitter:data1\" content=\"Memurun Sesi Haber Merkezi\" \/>\n\t<meta name=\"twitter:label2\" content=\"Tahmini okuma s\u00fcresi\" \/>\n\t<meta name=\"twitter:data2\" content=\"1 dakika\" \/>\n<script type=\"application\/ld+json\" class=\"yoast-schema-graph\">{\"@context\":\"https:\\\/\\\/schema.org\",\"@graph\":[{\"@type\":\"Article\",\"@id\":\"https:\\\/\\\/memurunsesi.net\\\/index.php\\\/2025\\\/07\\\/27\\\/tekirdagda-uyusturucu-operasyonu-esrar-ve-kenevir-ele-gecirildi\\\/#article\",\"isPartOf\":{\"@id\":\"https:\\\/\\\/memurunsesi.net\\\/index.php\\\/2025\\\/07\\\/27\\\/tekirdagda-uyusturucu-operasyonu-esrar-ve-kenevir-ele-gecirildi\\\/\"},\"author\":{\"name\":\"Memurun Sesi Haber Merkezi\",\"@id\":\"https:\\\/\\\/memurunsesi.net\\\/#\\\/schema\\\/person\\\/f21c2d73b89f6ee1d80b0a1803e38587\"},\"headline\":\"Tekirda\u011f&#8217;da uyu\u015fturucu operasyonu: Esrar ve kenevir ele ge\u00e7irildi\",\"datePublished\":\"2025-07-27T10:15:25+00:00\",\"dateModified\":\"2025-07-27T10:16:03+00:00\",\"mainEntityOfPage\":{\"@id\":\"https:\\\/\\\/memurunsesi.net\\\/index.php\\\/2025\\\/07\\\/27\\\/tekirdagda-uyusturucu-operasyonu-esrar-ve-kenevir-ele-gecirildi\\\/\"},\"wordCount\":172,\"publisher\":{\"@id\":\"https:\\\/\\\/memurunsesi.net\\\/#organization\"},\"inLanguage\":\"tr\"},{\"@type\":\"WebPage\",\"@id\":\"https:\\\/\\\/memurunsesi.net\\\/index.php\\\/2025\\\/07\\\/27\\\/tekirdagda-uyusturucu-operasyonu-esrar-ve-kenevir-ele-gecirildi\\\/\",\"url\":\"https:\\\/\\\/memurunsesi.net\\\/index.php\\\/2025\\\/07\\\/27\\\/tekirdagda-uyusturucu-operasyonu-esrar-ve-kenevir-ele-gecirildi\\\/\",\"name\":\"Tekirda\u011f'da uyu\u015fturucu operasyonu: Esrar ve kenevir ele ge\u00e7irildi - Memurun Sesi\",\"isPartOf\":{\"@id\":\"https:\\\/\\\/memurunsesi.net\\\/#website\"},\"datePublished\":\"2025-07-27T10:15:25+00:00\",\"dateModified\":\"2025-07-27T10:16:03+00:00\",\"breadcrumb\":{\"@id\":\"https:\\\/\\\/memurunsesi.net\\\/index.php\\\/2025\\\/07\\\/27\\\/tekirdagda-uyusturucu-operasyonu-esrar-ve-kenevir-ele-gecirildi\\\/#breadcrumb\"},\"inLanguage\":\"tr\",\"potentialAction\":[{\"@type\":\"ReadAction\",\"target\":[\"https:\\\/\\\/memurunsesi.net\\\/index.php\\\/2025\\\/07\\\/27\\\/tekirdagda-uyusturucu-operasyonu-esrar-ve-kenevir-ele-gecirildi\\\/\"]}]},{\"@type\":\"BreadcrumbList\",\"@id\":\"https:\\\/\\\/memurunsesi.net\\\/index.php\\\/2025\\\/07\\\/27\\\/tekirdagda-uyusturucu-operasyonu-esrar-ve-kenevir-ele-gecirildi\\\/#breadcrumb\",\"itemListElement\":[{\"@type\":\"ListItem\",\"position\":1,\"name\":\"Anasayfa\",\"item\":\"https:\\\/\\\/memurunsesi.net\\\/\"},{\"@type\":\"ListItem\",\"position\":2,\"name\":\"Tekirda\u011f&#8217;da uyu\u015fturucu operasyonu: Esrar ve kenevir ele ge\u00e7irildi\"}]},{\"@type\":\"WebSite\",\"@id\":\"https:\\\/\\\/memurunsesi.net\\\/#website\",\"url\":\"https:\\\/\\\/memurunsesi.net\\\/\",\"name\":\"Memurun Sesi\",\"description\":\"G\u00fcncel ve Do\u011fru Haber\",\"publisher\":{\"@id\":\"https:\\\/\\\/memurunsesi.net\\\/#organization\"},\"potentialAction\":[{\"@type\":\"SearchAction\",\"target\":{\"@type\":\"EntryPoint\",\"urlTemplate\":\"https:\\\/\\\/memurunsesi.net\\\/?s={search_term_string}\"},\"query-input\":{\"@type\":\"PropertyValueSpecification\",\"valueRequired\":true,\"valueName\":\"search_term_string\"}}],\"inLanguage\":\"tr\"},{\"@type\":\"Organization\",\"@id\":\"https:\\\/\\\/memurunsesi.net\\\/#organization\",\"name\":\"Memurun Sesi\",\"url\":\"https:\\\/\\\/memurunsesi.net\\\/\",\"logo\":{\"@type\":\"ImageObject\",\"inLanguage\":\"tr\",\"@id\":\"https:\\\/\\\/memurunsesi.net\\\/#\\\/schema\\\/logo\\\/image\\\/\",\"url\":\"https:\\\/\\\/memurunsesi.net\\\/wp-content\\\/uploads\\\/2025\\\/11\\\/cropped-MEMURUN-SESI.png\",\"contentUrl\":\"https:\\\/\\\/memurunsesi.net\\\/wp-content\\\/uploads\\\/2025\\\/11\\\/cropped-MEMURUN-SESI.png\",\"width\":238,\"height\":57,\"caption\":\"Memurun Sesi\"},\"image\":{\"@id\":\"https:\\\/\\\/memurunsesi.net\\\/#\\\/schema\\\/logo\\\/image\\\/\"},\"sameAs\":[\"https:\\\/\\\/www.facebook.com\\\/unipersen\\\/?locale=tr_TR\",\"https:\\\/\\\/x.com\\\/unipersen\"]},{\"@type\":\"Person\",\"@id\":\"https:\\\/\\\/memurunsesi.net\\\/#\\\/schema\\\/person\\\/f21c2d73b89f6ee1d80b0a1803e38587\",\"name\":\"Memurun Sesi Haber Merkezi\",\"image\":{\"@type\":\"ImageObject\",\"inLanguage\":\"tr\",\"@id\":\"https:\\\/\\\/secure.gravatar.com\\\/avatar\\\/6cf0505f452ee753f485014986fab09a434671d2b919ee76fc541025c5876a70?s=96&d=mm&r=g\",\"url\":\"https:\\\/\\\/secure.gravatar.com\\\/avatar\\\/6cf0505f452ee753f485014986fab09a434671d2b919ee76fc541025c5876a70?s=96&d=mm&r=g\",\"contentUrl\":\"https:\\\/\\\/secure.gravatar.com\\\/avatar\\\/6cf0505f452ee753f485014986fab09a434671d2b919ee76fc541025c5876a70?s=96&d=mm&r=g\",\"caption\":\"Memurun Sesi Haber Merkezi\"},\"sameAs\":[\"https:\\\/\\\/memurunsesi.net\"],\"url\":\"https:\\\/\\\/memurunsesi.net\\\/index.php\\\/author\\\/uniper\\\/\"}]}<\/script>\n<!-- \/ Yoast SEO plugin. -->","yoast_head_json":{"title":"Tekirda\u011f'da uyu\u015fturucu operasyonu: Esrar ve kenevir ele ge\u00e7irildi - Memurun Sesi","robots":{"index":"index","follow":"follow","max-snippet":"max-snippet:-1","max-image-preview":"max-image-preview:large","max-video-preview":"max-video-preview:-1"},"canonical":"https:\/\/memurunsesi.net\/index.php\/2025\/07\/27\/tekirdagda-uyusturucu-operasyonu-esrar-ve-kenevir-ele-gecirildi\/","og_locale":"tr_TR","og_type":"article","og_title":"Tekirda\u011f'da uyu\u015fturucu operasyonu: Esrar ve kenevir ele ge\u00e7irildi - Memurun Sesi","og_description":"Tekirda\u011f \u00c7orlu&#8217;da gen\u00e7leri zehirlemeye y\u00f6nelik faaliyet g\u00f6sterdi\u011fi belirlenen sokak sat\u0131c\u0131lar\u0131na y\u00f6nelik ger\u00e7ekle\u015ftirilen operasyonda esrar ve kenevir ele ge\u00e7irildi, 2 ki\u015fi g\u00f6zalt\u0131na al\u0131nd\u0131. Tekirda\u011f \u0130l Emniyet M\u00fcd\u00fcrl\u00fc\u011f\u00fc Narkotik Su\u00e7larla M\u00fccadele \u015eube M\u00fcd\u00fcrl\u00fc\u011f\u00fc ekiplerince, \u00c7orlu il\u00e7esinin Muhittin, Re\u015fadiye ve T\u00fcrkg\u00fcc\u00fc mahallelerinde, yasa d\u0131\u015f\u0131 kenevir ekimi yapan \u015fah\u0131slara y\u00f6nelik operasyon d\u00fczenlendi. NARVAS ihbarlar\u0131 do\u011frultusunda ger\u00e7ekle\u015ftirilen \u00e7al\u0131\u015fmalarda 330 gram [&hellip;]","og_url":"https:\/\/memurunsesi.net\/index.php\/2025\/07\/27\/tekirdagda-uyusturucu-operasyonu-esrar-ve-kenevir-ele-gecirildi\/","og_site_name":"Memurun Sesi","article_publisher":"https:\/\/www.facebook.com\/unipersen\/?locale=tr_TR","article_published_time":"2025-07-27T10:15:25+00:00","article_modified_time":"2025-07-27T10:16:03+00:00","author":"Memurun Sesi Haber Merkezi","twitter_card":"summary_large_image","twitter_creator":"@unipersen","twitter_site":"@unipersen","twitter_misc":{"Yazan:":"Memurun Sesi Haber Merkezi","Tahmini okuma s\u00fcresi":"1 dakika"},"schema":{"@context":"https:\/\/schema.org","@graph":[{"@type":"Article","@id":"https:\/\/memurunsesi.net\/index.php\/2025\/07\/27\/tekirdagda-uyusturucu-operasyonu-esrar-ve-kenevir-ele-gecirildi\/#article","isPartOf":{"@id":"https:\/\/memurunsesi.net\/index.php\/2025\/07\/27\/tekirdagda-uyusturucu-operasyonu-esrar-ve-kenevir-ele-gecirildi\/"},"author":{"name":"Memurun Sesi Haber Merkezi","@id":"https:\/\/memurunsesi.net\/#\/schema\/person\/f21c2d73b89f6ee1d80b0a1803e38587"},"headline":"Tekirda\u011f&#8217;da uyu\u015fturucu operasyonu: Esrar ve kenevir ele ge\u00e7irildi","datePublished":"2025-07-27T10:15:25+00:00","dateModified":"2025-07-27T10:16:03+00:00","mainEntityOfPage":{"@id":"https:\/\/memurunsesi.net\/index.php\/2025\/07\/27\/tekirdagda-uyusturucu-operasyonu-esrar-ve-kenevir-ele-gecirildi\/"},"wordCount":172,"publisher":{"@id":"https:\/\/memurunsesi.net\/#organization"},"inLanguage":"tr"},{"@type":"WebPage","@id":"https:\/\/memurunsesi.net\/index.php\/2025\/07\/27\/tekirdagda-uyusturucu-operasyonu-esrar-ve-kenevir-ele-gecirildi\/","url":"https:\/\/memurunsesi.net\/index.php\/2025\/07\/27\/tekirdagda-uyusturucu-operasyonu-esrar-ve-kenevir-ele-gecirildi\/","name":"Tekirda\u011f'da uyu\u015fturucu operasyonu: Esrar ve kenevir ele ge\u00e7irildi - Memurun Sesi","isPartOf":{"@id":"https:\/\/memurunsesi.net\/#website"},"datePublished":"2025-07-27T10:15:25+00:00","dateModified":"2025-07-27T10:16:03+00:00","breadcrumb":{"@id":"https:\/\/memurunsesi.net\/index.php\/2025\/07\/27\/tekirdagda-uyusturucu-operasyonu-esrar-ve-kenevir-ele-gecirildi\/#breadcrumb"},"inLanguage":"tr","potentialAction":[{"@type":"ReadAction","target":["https:\/\/memurunsesi.net\/index.php\/2025\/07\/27\/tekirdagda-uyusturucu-operasyonu-esrar-ve-kenevir-ele-gecirildi\/"]}]},{"@type":"BreadcrumbList","@id":"https:\/\/memurunsesi.net\/index.php\/2025\/07\/27\/tekirdagda-uyusturucu-operasyonu-esrar-ve-kenevir-ele-gecirildi\/#breadcrumb","itemListElement":[{"@type":"ListItem","position":1,"name":"Anasayfa","item":"https:\/\/memurunsesi.net\/"},{"@type":"ListItem","position":2,"name":"Tekirda\u011f&#8217;da uyu\u015fturucu operasyonu: Esrar ve kenevir ele ge\u00e7irildi"}]},{"@type":"WebSite","@id":"https:\/\/memurunsesi.net\/#website","url":"https:\/\/memurunsesi.net\/","name":"Memurun Sesi","description":"G\u00fcncel ve Do\u011fru Haber","publisher":{"@id":"https:\/\/memurunsesi.net\/#organization"},"potentialAction":[{"@type":"SearchAction","target":{"@type":"EntryPoint","urlTemplate":"https:\/\/memurunsesi.net\/?s={search_term_string}"},"query-input":{"@type":"PropertyValueSpecification","valueRequired":true,"valueName":"search_term_string"}}],"inLanguage":"tr"},{"@type":"Organization","@id":"https:\/\/memurunsesi.net\/#organization","name":"Memurun Sesi","url":"https:\/\/memurunsesi.net\/","logo":{"@type":"ImageObject","inLanguage":"tr","@id":"https:\/\/memurunsesi.net\/#\/schema\/logo\/image\/","url":"https:\/\/memurunsesi.net\/wp-content\/uploads\/2025\/11\/cropped-MEMURUN-SESI.png","contentUrl":"https:\/\/memurunsesi.net\/wp-content\/uploads\/2025\/11\/cropped-MEMURUN-SESI.png","width":238,"height":57,"caption":"Memurun Sesi"},"image":{"@id":"https:\/\/memurunsesi.net\/#\/schema\/logo\/image\/"},"sameAs":["https:\/\/www.facebook.com\/unipersen\/?locale=tr_TR","https:\/\/x.com\/unipersen"]},{"@type":"Person","@id":"https:\/\/memurunsesi.net\/#\/schema\/person\/f21c2d73b89f6ee1d80b0a1803e38587","name":"Memurun Sesi Haber Merkezi","image":{"@type":"ImageObject","inLanguage":"tr","@id":"https:\/\/secure.gravatar.com\/avatar\/6cf0505f452ee753f485014986fab09a434671d2b919ee76fc541025c5876a70?s=96&d=mm&r=g","url":"https:\/\/secure.gravatar.com\/avatar\/6cf0505f452ee753f485014986fab09a434671d2b919ee76fc541025c5876a70?s=96&d=mm&r=g","contentUrl":"https:\/\/secure.gravatar.com\/avatar\/6cf0505f452ee753f485014986fab09a434671d2b919ee76fc541025c5876a70?s=96&d=mm&r=g","caption":"Memurun Sesi Haber Merkezi"},"sameAs":["https:\/\/memurunsesi.net"],"url":"https:\/\/memurunsesi.net\/index.php\/author\/uniper\/"}]}},"_links":{"self":[{"href":"https:\/\/memurunsesi.net\/index.php\/wp-json\/wp\/v2\/posts\/9744","targetHints":{"allow":["GET"]}}],"collection":[{"href":"https:\/\/memurunsesi.net\/index.php\/wp-json\/wp\/v2\/posts"}],"about":[{"href":"https:\/\/memurunsesi.net\/index.php\/wp-json\/wp\/v2\/types\/post"}],"author":[{"embeddable":true,"href":"https:\/\/memurunsesi.net\/index.php\/wp-json\/wp\/v2\/users\/1"}],"replies":[{"embeddable":true,"href":"https:\/\/memurunsesi.net\/index.php\/wp-json\/wp\/v2\/comments?post=9744"}],"version-history":[{"count":1,"href":"https:\/\/memurunsesi.net\/index.php\/wp-json\/wp\/v2\/posts\/9744\/revisions"}],"predecessor-version":[{"id":9745,"href":"https:\/\/memurunsesi.net\/index.php\/wp-json\/wp\/v2\/posts\/9744\/revisions\/9745"}],"wp:attachment":[{"href":"https:\/\/memurunsesi.net\/index.php\/wp-json\/wp\/v2\/media?parent=9744"}],"wp:term":[{"taxonomy":"category","embeddable":true,"href":"https:\/\/memurunsesi.net\/index.php\/wp-json\/wp\/v2\/categories?post=9744"},{"taxonomy":"post_tag","embeddable":true,"href":"https:\/\/memurunsesi.net\/index.php\/wp-json\/wp\/v2\/tags?post=9744"}],"curies":[{"name":"wp","href":"https:\/\/api.w.org\/{rel}","templated":true}]}}