{"id":9747,"date":"2025-07-27T13:17:54","date_gmt":"2025-07-27T10:17:54","guid":{"rendered":"https:\/\/memurunsesi.net\/?p=9747"},"modified":"2025-07-27T13:17:54","modified_gmt":"2025-07-27T10:17:54","slug":"evine-kadar-ulasan-yangini-gozyaslariyla-anlatti","status":"publish","type":"post","link":"https:\/\/memurunsesi.net\/index.php\/2025\/07\/27\/evine-kadar-ulasan-yangini-gozyaslariyla-anlatti\/","title":{"rendered":"Evine kadar ula\u015fan yang\u0131n\u0131 g\u00f6zya\u015flar\u0131yla anlatt\u0131"},"content":{"rendered":"<p> Bursa&#8217;da G\u00fcrsu ve Kestel il\u00e7elerinde ba\u015flayan orman yang\u0131n\u0131, 100 hektardan fazla alan\u0131 k\u00fcle \u00e7evirdi. Yakla\u015f\u0131k bin 765 ki\u015finin tahliye edildi\u011fi yang\u0131nda Karah\u0131d\u0131r Mahallesi&#8217;nde ya\u015fayan H\u00fcsamettin Akg\u00fcl, yang\u0131n\u0131n k\u00f6ylerine ula\u015fma an\u0131n\u0131 ve verilen m\u00fccadeleyi g\u00f6zya\u015flar\u0131yla anlatt\u0131.<br \/>\n  Bursa&#8217;n\u0131n G\u00fcrsu ve Kestel il\u00e7elerinde ba\u015flayan ve Osmangazi il\u00e7esine ba\u011fl\u0131 Avdanc\u0131k K\u00f6y\u00fc&#8217;ne kadar ula\u015fan orman yang\u0131n\u0131, ekiplerin gece boyunca s\u00fcren yo\u011fun \u00e7al\u0131\u015fmalar\u0131 sonucunda b\u00fcy\u00fck oranda kontrol alt\u0131na al\u0131nd\u0131. Yang\u0131n, r\u00fczgar\u0131n etkisinin azalmas\u0131yla birlikte durdurulabildi ancak b\u00f6lgede hala zaman zaman alevlenmeler ya\u015fan\u0131yor. Ekipler, r\u00fczgar\u0131n yeniden alevleri tetiklemesi ihtimaline kar\u015f\u0131 teyakkuzda bekliyor. Yang\u0131n, \u015fu ana kadar 100 hektardan fazla alan\u0131 k\u00fcle \u00e7evirirken, 3 k\u00f6yde 485 hanede ya\u015fayan bin 765 ki\u015finin tahliyesine sebep oldu. M\u00fcdahale \u00e7al\u0131\u015fmalar\u0131na orman, itfaiye ve belediye ekiplerinin yan\u0131 s\u0131ra k\u00f6yl\u00fcler de trakt\u00f6rleriyle destek verdi.<br \/>\n  Yang\u0131n\u0131n ya\u015fand\u0131\u011f\u0131 Karah\u0131d\u0131r Mahallesi sakinlerinden 69 ya\u015f\u0131ndaki H\u00fcsamettin Akg\u00fcl, yang\u0131n\u0131n ilk an\u0131ndan itibaren ya\u015fad\u0131klar\u0131n\u0131 g\u00f6zya\u015flar\u0131yla anlatt\u0131. Akg\u00fcl, yang\u0131n sonras\u0131 yerle\u015fim yerlerinin \u00e7evresine yang\u0131n yollar\u0131 yap\u0131lmas\u0131 gerekti\u011finin alt\u0131n\u0131 \u00e7izdi.<br \/>\n  Yang\u0131n\u0131n ba\u015flad\u0131\u011f\u0131 anlar\u0131 anlatan Akg\u00fcl, &#8220;TOK\u0130 konutlar\u0131nda oturan Ali arkada\u015f\u0131m beni saat 17.44&#8217;te arad\u0131 ve yang\u0131n\u0131n ba\u015flad\u0131\u011f\u0131n\u0131 s\u00f6yledi. Bana foto\u011fraf att\u0131. Biz de hemen k\u00f6y kahvesinin \u00f6n\u00fcne \u00e7\u0131kt\u0131k, tekbir getirmeye ba\u015flad\u0131k. K\u00f6y\u00fcm\u00fczdeki haz\u0131r olan b\u00fct\u00fcn trakt\u00f6rleri \u00e7\u0131kard\u0131k. TOK\u0130&#8217;ye yang\u0131n m\u00fcdahalesi i\u00e7in buradan su ta\u015f\u0131d\u0131k. Yakla\u015f\u0131k 2-3 saat i\u00e7inde yang\u0131n bizim k\u00f6y\u00fcm\u00fcze do\u011fru sarkt\u0131. Kom\u015fu k\u00f6ylerden yard\u0131mlar geldi. B\u00fct\u00fcn trakt\u00f6r sahiplerinden Allah raz\u0131 olsun. Bizim insan\u0131m\u0131z\u0131n birli\u011fi, beraberli\u011fi budur. Kendi k\u00f6y\u00fcm\u00fcz\u00fcn trakt\u00f6rleri ilk yang\u0131n \u00e7\u0131kan yere m\u00fcdahale ederken, bizim k\u00f6ye do\u011fru sarkan yang\u0131na da kom\u015fu k\u00f6ylerden trakt\u00f6rler geldi. Say\u0131s\u0131n\u0131 bilmiyorum ama 500&#8217;\u00fc ge\u00e7mi\u015ftir. Biz o trakt\u00f6rleri k\u00f6y meydan\u0131ndan yang\u0131n\u0131n k\u00f6ye do\u011fru sarkt\u0131\u011f\u0131 y\u00f6ne y\u00f6nlendirdik. En son noktaya kadar gidip d\u00f6n\u00fc\u015f yapmalar\u0131n\u0131, ama gidi\u015f-geli\u015fte yolu t\u0131kamamalar\u0131 gerekti\u011fini bizzat s\u00f6yledik. Tankerlerini orada bo\u015falt\u0131p geri d\u00f6nd\u00fcler, tekrar su doldurup gittiler. \u00c7ok yo\u011fun bir m\u00fccadele vard\u0131&#8221; dedi.<br \/>\n  Yang\u0131n\u0131n sabaha kadar s\u00fcrd\u00fc\u011f\u00fcn\u00fc ve evlerin \u00e7ok yak\u0131nlar\u0131na kadar geldi\u011fini s\u00f6yleyen H\u00fcsamettin Akg\u00fcl, &#8220;Yang\u0131n k\u0131sa s\u00fcrede k\u00f6y\u00fcm\u00fcze kadar indi. O noktada yapabilece\u011fimiz tek \u015fey, trakt\u00f6rleri k\u00f6y\u00fcn etraf\u0131ndaki sokaklara, evlere yak\u0131n yerlere sokmakt\u0131. Evlerin etraf\u0131n\u0131 \u0131slatt\u0131k. Sabah bakt\u0131\u011f\u0131m\u0131zda baz\u0131 yerlerde yang\u0131n evlere 1 metreye kadar yakla\u015fm\u0131\u015ft\u0131, baz\u0131 yerlerde 20-50 metreye kadar. Ama Cenab-\u0131 Hakk&#8217;\u0131n l\u00fctfuyla yang\u0131n evlere dokunmad\u0131. Evlerimizde hi\u00e7bir zarar yok. \u00c7ocuklar\u0131m\u0131zda, can kayb\u0131 yok. Gece saat 3&#8217;ten sonra yang\u0131n\u0131n alevi bitti ama bu sefer de kozalaklar\u0131n patlamas\u0131 ba\u015flad\u0131. Kozalaklar g\u00f6ky\u00fcz\u00fcnde y\u0131ld\u0131zlar gibi gezmeye ba\u015flad\u0131. 50, 100, 300 metre ileriye kadar s\u0131\u00e7r\u0131yordu. Ama Allah&#8217;a \u015f\u00fck\u00fcr, k\u00f6y\u00fcn i\u00e7ine gelmedi. Kozalaklar da\u011f\u0131n kendi aras\u0131nda dola\u015ft\u0131&#8221; diye konu\u015ftu.<br \/>\n  Bu yang\u0131n\u0131n herkes i\u00e7in ders niteli\u011finde oldu\u011funu ifade eden Akg\u00fcl, &#8220;Bunu iyi okumak, ders almak laz\u0131m. \u0130nsanlar birbirine d\u00fc\u015fman de\u011fil, sevecen olmal\u0131. Her seferinde, k\u00f6y\u00fcm\u00fcz\u00fcn etraf\u0131nda \u00e7evre yolu gibi yang\u0131n yollar\u0131 yap\u0131lmas\u0131 gerekti\u011fini s\u00f6yledim. Ama bu ak\u015fam, halk\u0131m\u0131z ve y\u00f6neticilerimiz buna ihtiya\u00e7 oldu\u011funu anlad\u0131. Bu ihtiya\u00e7 duyulan bir \u015fey. Bunu \u00fclkemize ve d\u00fcnyam\u0131za duyural\u0131m. Yerle\u015fim yerlerine m\u00fcdahale edebilmek \u00e7ok \u00f6nemli. Orman bile olsa, ilk m\u00fcdahalenin yap\u0131labilece\u011fi yerlerde yang\u0131n yollar\u0131 a\u00e7mam\u0131z gerekiyor. \u00c7evre yollar\u0131 gerekiyor. Trakt\u00f6rleri yang\u0131n\u0131n geldi\u011fi en \u00fccra k\u00f6\u015felere y\u00f6nlendirdik. Islatarak m\u00fcdahale ettik bu bizi kurtard\u0131. Rabb&#8217;imiz bizi kurtard\u0131&#8221; ifadelerini kulland\u0131. <\/p>\n<p>27.07.2025                                 <\/p>\n","protected":false},"excerpt":{"rendered":"<p>Bursa&#8217;da G\u00fcrsu ve Kestel il\u00e7elerinde ba\u015flayan orman yang\u0131n\u0131, 100 hektardan fazla alan\u0131 k\u00fcle \u00e7evirdi. Yakla\u015f\u0131k bin 765 ki\u015finin tahliye edildi\u011fi yang\u0131nda Karah\u0131d\u0131r Mahallesi&#8217;nde ya\u015fayan H\u00fcsamettin Akg\u00fcl, yang\u0131n\u0131n k\u00f6ylerine ula\u015fma an\u0131n\u0131 ve verilen m\u00fccadeleyi g\u00f6zya\u015flar\u0131yla anlatt\u0131. Bursa&#8217;n\u0131n G\u00fcrsu ve Kestel il\u00e7elerinde ba\u015flayan ve Osmangazi il\u00e7esine ba\u011fl\u0131 Avdanc\u0131k K\u00f6y\u00fc&#8217;ne kadar ula\u015fan orman yang\u0131n\u0131, ekiplerin gece boyunca s\u00fcren [&hellip;]<\/p>\n","protected":false},"author":1,"featured_media":9748,"comment_status":"open","ping_status":"open","sticky":false,"template":"","format":"standard","meta":{"footnotes":""},"categories":[1],"tags":[],"class_list":["post-9747","post","type-post","status-publish","format-standard","has-post-thumbnail","hentry","category-genel"],"yoast_head":"<!-- This site is optimized with the Yoast SEO plugin v27.4 - https:\/\/yoast.com\/product\/yoast-seo-wordpress\/ -->\n<title>Evine kadar ula\u015fan yang\u0131n\u0131 g\u00f6zya\u015flar\u0131yla anlatt\u0131 - Memurun Sesi<\/title>\n<meta name=\"robots\" content=\"index, follow, max-snippet:-1, max-image-preview:large, max-video-preview:-1\" \/>\n<link rel=\"canonical\" href=\"https:\/\/memurunsesi.net\/index.php\/2025\/07\/27\/evine-kadar-ulasan-yangini-gozyaslariyla-anlatti\/\" \/>\n<meta property=\"og:locale\" content=\"tr_TR\" \/>\n<meta property=\"og:type\" content=\"article\" \/>\n<meta property=\"og:title\" content=\"Evine kadar ula\u015fan yang\u0131n\u0131 g\u00f6zya\u015flar\u0131yla anlatt\u0131 - Memurun Sesi\" \/>\n<meta property=\"og:description\" content=\"Bursa&#8217;da G\u00fcrsu ve Kestel il\u00e7elerinde ba\u015flayan orman yang\u0131n\u0131, 100 hektardan fazla alan\u0131 k\u00fcle \u00e7evirdi. Yakla\u015f\u0131k bin 765 ki\u015finin tahliye edildi\u011fi yang\u0131nda Karah\u0131d\u0131r Mahallesi&#8217;nde ya\u015fayan H\u00fcsamettin Akg\u00fcl, yang\u0131n\u0131n k\u00f6ylerine ula\u015fma an\u0131n\u0131 ve verilen m\u00fccadeleyi g\u00f6zya\u015flar\u0131yla anlatt\u0131. Bursa&#8217;n\u0131n G\u00fcrsu ve Kestel il\u00e7elerinde ba\u015flayan ve Osmangazi il\u00e7esine ba\u011fl\u0131 Avdanc\u0131k K\u00f6y\u00fc&#8217;ne kadar ula\u015fan orman yang\u0131n\u0131, ekiplerin gece boyunca s\u00fcren [&hellip;]\" \/>\n<meta property=\"og:url\" content=\"https:\/\/memurunsesi.net\/index.php\/2025\/07\/27\/evine-kadar-ulasan-yangini-gozyaslariyla-anlatti\/\" \/>\n<meta property=\"og:site_name\" content=\"Memurun Sesi\" \/>\n<meta property=\"article:publisher\" content=\"https:\/\/www.facebook.com\/unipersen\/?locale=tr_TR\" \/>\n<meta property=\"article:published_time\" content=\"2025-07-27T10:17:54+00:00\" \/>\n<meta property=\"og:image\" content=\"https:\/\/memurunsesi.net\/wp-content\/uploads\/2025\/07\/AW505414_01.jpg\" \/>\n\t<meta property=\"og:image:width\" content=\"1600\" \/>\n\t<meta property=\"og:image:height\" content=\"1200\" \/>\n\t<meta property=\"og:image:type\" content=\"image\/jpeg\" \/>\n<meta name=\"author\" content=\"Memurun Sesi Haber Merkezi\" \/>\n<meta name=\"twitter:card\" content=\"summary_large_image\" \/>\n<meta name=\"twitter:creator\" content=\"@unipersen\" \/>\n<meta name=\"twitter:site\" content=\"@unipersen\" \/>\n<meta name=\"twitter:label1\" content=\"Yazan:\" \/>\n\t<meta name=\"twitter:data1\" content=\"Memurun Sesi Haber Merkezi\" \/>\n\t<meta name=\"twitter:label2\" content=\"Tahmini okuma s\u00fcresi\" \/>\n\t<meta name=\"twitter:data2\" content=\"1 dakika\" \/>\n<script type=\"application\/ld+json\" class=\"yoast-schema-graph\">{\"@context\":\"https:\\\/\\\/schema.org\",\"@graph\":[{\"@type\":\"Article\",\"@id\":\"https:\\\/\\\/memurunsesi.net\\\/index.php\\\/2025\\\/07\\\/27\\\/evine-kadar-ulasan-yangini-gozyaslariyla-anlatti\\\/#article\",\"isPartOf\":{\"@id\":\"https:\\\/\\\/memurunsesi.net\\\/index.php\\\/2025\\\/07\\\/27\\\/evine-kadar-ulasan-yangini-gozyaslariyla-anlatti\\\/\"},\"author\":{\"name\":\"Memurun Sesi Haber Merkezi\",\"@id\":\"https:\\\/\\\/memurunsesi.net\\\/#\\\/schema\\\/person\\\/f21c2d73b89f6ee1d80b0a1803e38587\"},\"headline\":\"Evine kadar ula\u015fan yang\u0131n\u0131 g\u00f6zya\u015flar\u0131yla anlatt\u0131\",\"datePublished\":\"2025-07-27T10:17:54+00:00\",\"mainEntityOfPage\":{\"@id\":\"https:\\\/\\\/memurunsesi.net\\\/index.php\\\/2025\\\/07\\\/27\\\/evine-kadar-ulasan-yangini-gozyaslariyla-anlatti\\\/\"},\"wordCount\":751,\"commentCount\":0,\"publisher\":{\"@id\":\"https:\\\/\\\/memurunsesi.net\\\/#organization\"},\"image\":{\"@id\":\"https:\\\/\\\/memurunsesi.net\\\/index.php\\\/2025\\\/07\\\/27\\\/evine-kadar-ulasan-yangini-gozyaslariyla-anlatti\\\/#primaryimage\"},\"thumbnailUrl\":\"https:\\\/\\\/memurunsesi.net\\\/wp-content\\\/uploads\\\/2025\\\/07\\\/AW505414_01.jpg\",\"inLanguage\":\"tr\",\"potentialAction\":[{\"@type\":\"CommentAction\",\"name\":\"Comment\",\"target\":[\"https:\\\/\\\/memurunsesi.net\\\/index.php\\\/2025\\\/07\\\/27\\\/evine-kadar-ulasan-yangini-gozyaslariyla-anlatti\\\/#respond\"]}]},{\"@type\":\"WebPage\",\"@id\":\"https:\\\/\\\/memurunsesi.net\\\/index.php\\\/2025\\\/07\\\/27\\\/evine-kadar-ulasan-yangini-gozyaslariyla-anlatti\\\/\",\"url\":\"https:\\\/\\\/memurunsesi.net\\\/index.php\\\/2025\\\/07\\\/27\\\/evine-kadar-ulasan-yangini-gozyaslariyla-anlatti\\\/\",\"name\":\"Evine kadar ula\u015fan yang\u0131n\u0131 g\u00f6zya\u015flar\u0131yla anlatt\u0131 - Memurun Sesi\",\"isPartOf\":{\"@id\":\"https:\\\/\\\/memurunsesi.net\\\/#website\"},\"primaryImageOfPage\":{\"@id\":\"https:\\\/\\\/memurunsesi.net\\\/index.php\\\/2025\\\/07\\\/27\\\/evine-kadar-ulasan-yangini-gozyaslariyla-anlatti\\\/#primaryimage\"},\"image\":{\"@id\":\"https:\\\/\\\/memurunsesi.net\\\/index.php\\\/2025\\\/07\\\/27\\\/evine-kadar-ulasan-yangini-gozyaslariyla-anlatti\\\/#primaryimage\"},\"thumbnailUrl\":\"https:\\\/\\\/memurunsesi.net\\\/wp-content\\\/uploads\\\/2025\\\/07\\\/AW505414_01.jpg\",\"datePublished\":\"2025-07-27T10:17:54+00:00\",\"breadcrumb\":{\"@id\":\"https:\\\/\\\/memurunsesi.net\\\/index.php\\\/2025\\\/07\\\/27\\\/evine-kadar-ulasan-yangini-gozyaslariyla-anlatti\\\/#breadcrumb\"},\"inLanguage\":\"tr\",\"potentialAction\":[{\"@type\":\"ReadAction\",\"target\":[\"https:\\\/\\\/memurunsesi.net\\\/index.php\\\/2025\\\/07\\\/27\\\/evine-kadar-ulasan-yangini-gozyaslariyla-anlatti\\\/\"]}]},{\"@type\":\"ImageObject\",\"inLanguage\":\"tr\",\"@id\":\"https:\\\/\\\/memurunsesi.net\\\/index.php\\\/2025\\\/07\\\/27\\\/evine-kadar-ulasan-yangini-gozyaslariyla-anlatti\\\/#primaryimage\",\"url\":\"https:\\\/\\\/memurunsesi.net\\\/wp-content\\\/uploads\\\/2025\\\/07\\\/AW505414_01.jpg\",\"contentUrl\":\"https:\\\/\\\/memurunsesi.net\\\/wp-content\\\/uploads\\\/2025\\\/07\\\/AW505414_01.jpg\",\"width\":1600,\"height\":1200,\"caption\":\"KARAHIDIR MAHALLES\u0130'NDE YA\u015eAYAN H\u00dcSAMETT\u0130N AKG\u00dcL, YANGININ K\u00d6YLER\u0130NE ULA\u015eMA ANINI VE VER\u0130LEN M\u00dcCADELEY\u0130 G\u00d6ZYA\u015eLARIYLA ANLATTI. (\\\/BURSA-\u0130HA) Bursa'da G\u00fcrsu ve Kestel il\u00e7elerinde ba\u015flayan orman yang\u0131n\u0131, 100 hektardan fazla alan\u0131 k\u00fcle \u00e7evirdi. Yakla\u015f\u0131k bin 765 ki\u015finin tahliye edildi\u011fi yang\u0131nda Karah\u0131d\u0131r Mahallesi'nde ya\u015fayan H\u00fcsamettin Akg\u00fcl, yang\u0131n\u0131n k\u00f6ylerine ula\u015fma an\u0131n\u0131 ve verilen m\u00fccadeleyi g\u00f6zya\u015flar\u0131yla anlatt\u0131.\"},{\"@type\":\"BreadcrumbList\",\"@id\":\"https:\\\/\\\/memurunsesi.net\\\/index.php\\\/2025\\\/07\\\/27\\\/evine-kadar-ulasan-yangini-gozyaslariyla-anlatti\\\/#breadcrumb\",\"itemListElement\":[{\"@type\":\"ListItem\",\"position\":1,\"name\":\"Anasayfa\",\"item\":\"https:\\\/\\\/memurunsesi.net\\\/\"},{\"@type\":\"ListItem\",\"position\":2,\"name\":\"Evine kadar ula\u015fan yang\u0131n\u0131 g\u00f6zya\u015flar\u0131yla anlatt\u0131\"}]},{\"@type\":\"WebSite\",\"@id\":\"https:\\\/\\\/memurunsesi.net\\\/#website\",\"url\":\"https:\\\/\\\/memurunsesi.net\\\/\",\"name\":\"Memurun Sesi\",\"description\":\"G\u00fcncel ve Do\u011fru Haber\",\"publisher\":{\"@id\":\"https:\\\/\\\/memurunsesi.net\\\/#organization\"},\"potentialAction\":[{\"@type\":\"SearchAction\",\"target\":{\"@type\":\"EntryPoint\",\"urlTemplate\":\"https:\\\/\\\/memurunsesi.net\\\/?s={search_term_string}\"},\"query-input\":{\"@type\":\"PropertyValueSpecification\",\"valueRequired\":true,\"valueName\":\"search_term_string\"}}],\"inLanguage\":\"tr\"},{\"@type\":\"Organization\",\"@id\":\"https:\\\/\\\/memurunsesi.net\\\/#organization\",\"name\":\"Memurun Sesi\",\"url\":\"https:\\\/\\\/memurunsesi.net\\\/\",\"logo\":{\"@type\":\"ImageObject\",\"inLanguage\":\"tr\",\"@id\":\"https:\\\/\\\/memurunsesi.net\\\/#\\\/schema\\\/logo\\\/image\\\/\",\"url\":\"https:\\\/\\\/memurunsesi.net\\\/wp-content\\\/uploads\\\/2025\\\/11\\\/cropped-MEMURUN-SESI.png\",\"contentUrl\":\"https:\\\/\\\/memurunsesi.net\\\/wp-content\\\/uploads\\\/2025\\\/11\\\/cropped-MEMURUN-SESI.png\",\"width\":238,\"height\":57,\"caption\":\"Memurun Sesi\"},\"image\":{\"@id\":\"https:\\\/\\\/memurunsesi.net\\\/#\\\/schema\\\/logo\\\/image\\\/\"},\"sameAs\":[\"https:\\\/\\\/www.facebook.com\\\/unipersen\\\/?locale=tr_TR\",\"https:\\\/\\\/x.com\\\/unipersen\"]},{\"@type\":\"Person\",\"@id\":\"https:\\\/\\\/memurunsesi.net\\\/#\\\/schema\\\/person\\\/f21c2d73b89f6ee1d80b0a1803e38587\",\"name\":\"Memurun Sesi Haber Merkezi\",\"image\":{\"@type\":\"ImageObject\",\"inLanguage\":\"tr\",\"@id\":\"https:\\\/\\\/secure.gravatar.com\\\/avatar\\\/6cf0505f452ee753f485014986fab09a434671d2b919ee76fc541025c5876a70?s=96&d=mm&r=g\",\"url\":\"https:\\\/\\\/secure.gravatar.com\\\/avatar\\\/6cf0505f452ee753f485014986fab09a434671d2b919ee76fc541025c5876a70?s=96&d=mm&r=g\",\"contentUrl\":\"https:\\\/\\\/secure.gravatar.com\\\/avatar\\\/6cf0505f452ee753f485014986fab09a434671d2b919ee76fc541025c5876a70?s=96&d=mm&r=g\",\"caption\":\"Memurun Sesi Haber Merkezi\"},\"sameAs\":[\"https:\\\/\\\/memurunsesi.net\"],\"url\":\"https:\\\/\\\/memurunsesi.net\\\/index.php\\\/author\\\/uniper\\\/\"}]}<\/script>\n<!-- \/ Yoast SEO plugin. -->","yoast_head_json":{"title":"Evine kadar ula\u015fan yang\u0131n\u0131 g\u00f6zya\u015flar\u0131yla anlatt\u0131 - Memurun Sesi","robots":{"index":"index","follow":"follow","max-snippet":"max-snippet:-1","max-image-preview":"max-image-preview:large","max-video-preview":"max-video-preview:-1"},"canonical":"https:\/\/memurunsesi.net\/index.php\/2025\/07\/27\/evine-kadar-ulasan-yangini-gozyaslariyla-anlatti\/","og_locale":"tr_TR","og_type":"article","og_title":"Evine kadar ula\u015fan yang\u0131n\u0131 g\u00f6zya\u015flar\u0131yla anlatt\u0131 - Memurun Sesi","og_description":"Bursa&#8217;da G\u00fcrsu ve Kestel il\u00e7elerinde ba\u015flayan orman yang\u0131n\u0131, 100 hektardan fazla alan\u0131 k\u00fcle \u00e7evirdi. Yakla\u015f\u0131k bin 765 ki\u015finin tahliye edildi\u011fi yang\u0131nda Karah\u0131d\u0131r Mahallesi&#8217;nde ya\u015fayan H\u00fcsamettin Akg\u00fcl, yang\u0131n\u0131n k\u00f6ylerine ula\u015fma an\u0131n\u0131 ve verilen m\u00fccadeleyi g\u00f6zya\u015flar\u0131yla anlatt\u0131. Bursa&#8217;n\u0131n G\u00fcrsu ve Kestel il\u00e7elerinde ba\u015flayan ve Osmangazi il\u00e7esine ba\u011fl\u0131 Avdanc\u0131k K\u00f6y\u00fc&#8217;ne kadar ula\u015fan orman yang\u0131n\u0131, ekiplerin gece boyunca s\u00fcren [&hellip;]","og_url":"https:\/\/memurunsesi.net\/index.php\/2025\/07\/27\/evine-kadar-ulasan-yangini-gozyaslariyla-anlatti\/","og_site_name":"Memurun Sesi","article_publisher":"https:\/\/www.facebook.com\/unipersen\/?locale=tr_TR","article_published_time":"2025-07-27T10:17:54+00:00","og_image":[{"width":1600,"height":1200,"url":"https:\/\/memurunsesi.net\/wp-content\/uploads\/2025\/07\/AW505414_01.jpg","type":"image\/jpeg"}],"author":"Memurun Sesi Haber Merkezi","twitter_card":"summary_large_image","twitter_creator":"@unipersen","twitter_site":"@unipersen","twitter_misc":{"Yazan:":"Memurun Sesi Haber Merkezi","Tahmini okuma s\u00fcresi":"1 dakika"},"schema":{"@context":"https:\/\/schema.org","@graph":[{"@type":"Article","@id":"https:\/\/memurunsesi.net\/index.php\/2025\/07\/27\/evine-kadar-ulasan-yangini-gozyaslariyla-anlatti\/#article","isPartOf":{"@id":"https:\/\/memurunsesi.net\/index.php\/2025\/07\/27\/evine-kadar-ulasan-yangini-gozyaslariyla-anlatti\/"},"author":{"name":"Memurun Sesi Haber Merkezi","@id":"https:\/\/memurunsesi.net\/#\/schema\/person\/f21c2d73b89f6ee1d80b0a1803e38587"},"headline":"Evine kadar ula\u015fan yang\u0131n\u0131 g\u00f6zya\u015flar\u0131yla anlatt\u0131","datePublished":"2025-07-27T10:17:54+00:00","mainEntityOfPage":{"@id":"https:\/\/memurunsesi.net\/index.php\/2025\/07\/27\/evine-kadar-ulasan-yangini-gozyaslariyla-anlatti\/"},"wordCount":751,"commentCount":0,"publisher":{"@id":"https:\/\/memurunsesi.net\/#organization"},"image":{"@id":"https:\/\/memurunsesi.net\/index.php\/2025\/07\/27\/evine-kadar-ulasan-yangini-gozyaslariyla-anlatti\/#primaryimage"},"thumbnailUrl":"https:\/\/memurunsesi.net\/wp-content\/uploads\/2025\/07\/AW505414_01.jpg","inLanguage":"tr","potentialAction":[{"@type":"CommentAction","name":"Comment","target":["https:\/\/memurunsesi.net\/index.php\/2025\/07\/27\/evine-kadar-ulasan-yangini-gozyaslariyla-anlatti\/#respond"]}]},{"@type":"WebPage","@id":"https:\/\/memurunsesi.net\/index.php\/2025\/07\/27\/evine-kadar-ulasan-yangini-gozyaslariyla-anlatti\/","url":"https:\/\/memurunsesi.net\/index.php\/2025\/07\/27\/evine-kadar-ulasan-yangini-gozyaslariyla-anlatti\/","name":"Evine kadar ula\u015fan yang\u0131n\u0131 g\u00f6zya\u015flar\u0131yla anlatt\u0131 - Memurun Sesi","isPartOf":{"@id":"https:\/\/memurunsesi.net\/#website"},"primaryImageOfPage":{"@id":"https:\/\/memurunsesi.net\/index.php\/2025\/07\/27\/evine-kadar-ulasan-yangini-gozyaslariyla-anlatti\/#primaryimage"},"image":{"@id":"https:\/\/memurunsesi.net\/index.php\/2025\/07\/27\/evine-kadar-ulasan-yangini-gozyaslariyla-anlatti\/#primaryimage"},"thumbnailUrl":"https:\/\/memurunsesi.net\/wp-content\/uploads\/2025\/07\/AW505414_01.jpg","datePublished":"2025-07-27T10:17:54+00:00","breadcrumb":{"@id":"https:\/\/memurunsesi.net\/index.php\/2025\/07\/27\/evine-kadar-ulasan-yangini-gozyaslariyla-anlatti\/#breadcrumb"},"inLanguage":"tr","potentialAction":[{"@type":"ReadAction","target":["https:\/\/memurunsesi.net\/index.php\/2025\/07\/27\/evine-kadar-ulasan-yangini-gozyaslariyla-anlatti\/"]}]},{"@type":"ImageObject","inLanguage":"tr","@id":"https:\/\/memurunsesi.net\/index.php\/2025\/07\/27\/evine-kadar-ulasan-yangini-gozyaslariyla-anlatti\/#primaryimage","url":"https:\/\/memurunsesi.net\/wp-content\/uploads\/2025\/07\/AW505414_01.jpg","contentUrl":"https:\/\/memurunsesi.net\/wp-content\/uploads\/2025\/07\/AW505414_01.jpg","width":1600,"height":1200,"caption":"KARAHIDIR MAHALLES\u0130'NDE YA\u015eAYAN H\u00dcSAMETT\u0130N AKG\u00dcL, YANGININ K\u00d6YLER\u0130NE ULA\u015eMA ANINI VE VER\u0130LEN M\u00dcCADELEY\u0130 G\u00d6ZYA\u015eLARIYLA ANLATTI. (\/BURSA-\u0130HA) Bursa'da G\u00fcrsu ve Kestel il\u00e7elerinde ba\u015flayan orman yang\u0131n\u0131, 100 hektardan fazla alan\u0131 k\u00fcle \u00e7evirdi. Yakla\u015f\u0131k bin 765 ki\u015finin tahliye edildi\u011fi yang\u0131nda Karah\u0131d\u0131r Mahallesi'nde ya\u015fayan H\u00fcsamettin Akg\u00fcl, yang\u0131n\u0131n k\u00f6ylerine ula\u015fma an\u0131n\u0131 ve verilen m\u00fccadeleyi g\u00f6zya\u015flar\u0131yla anlatt\u0131."},{"@type":"BreadcrumbList","@id":"https:\/\/memurunsesi.net\/index.php\/2025\/07\/27\/evine-kadar-ulasan-yangini-gozyaslariyla-anlatti\/#breadcrumb","itemListElement":[{"@type":"ListItem","position":1,"name":"Anasayfa","item":"https:\/\/memurunsesi.net\/"},{"@type":"ListItem","position":2,"name":"Evine kadar ula\u015fan yang\u0131n\u0131 g\u00f6zya\u015flar\u0131yla anlatt\u0131"}]},{"@type":"WebSite","@id":"https:\/\/memurunsesi.net\/#website","url":"https:\/\/memurunsesi.net\/","name":"Memurun Sesi","description":"G\u00fcncel ve Do\u011fru Haber","publisher":{"@id":"https:\/\/memurunsesi.net\/#organization"},"potentialAction":[{"@type":"SearchAction","target":{"@type":"EntryPoint","urlTemplate":"https:\/\/memurunsesi.net\/?s={search_term_string}"},"query-input":{"@type":"PropertyValueSpecification","valueRequired":true,"valueName":"search_term_string"}}],"inLanguage":"tr"},{"@type":"Organization","@id":"https:\/\/memurunsesi.net\/#organization","name":"Memurun Sesi","url":"https:\/\/memurunsesi.net\/","logo":{"@type":"ImageObject","inLanguage":"tr","@id":"https:\/\/memurunsesi.net\/#\/schema\/logo\/image\/","url":"https:\/\/memurunsesi.net\/wp-content\/uploads\/2025\/11\/cropped-MEMURUN-SESI.png","contentUrl":"https:\/\/memurunsesi.net\/wp-content\/uploads\/2025\/11\/cropped-MEMURUN-SESI.png","width":238,"height":57,"caption":"Memurun Sesi"},"image":{"@id":"https:\/\/memurunsesi.net\/#\/schema\/logo\/image\/"},"sameAs":["https:\/\/www.facebook.com\/unipersen\/?locale=tr_TR","https:\/\/x.com\/unipersen"]},{"@type":"Person","@id":"https:\/\/memurunsesi.net\/#\/schema\/person\/f21c2d73b89f6ee1d80b0a1803e38587","name":"Memurun Sesi Haber Merkezi","image":{"@type":"ImageObject","inLanguage":"tr","@id":"https:\/\/secure.gravatar.com\/avatar\/6cf0505f452ee753f485014986fab09a434671d2b919ee76fc541025c5876a70?s=96&d=mm&r=g","url":"https:\/\/secure.gravatar.com\/avatar\/6cf0505f452ee753f485014986fab09a434671d2b919ee76fc541025c5876a70?s=96&d=mm&r=g","contentUrl":"https:\/\/secure.gravatar.com\/avatar\/6cf0505f452ee753f485014986fab09a434671d2b919ee76fc541025c5876a70?s=96&d=mm&r=g","caption":"Memurun Sesi Haber Merkezi"},"sameAs":["https:\/\/memurunsesi.net"],"url":"https:\/\/memurunsesi.net\/index.php\/author\/uniper\/"}]}},"_links":{"self":[{"href":"https:\/\/memurunsesi.net\/index.php\/wp-json\/wp\/v2\/posts\/9747","targetHints":{"allow":["GET"]}}],"collection":[{"href":"https:\/\/memurunsesi.net\/index.php\/wp-json\/wp\/v2\/posts"}],"about":[{"href":"https:\/\/memurunsesi.net\/index.php\/wp-json\/wp\/v2\/types\/post"}],"author":[{"embeddable":true,"href":"https:\/\/memurunsesi.net\/index.php\/wp-json\/wp\/v2\/users\/1"}],"replies":[{"embeddable":true,"href":"https:\/\/memurunsesi.net\/index.php\/wp-json\/wp\/v2\/comments?post=9747"}],"version-history":[{"count":1,"href":"https:\/\/memurunsesi.net\/index.php\/wp-json\/wp\/v2\/posts\/9747\/revisions"}],"predecessor-version":[{"id":9749,"href":"https:\/\/memurunsesi.net\/index.php\/wp-json\/wp\/v2\/posts\/9747\/revisions\/9749"}],"wp:featuredmedia":[{"embeddable":true,"href":"https:\/\/memurunsesi.net\/index.php\/wp-json\/wp\/v2\/media\/9748"}],"wp:attachment":[{"href":"https:\/\/memurunsesi.net\/index.php\/wp-json\/wp\/v2\/media?parent=9747"}],"wp:term":[{"taxonomy":"category","embeddable":true,"href":"https:\/\/memurunsesi.net\/index.php\/wp-json\/wp\/v2\/categories?post=9747"},{"taxonomy":"post_tag","embeddable":true,"href":"https:\/\/memurunsesi.net\/index.php\/wp-json\/wp\/v2\/tags?post=9747"}],"curies":[{"name":"wp","href":"https:\/\/api.w.org\/{rel}","templated":true}]}}