{"id":9750,"date":"2025-07-27T13:23:10","date_gmt":"2025-07-27T10:23:10","guid":{"rendered":"https:\/\/memurunsesi.net\/?p=9750"},"modified":"2025-07-27T13:23:10","modified_gmt":"2025-07-27T10:23:10","slug":"koy-kul-oldu-caminin-ici-saglam-kaldi","status":"publish","type":"post","link":"https:\/\/memurunsesi.net\/index.php\/2025\/07\/27\/koy-kul-oldu-caminin-ici-saglam-kaldi\/","title":{"rendered":"K\u00f6y k\u00fcl oldu, caminin i\u00e7i sa\u011flam kald\u0131"},"content":{"rendered":"<figure id=\"attachment_9751\" aria-describedby=\"caption-attachment-9751\" style=\"width: 300px\" class=\"wp-caption alignnone\"><img  title=\"\" fetchpriority=\"high\" decoding=\"async\" src=\"https:\/\/memurunsesi.net\/wp-content\/uploads\/2025\/07\/AW505424_02-300x169.jpg\"  alt=\"AW505424_02-300x169 K\u00f6y k\u00fcl oldu, caminin i\u00e7i sa\u011flam kald\u0131\"  width=\"300\" height=\"169\" class=\"size-medium wp-image-9751\" srcset=\"https:\/\/memurunsesi.net\/wp-content\/uploads\/2025\/07\/AW505424_02-300x169.jpg 300w, https:\/\/memurunsesi.net\/wp-content\/uploads\/2025\/07\/AW505424_02-1024x576.jpg 1024w, https:\/\/memurunsesi.net\/wp-content\/uploads\/2025\/07\/AW505424_02-768x432.jpg 768w, https:\/\/memurunsesi.net\/wp-content\/uploads\/2025\/07\/AW505424_02-1536x864.jpg 1536w, https:\/\/memurunsesi.net\/wp-content\/uploads\/2025\/07\/AW505424_02-2048x1152.jpg 2048w, https:\/\/memurunsesi.net\/wp-content\/uploads\/2025\/07\/AW505424_02-600x338.jpg 600w\" sizes=\"(max-width: 300px) 100vw, 300px\" \/><figcaption id=\"caption-attachment-9751\" class=\"wp-caption-text\">B\u0130LEC\u0130K&#8217;TE \u00c7IKAN ORMAN YANGINLARINDA K\u00dcL OLAN KA\u015eIK\u00c7I K\u00d6Y\u00dcN\u00dcN CAM\u0130S\u0130N\u0130N \u0130\u00c7\u0130NE H\u0130\u00c7B\u0130R \u015eEY OLAMAMASI \u015eA\u015eIRTTI (BAHADIR TURGUT\/B\u0130LEC\u0130K-\u0130HA)<br \/>Bilecik&#8217;te \u00e7\u0131kan orman yang\u0131nlar\u0131nda k\u00fcl olan Ka\u015f\u0131k\u00e7\u0131 k\u00f6y\u00fcn\u00fcn camisinin i\u00e7ine hi\u00e7bir \u015fey olamamas\u0131 \u015fa\u015f\u0131rtt\u0131. Rahle \u00fczerindeki sayfalar\u0131 a\u00e7\u0131k Kur&#8217;an-\u0131 Kerim&#8217;den hal\u0131s\u0131na kadar hi\u00e7 bozulmayan caminin i\u00e7i g\u00f6r\u00fcnt\u00fclendi.<\/figcaption><\/figure>\n<p><figure id=\"attachment_9752\" aria-describedby=\"caption-attachment-9752\" style=\"width: 300px\" class=\"wp-caption alignnone\"><img  title=\"\" decoding=\"async\" src=\"https:\/\/memurunsesi.net\/wp-content\/uploads\/2025\/07\/AW505424_01-300x169.jpg\"  alt=\"AW505424_01-300x169 K\u00f6y k\u00fcl oldu, caminin i\u00e7i sa\u011flam kald\u0131\"  width=\"300\" height=\"169\" class=\"size-medium wp-image-9752\" srcset=\"https:\/\/memurunsesi.net\/wp-content\/uploads\/2025\/07\/AW505424_01-300x169.jpg 300w, https:\/\/memurunsesi.net\/wp-content\/uploads\/2025\/07\/AW505424_01-1024x576.jpg 1024w, https:\/\/memurunsesi.net\/wp-content\/uploads\/2025\/07\/AW505424_01-768x432.jpg 768w, https:\/\/memurunsesi.net\/wp-content\/uploads\/2025\/07\/AW505424_01-1536x864.jpg 1536w, https:\/\/memurunsesi.net\/wp-content\/uploads\/2025\/07\/AW505424_01-2048x1152.jpg 2048w, https:\/\/memurunsesi.net\/wp-content\/uploads\/2025\/07\/AW505424_01-600x338.jpg 600w\" sizes=\"(max-width: 300px) 100vw, 300px\" \/><figcaption id=\"caption-attachment-9752\" class=\"wp-caption-text\">B\u0130LEC\u0130K&#8217;TE \u00c7IKAN ORMAN YANGINLARINDA K\u00dcL OLAN KA\u015eIK\u00c7I K\u00d6Y\u00dcN\u00dcN CAM\u0130S\u0130N\u0130N \u0130\u00c7\u0130NE H\u0130\u00c7B\u0130R \u015eEY OLAMAMASI \u015eA\u015eIRTTI (BAHADIR TURGUT\/B\u0130LEC\u0130K-\u0130HA)<br \/>Bilecik&#8217;te \u00e7\u0131kan orman yang\u0131nlar\u0131nda k\u00fcl olan Ka\u015f\u0131k\u00e7\u0131 k\u00f6y\u00fcn\u00fcn camisinin i\u00e7ine hi\u00e7bir \u015fey olamamas\u0131 \u015fa\u015f\u0131rtt\u0131. Rahle \u00fczerindeki sayfalar\u0131 a\u00e7\u0131k Kur&#8217;an-\u0131 Kerim&#8217;den hal\u0131s\u0131na kadar hi\u00e7 bozulmayan caminin i\u00e7i g\u00f6r\u00fcnt\u00fclendi.<\/figcaption><\/figure> Bilecik\u2019te \u00e7\u0131kan orman yang\u0131nlar\u0131nda k\u00fcl olan Ka\u015f\u0131k\u00e7\u0131 k\u00f6y\u00fcn\u00fcn camisinin i\u00e7ine hi\u00e7bir \u015fey olamamas\u0131 \u015fa\u015f\u0131rtt\u0131. Rahle \u00fczerindeki sayfalar\u0131 a\u00e7\u0131k Kur&#8217;an-\u0131 Kerim\u2019den hal\u0131s\u0131na kadar hi\u00e7 bozulmayan caminin i\u00e7i g\u00f6r\u00fcnt\u00fclendi.<br \/>\n  Sakarya\u2019dan Bilecik\u2019e s\u0131\u00e7rayan yang\u0131nlarda Osmaneli il\u00e7esine ba\u011fl\u0131 Ka\u015f\u0131k\u00e7\u0131 k\u00f6y\u00fcnde b\u00fcy\u00fck tahribat olu\u015fmu\u015ftu. Alevlerin ula\u015ft\u0131\u011f\u0131 k\u00f6yde bir\u00e7ok ev k\u00fcl olurken, onlarca hayvan yanarak telef olmu\u015ftu. Evleri yanan mahalleli AFAD taraf\u0131ndan k\u00f6y\u00fcn yak\u0131n\u0131na kurulan konteyner evlere yerle\u015fti.<br \/>\n  K\u00f6yde di\u011fer yap\u0131lar gibi hasar alan mahalle camiinin i\u00e7i ise g\u00f6renleri \u015fa\u015f\u0131rtt\u0131. D\u0131\u015f\u0131 ve kubbeleri yanan ve k\u00fcl olan caminin i\u00e7erisindeki hal\u0131lar\u0131n bile bozulmamas\u0131 \u015fa\u015f\u0131rtt\u0131. Kap\u0131s\u0131 kilitlenen caminin i\u00e7i camdan g\u00f6r\u00fcnt\u00fclendi.  Rahle \u00fczerindeki sayfalar\u0131 a\u00e7\u0131k Kur&#8217;an-\u0131 Kerim\u2019den avizesine kadar hi\u00e7bir \u015fey olmamas\u0131 \u015fa\u015f\u0131rtt\u0131. <\/p>\n<p>27.07.2025                             <\/p>\n","protected":false},"excerpt":{"rendered":"<p>Bilecik\u2019te \u00e7\u0131kan orman yang\u0131nlar\u0131nda k\u00fcl olan Ka\u015f\u0131k\u00e7\u0131 k\u00f6y\u00fcn\u00fcn camisinin i\u00e7ine hi\u00e7bir \u015fey olamamas\u0131 \u015fa\u015f\u0131rtt\u0131. Rahle \u00fczerindeki sayfalar\u0131 a\u00e7\u0131k Kur&#8217;an-\u0131 Kerim\u2019den hal\u0131s\u0131na kadar hi\u00e7 bozulmayan caminin i\u00e7i g\u00f6r\u00fcnt\u00fclendi. Sakarya\u2019dan Bilecik\u2019e s\u0131\u00e7rayan yang\u0131nlarda Osmaneli il\u00e7esine ba\u011fl\u0131 Ka\u015f\u0131k\u00e7\u0131 k\u00f6y\u00fcnde b\u00fcy\u00fck tahribat olu\u015fmu\u015ftu. Alevlerin ula\u015ft\u0131\u011f\u0131 k\u00f6yde bir\u00e7ok ev k\u00fcl olurken, onlarca hayvan yanarak telef olmu\u015ftu. Evleri yanan mahalleli AFAD [&hellip;]<\/p>\n","protected":false},"author":1,"featured_media":0,"comment_status":"open","ping_status":"open","sticky":false,"template":"","format":"standard","meta":{"footnotes":""},"categories":[1],"tags":[],"class_list":["post-9750","post","type-post","status-publish","format-standard","hentry","category-genel"],"yoast_head":"<!-- This site is optimized with the Yoast SEO plugin v27.4 - https:\/\/yoast.com\/product\/yoast-seo-wordpress\/ -->\n<title>K\u00f6y k\u00fcl oldu, caminin i\u00e7i sa\u011flam kald\u0131 - Memurun Sesi<\/title>\n<meta name=\"robots\" content=\"index, follow, max-snippet:-1, max-image-preview:large, max-video-preview:-1\" \/>\n<link rel=\"canonical\" href=\"https:\/\/memurunsesi.net\/index.php\/2025\/07\/27\/koy-kul-oldu-caminin-ici-saglam-kaldi\/\" \/>\n<meta property=\"og:locale\" content=\"tr_TR\" \/>\n<meta property=\"og:type\" content=\"article\" \/>\n<meta property=\"og:title\" content=\"K\u00f6y k\u00fcl oldu, caminin i\u00e7i sa\u011flam kald\u0131 - Memurun Sesi\" \/>\n<meta property=\"og:description\" content=\"Bilecik\u2019te \u00e7\u0131kan orman yang\u0131nlar\u0131nda k\u00fcl olan Ka\u015f\u0131k\u00e7\u0131 k\u00f6y\u00fcn\u00fcn camisinin i\u00e7ine hi\u00e7bir \u015fey olamamas\u0131 \u015fa\u015f\u0131rtt\u0131. Rahle \u00fczerindeki sayfalar\u0131 a\u00e7\u0131k Kur&#8217;an-\u0131 Kerim\u2019den hal\u0131s\u0131na kadar hi\u00e7 bozulmayan caminin i\u00e7i g\u00f6r\u00fcnt\u00fclendi. Sakarya\u2019dan Bilecik\u2019e s\u0131\u00e7rayan yang\u0131nlarda Osmaneli il\u00e7esine ba\u011fl\u0131 Ka\u015f\u0131k\u00e7\u0131 k\u00f6y\u00fcnde b\u00fcy\u00fck tahribat olu\u015fmu\u015ftu. Alevlerin ula\u015ft\u0131\u011f\u0131 k\u00f6yde bir\u00e7ok ev k\u00fcl olurken, onlarca hayvan yanarak telef olmu\u015ftu. Evleri yanan mahalleli AFAD [&hellip;]\" \/>\n<meta property=\"og:url\" content=\"https:\/\/memurunsesi.net\/index.php\/2025\/07\/27\/koy-kul-oldu-caminin-ici-saglam-kaldi\/\" \/>\n<meta property=\"og:site_name\" content=\"Memurun Sesi\" \/>\n<meta property=\"article:publisher\" content=\"https:\/\/www.facebook.com\/unipersen\/?locale=tr_TR\" \/>\n<meta property=\"article:published_time\" content=\"2025-07-27T10:23:10+00:00\" \/>\n<meta property=\"og:image\" content=\"https:\/\/memurunsesi.net\/wp-content\/uploads\/2025\/07\/AW505424_02-scaled.jpg\" \/>\n\t<meta property=\"og:image:width\" content=\"2560\" \/>\n\t<meta property=\"og:image:height\" content=\"1440\" \/>\n\t<meta property=\"og:image:type\" content=\"image\/jpeg\" \/>\n<meta name=\"author\" content=\"Memurun Sesi Haber Merkezi\" \/>\n<meta name=\"twitter:card\" content=\"summary_large_image\" \/>\n<meta name=\"twitter:creator\" content=\"@unipersen\" \/>\n<meta name=\"twitter:site\" content=\"@unipersen\" \/>\n<meta name=\"twitter:label1\" content=\"Yazan:\" \/>\n\t<meta name=\"twitter:data1\" content=\"Memurun Sesi Haber Merkezi\" \/>\n\t<meta name=\"twitter:label2\" content=\"Tahmini okuma s\u00fcresi\" \/>\n\t<meta name=\"twitter:data2\" content=\"1 dakika\" \/>\n<script type=\"application\/ld+json\" class=\"yoast-schema-graph\">{\"@context\":\"https:\\\/\\\/schema.org\",\"@graph\":[{\"@type\":\"Article\",\"@id\":\"https:\\\/\\\/memurunsesi.net\\\/index.php\\\/2025\\\/07\\\/27\\\/koy-kul-oldu-caminin-ici-saglam-kaldi\\\/#article\",\"isPartOf\":{\"@id\":\"https:\\\/\\\/memurunsesi.net\\\/index.php\\\/2025\\\/07\\\/27\\\/koy-kul-oldu-caminin-ici-saglam-kaldi\\\/\"},\"author\":{\"name\":\"Memurun Sesi Haber Merkezi\",\"@id\":\"https:\\\/\\\/memurunsesi.net\\\/#\\\/schema\\\/person\\\/f21c2d73b89f6ee1d80b0a1803e38587\"},\"headline\":\"K\u00f6y k\u00fcl oldu, caminin i\u00e7i sa\u011flam kald\u0131\",\"datePublished\":\"2025-07-27T10:23:10+00:00\",\"mainEntityOfPage\":{\"@id\":\"https:\\\/\\\/memurunsesi.net\\\/index.php\\\/2025\\\/07\\\/27\\\/koy-kul-oldu-caminin-ici-saglam-kaldi\\\/\"},\"wordCount\":359,\"commentCount\":0,\"publisher\":{\"@id\":\"https:\\\/\\\/memurunsesi.net\\\/#organization\"},\"image\":{\"@id\":\"https:\\\/\\\/memurunsesi.net\\\/index.php\\\/2025\\\/07\\\/27\\\/koy-kul-oldu-caminin-ici-saglam-kaldi\\\/#primaryimage\"},\"thumbnailUrl\":\"https:\\\/\\\/memurunsesi.net\\\/wp-content\\\/uploads\\\/2025\\\/07\\\/AW505424_02-300x169.jpg\",\"inLanguage\":\"tr\",\"potentialAction\":[{\"@type\":\"CommentAction\",\"name\":\"Comment\",\"target\":[\"https:\\\/\\\/memurunsesi.net\\\/index.php\\\/2025\\\/07\\\/27\\\/koy-kul-oldu-caminin-ici-saglam-kaldi\\\/#respond\"]}]},{\"@type\":\"WebPage\",\"@id\":\"https:\\\/\\\/memurunsesi.net\\\/index.php\\\/2025\\\/07\\\/27\\\/koy-kul-oldu-caminin-ici-saglam-kaldi\\\/\",\"url\":\"https:\\\/\\\/memurunsesi.net\\\/index.php\\\/2025\\\/07\\\/27\\\/koy-kul-oldu-caminin-ici-saglam-kaldi\\\/\",\"name\":\"K\u00f6y k\u00fcl oldu, caminin i\u00e7i sa\u011flam kald\u0131 - Memurun Sesi\",\"isPartOf\":{\"@id\":\"https:\\\/\\\/memurunsesi.net\\\/#website\"},\"primaryImageOfPage\":{\"@id\":\"https:\\\/\\\/memurunsesi.net\\\/index.php\\\/2025\\\/07\\\/27\\\/koy-kul-oldu-caminin-ici-saglam-kaldi\\\/#primaryimage\"},\"image\":{\"@id\":\"https:\\\/\\\/memurunsesi.net\\\/index.php\\\/2025\\\/07\\\/27\\\/koy-kul-oldu-caminin-ici-saglam-kaldi\\\/#primaryimage\"},\"thumbnailUrl\":\"https:\\\/\\\/memurunsesi.net\\\/wp-content\\\/uploads\\\/2025\\\/07\\\/AW505424_02-300x169.jpg\",\"datePublished\":\"2025-07-27T10:23:10+00:00\",\"breadcrumb\":{\"@id\":\"https:\\\/\\\/memurunsesi.net\\\/index.php\\\/2025\\\/07\\\/27\\\/koy-kul-oldu-caminin-ici-saglam-kaldi\\\/#breadcrumb\"},\"inLanguage\":\"tr\",\"potentialAction\":[{\"@type\":\"ReadAction\",\"target\":[\"https:\\\/\\\/memurunsesi.net\\\/index.php\\\/2025\\\/07\\\/27\\\/koy-kul-oldu-caminin-ici-saglam-kaldi\\\/\"]}]},{\"@type\":\"ImageObject\",\"inLanguage\":\"tr\",\"@id\":\"https:\\\/\\\/memurunsesi.net\\\/index.php\\\/2025\\\/07\\\/27\\\/koy-kul-oldu-caminin-ici-saglam-kaldi\\\/#primaryimage\",\"url\":\"https:\\\/\\\/memurunsesi.net\\\/wp-content\\\/uploads\\\/2025\\\/07\\\/AW505424_02-scaled.jpg\",\"contentUrl\":\"https:\\\/\\\/memurunsesi.net\\\/wp-content\\\/uploads\\\/2025\\\/07\\\/AW505424_02-scaled.jpg\",\"width\":2560,\"height\":1440,\"caption\":\"B\u0130LEC\u0130K'TE \u00c7IKAN ORMAN YANGINLARINDA K\u00dcL OLAN KA\u015eIK\u00c7I K\u00d6Y\u00dcN\u00dcN CAM\u0130S\u0130N\u0130N \u0130\u00c7\u0130NE H\u0130\u00c7B\u0130R \u015eEY OLAMAMASI \u015eA\u015eIRTTI (BAHADIR TURGUT\\\/B\u0130LEC\u0130K-\u0130HA) Bilecik'te \u00e7\u0131kan orman yang\u0131nlar\u0131nda k\u00fcl olan Ka\u015f\u0131k\u00e7\u0131 k\u00f6y\u00fcn\u00fcn camisinin i\u00e7ine hi\u00e7bir \u015fey olamamas\u0131 \u015fa\u015f\u0131rtt\u0131. Rahle \u00fczerindeki sayfalar\u0131 a\u00e7\u0131k Kur'an-\u0131 Kerim'den hal\u0131s\u0131na kadar hi\u00e7 bozulmayan caminin i\u00e7i g\u00f6r\u00fcnt\u00fclendi.\"},{\"@type\":\"BreadcrumbList\",\"@id\":\"https:\\\/\\\/memurunsesi.net\\\/index.php\\\/2025\\\/07\\\/27\\\/koy-kul-oldu-caminin-ici-saglam-kaldi\\\/#breadcrumb\",\"itemListElement\":[{\"@type\":\"ListItem\",\"position\":1,\"name\":\"Anasayfa\",\"item\":\"https:\\\/\\\/memurunsesi.net\\\/\"},{\"@type\":\"ListItem\",\"position\":2,\"name\":\"K\u00f6y k\u00fcl oldu, caminin i\u00e7i sa\u011flam kald\u0131\"}]},{\"@type\":\"WebSite\",\"@id\":\"https:\\\/\\\/memurunsesi.net\\\/#website\",\"url\":\"https:\\\/\\\/memurunsesi.net\\\/\",\"name\":\"Memurun Sesi\",\"description\":\"G\u00fcncel ve Do\u011fru Haber\",\"publisher\":{\"@id\":\"https:\\\/\\\/memurunsesi.net\\\/#organization\"},\"potentialAction\":[{\"@type\":\"SearchAction\",\"target\":{\"@type\":\"EntryPoint\",\"urlTemplate\":\"https:\\\/\\\/memurunsesi.net\\\/?s={search_term_string}\"},\"query-input\":{\"@type\":\"PropertyValueSpecification\",\"valueRequired\":true,\"valueName\":\"search_term_string\"}}],\"inLanguage\":\"tr\"},{\"@type\":\"Organization\",\"@id\":\"https:\\\/\\\/memurunsesi.net\\\/#organization\",\"name\":\"Memurun Sesi\",\"url\":\"https:\\\/\\\/memurunsesi.net\\\/\",\"logo\":{\"@type\":\"ImageObject\",\"inLanguage\":\"tr\",\"@id\":\"https:\\\/\\\/memurunsesi.net\\\/#\\\/schema\\\/logo\\\/image\\\/\",\"url\":\"https:\\\/\\\/memurunsesi.net\\\/wp-content\\\/uploads\\\/2025\\\/11\\\/cropped-MEMURUN-SESI.png\",\"contentUrl\":\"https:\\\/\\\/memurunsesi.net\\\/wp-content\\\/uploads\\\/2025\\\/11\\\/cropped-MEMURUN-SESI.png\",\"width\":238,\"height\":57,\"caption\":\"Memurun Sesi\"},\"image\":{\"@id\":\"https:\\\/\\\/memurunsesi.net\\\/#\\\/schema\\\/logo\\\/image\\\/\"},\"sameAs\":[\"https:\\\/\\\/www.facebook.com\\\/unipersen\\\/?locale=tr_TR\",\"https:\\\/\\\/x.com\\\/unipersen\"]},{\"@type\":\"Person\",\"@id\":\"https:\\\/\\\/memurunsesi.net\\\/#\\\/schema\\\/person\\\/f21c2d73b89f6ee1d80b0a1803e38587\",\"name\":\"Memurun Sesi Haber Merkezi\",\"image\":{\"@type\":\"ImageObject\",\"inLanguage\":\"tr\",\"@id\":\"https:\\\/\\\/secure.gravatar.com\\\/avatar\\\/6cf0505f452ee753f485014986fab09a434671d2b919ee76fc541025c5876a70?s=96&d=mm&r=g\",\"url\":\"https:\\\/\\\/secure.gravatar.com\\\/avatar\\\/6cf0505f452ee753f485014986fab09a434671d2b919ee76fc541025c5876a70?s=96&d=mm&r=g\",\"contentUrl\":\"https:\\\/\\\/secure.gravatar.com\\\/avatar\\\/6cf0505f452ee753f485014986fab09a434671d2b919ee76fc541025c5876a70?s=96&d=mm&r=g\",\"caption\":\"Memurun Sesi Haber Merkezi\"},\"sameAs\":[\"https:\\\/\\\/memurunsesi.net\"],\"url\":\"https:\\\/\\\/memurunsesi.net\\\/index.php\\\/author\\\/uniper\\\/\"}]}<\/script>\n<!-- \/ Yoast SEO plugin. -->","yoast_head_json":{"title":"K\u00f6y k\u00fcl oldu, caminin i\u00e7i sa\u011flam kald\u0131 - Memurun Sesi","robots":{"index":"index","follow":"follow","max-snippet":"max-snippet:-1","max-image-preview":"max-image-preview:large","max-video-preview":"max-video-preview:-1"},"canonical":"https:\/\/memurunsesi.net\/index.php\/2025\/07\/27\/koy-kul-oldu-caminin-ici-saglam-kaldi\/","og_locale":"tr_TR","og_type":"article","og_title":"K\u00f6y k\u00fcl oldu, caminin i\u00e7i sa\u011flam kald\u0131 - Memurun Sesi","og_description":"Bilecik\u2019te \u00e7\u0131kan orman yang\u0131nlar\u0131nda k\u00fcl olan Ka\u015f\u0131k\u00e7\u0131 k\u00f6y\u00fcn\u00fcn camisinin i\u00e7ine hi\u00e7bir \u015fey olamamas\u0131 \u015fa\u015f\u0131rtt\u0131. Rahle \u00fczerindeki sayfalar\u0131 a\u00e7\u0131k Kur&#8217;an-\u0131 Kerim\u2019den hal\u0131s\u0131na kadar hi\u00e7 bozulmayan caminin i\u00e7i g\u00f6r\u00fcnt\u00fclendi. Sakarya\u2019dan Bilecik\u2019e s\u0131\u00e7rayan yang\u0131nlarda Osmaneli il\u00e7esine ba\u011fl\u0131 Ka\u015f\u0131k\u00e7\u0131 k\u00f6y\u00fcnde b\u00fcy\u00fck tahribat olu\u015fmu\u015ftu. Alevlerin ula\u015ft\u0131\u011f\u0131 k\u00f6yde bir\u00e7ok ev k\u00fcl olurken, onlarca hayvan yanarak telef olmu\u015ftu. Evleri yanan mahalleli AFAD [&hellip;]","og_url":"https:\/\/memurunsesi.net\/index.php\/2025\/07\/27\/koy-kul-oldu-caminin-ici-saglam-kaldi\/","og_site_name":"Memurun Sesi","article_publisher":"https:\/\/www.facebook.com\/unipersen\/?locale=tr_TR","article_published_time":"2025-07-27T10:23:10+00:00","og_image":[{"width":2560,"height":1440,"url":"https:\/\/memurunsesi.net\/wp-content\/uploads\/2025\/07\/AW505424_02-scaled.jpg","type":"image\/jpeg"}],"author":"Memurun Sesi Haber Merkezi","twitter_card":"summary_large_image","twitter_creator":"@unipersen","twitter_site":"@unipersen","twitter_misc":{"Yazan:":"Memurun Sesi Haber Merkezi","Tahmini okuma s\u00fcresi":"1 dakika"},"schema":{"@context":"https:\/\/schema.org","@graph":[{"@type":"Article","@id":"https:\/\/memurunsesi.net\/index.php\/2025\/07\/27\/koy-kul-oldu-caminin-ici-saglam-kaldi\/#article","isPartOf":{"@id":"https:\/\/memurunsesi.net\/index.php\/2025\/07\/27\/koy-kul-oldu-caminin-ici-saglam-kaldi\/"},"author":{"name":"Memurun Sesi Haber Merkezi","@id":"https:\/\/memurunsesi.net\/#\/schema\/person\/f21c2d73b89f6ee1d80b0a1803e38587"},"headline":"K\u00f6y k\u00fcl oldu, caminin i\u00e7i sa\u011flam kald\u0131","datePublished":"2025-07-27T10:23:10+00:00","mainEntityOfPage":{"@id":"https:\/\/memurunsesi.net\/index.php\/2025\/07\/27\/koy-kul-oldu-caminin-ici-saglam-kaldi\/"},"wordCount":359,"commentCount":0,"publisher":{"@id":"https:\/\/memurunsesi.net\/#organization"},"image":{"@id":"https:\/\/memurunsesi.net\/index.php\/2025\/07\/27\/koy-kul-oldu-caminin-ici-saglam-kaldi\/#primaryimage"},"thumbnailUrl":"https:\/\/memurunsesi.net\/wp-content\/uploads\/2025\/07\/AW505424_02-300x169.jpg","inLanguage":"tr","potentialAction":[{"@type":"CommentAction","name":"Comment","target":["https:\/\/memurunsesi.net\/index.php\/2025\/07\/27\/koy-kul-oldu-caminin-ici-saglam-kaldi\/#respond"]}]},{"@type":"WebPage","@id":"https:\/\/memurunsesi.net\/index.php\/2025\/07\/27\/koy-kul-oldu-caminin-ici-saglam-kaldi\/","url":"https:\/\/memurunsesi.net\/index.php\/2025\/07\/27\/koy-kul-oldu-caminin-ici-saglam-kaldi\/","name":"K\u00f6y k\u00fcl oldu, caminin i\u00e7i sa\u011flam kald\u0131 - Memurun Sesi","isPartOf":{"@id":"https:\/\/memurunsesi.net\/#website"},"primaryImageOfPage":{"@id":"https:\/\/memurunsesi.net\/index.php\/2025\/07\/27\/koy-kul-oldu-caminin-ici-saglam-kaldi\/#primaryimage"},"image":{"@id":"https:\/\/memurunsesi.net\/index.php\/2025\/07\/27\/koy-kul-oldu-caminin-ici-saglam-kaldi\/#primaryimage"},"thumbnailUrl":"https:\/\/memurunsesi.net\/wp-content\/uploads\/2025\/07\/AW505424_02-300x169.jpg","datePublished":"2025-07-27T10:23:10+00:00","breadcrumb":{"@id":"https:\/\/memurunsesi.net\/index.php\/2025\/07\/27\/koy-kul-oldu-caminin-ici-saglam-kaldi\/#breadcrumb"},"inLanguage":"tr","potentialAction":[{"@type":"ReadAction","target":["https:\/\/memurunsesi.net\/index.php\/2025\/07\/27\/koy-kul-oldu-caminin-ici-saglam-kaldi\/"]}]},{"@type":"ImageObject","inLanguage":"tr","@id":"https:\/\/memurunsesi.net\/index.php\/2025\/07\/27\/koy-kul-oldu-caminin-ici-saglam-kaldi\/#primaryimage","url":"https:\/\/memurunsesi.net\/wp-content\/uploads\/2025\/07\/AW505424_02-scaled.jpg","contentUrl":"https:\/\/memurunsesi.net\/wp-content\/uploads\/2025\/07\/AW505424_02-scaled.jpg","width":2560,"height":1440,"caption":"B\u0130LEC\u0130K'TE \u00c7IKAN ORMAN YANGINLARINDA K\u00dcL OLAN KA\u015eIK\u00c7I K\u00d6Y\u00dcN\u00dcN CAM\u0130S\u0130N\u0130N \u0130\u00c7\u0130NE H\u0130\u00c7B\u0130R \u015eEY OLAMAMASI \u015eA\u015eIRTTI (BAHADIR TURGUT\/B\u0130LEC\u0130K-\u0130HA) Bilecik'te \u00e7\u0131kan orman yang\u0131nlar\u0131nda k\u00fcl olan Ka\u015f\u0131k\u00e7\u0131 k\u00f6y\u00fcn\u00fcn camisinin i\u00e7ine hi\u00e7bir \u015fey olamamas\u0131 \u015fa\u015f\u0131rtt\u0131. Rahle \u00fczerindeki sayfalar\u0131 a\u00e7\u0131k Kur'an-\u0131 Kerim'den hal\u0131s\u0131na kadar hi\u00e7 bozulmayan caminin i\u00e7i g\u00f6r\u00fcnt\u00fclendi."},{"@type":"BreadcrumbList","@id":"https:\/\/memurunsesi.net\/index.php\/2025\/07\/27\/koy-kul-oldu-caminin-ici-saglam-kaldi\/#breadcrumb","itemListElement":[{"@type":"ListItem","position":1,"name":"Anasayfa","item":"https:\/\/memurunsesi.net\/"},{"@type":"ListItem","position":2,"name":"K\u00f6y k\u00fcl oldu, caminin i\u00e7i sa\u011flam kald\u0131"}]},{"@type":"WebSite","@id":"https:\/\/memurunsesi.net\/#website","url":"https:\/\/memurunsesi.net\/","name":"Memurun Sesi","description":"G\u00fcncel ve Do\u011fru Haber","publisher":{"@id":"https:\/\/memurunsesi.net\/#organization"},"potentialAction":[{"@type":"SearchAction","target":{"@type":"EntryPoint","urlTemplate":"https:\/\/memurunsesi.net\/?s={search_term_string}"},"query-input":{"@type":"PropertyValueSpecification","valueRequired":true,"valueName":"search_term_string"}}],"inLanguage":"tr"},{"@type":"Organization","@id":"https:\/\/memurunsesi.net\/#organization","name":"Memurun Sesi","url":"https:\/\/memurunsesi.net\/","logo":{"@type":"ImageObject","inLanguage":"tr","@id":"https:\/\/memurunsesi.net\/#\/schema\/logo\/image\/","url":"https:\/\/memurunsesi.net\/wp-content\/uploads\/2025\/11\/cropped-MEMURUN-SESI.png","contentUrl":"https:\/\/memurunsesi.net\/wp-content\/uploads\/2025\/11\/cropped-MEMURUN-SESI.png","width":238,"height":57,"caption":"Memurun Sesi"},"image":{"@id":"https:\/\/memurunsesi.net\/#\/schema\/logo\/image\/"},"sameAs":["https:\/\/www.facebook.com\/unipersen\/?locale=tr_TR","https:\/\/x.com\/unipersen"]},{"@type":"Person","@id":"https:\/\/memurunsesi.net\/#\/schema\/person\/f21c2d73b89f6ee1d80b0a1803e38587","name":"Memurun Sesi Haber Merkezi","image":{"@type":"ImageObject","inLanguage":"tr","@id":"https:\/\/secure.gravatar.com\/avatar\/6cf0505f452ee753f485014986fab09a434671d2b919ee76fc541025c5876a70?s=96&d=mm&r=g","url":"https:\/\/secure.gravatar.com\/avatar\/6cf0505f452ee753f485014986fab09a434671d2b919ee76fc541025c5876a70?s=96&d=mm&r=g","contentUrl":"https:\/\/secure.gravatar.com\/avatar\/6cf0505f452ee753f485014986fab09a434671d2b919ee76fc541025c5876a70?s=96&d=mm&r=g","caption":"Memurun Sesi Haber Merkezi"},"sameAs":["https:\/\/memurunsesi.net"],"url":"https:\/\/memurunsesi.net\/index.php\/author\/uniper\/"}]}},"_links":{"self":[{"href":"https:\/\/memurunsesi.net\/index.php\/wp-json\/wp\/v2\/posts\/9750","targetHints":{"allow":["GET"]}}],"collection":[{"href":"https:\/\/memurunsesi.net\/index.php\/wp-json\/wp\/v2\/posts"}],"about":[{"href":"https:\/\/memurunsesi.net\/index.php\/wp-json\/wp\/v2\/types\/post"}],"author":[{"embeddable":true,"href":"https:\/\/memurunsesi.net\/index.php\/wp-json\/wp\/v2\/users\/1"}],"replies":[{"embeddable":true,"href":"https:\/\/memurunsesi.net\/index.php\/wp-json\/wp\/v2\/comments?post=9750"}],"version-history":[{"count":1,"href":"https:\/\/memurunsesi.net\/index.php\/wp-json\/wp\/v2\/posts\/9750\/revisions"}],"predecessor-version":[{"id":9753,"href":"https:\/\/memurunsesi.net\/index.php\/wp-json\/wp\/v2\/posts\/9750\/revisions\/9753"}],"wp:attachment":[{"href":"https:\/\/memurunsesi.net\/index.php\/wp-json\/wp\/v2\/media?parent=9750"}],"wp:term":[{"taxonomy":"category","embeddable":true,"href":"https:\/\/memurunsesi.net\/index.php\/wp-json\/wp\/v2\/categories?post=9750"},{"taxonomy":"post_tag","embeddable":true,"href":"https:\/\/memurunsesi.net\/index.php\/wp-json\/wp\/v2\/tags?post=9750"}],"curies":[{"name":"wp","href":"https:\/\/api.w.org\/{rel}","templated":true}]}}