{"id":9757,"date":"2025-07-28T08:40:17","date_gmt":"2025-07-28T05:40:17","guid":{"rendered":"https:\/\/memurunsesi.net\/?p=9757"},"modified":"2025-07-28T08:40:17","modified_gmt":"2025-07-28T05:40:17","slug":"aydintepede-termometreler-37-dereceyi-gosterdi","status":"publish","type":"post","link":"https:\/\/memurunsesi.net\/index.php\/2025\/07\/28\/aydintepede-termometreler-37-dereceyi-gosterdi\/","title":{"rendered":"Ayd\u0131ntepe\u2019de termometreler 37 dereceyi g\u00f6sterdi"},"content":{"rendered":"<p>   S\u0131cak havan\u0131n etkili oldu\u011fu Bayburt\u2019ta en y\u00fcksek s\u0131cakl\u0131k 37 derece ile Ayd\u0131ntepe il\u00e7esinde \u00f6l\u00e7\u00fcld\u00fc.<br \/>\nMeteoroloji 12. B\u00f6lge M\u00fcd\u00fcrl\u00fc\u011f\u00fc ekiplerince yap\u0131lan son de\u011ferlendirmeye g\u00f6re, bug\u00fcn b\u00f6lge genelinde hava par\u00e7al\u0131 bulutlu ge\u00e7ecek. Hava s\u0131cakl\u0131\u011f\u0131 mevsim normalleri \u00fczerinde seyredecek. R\u00fczg\u00e2r g\u00fcney ve bat\u0131l\u0131 y\u00f6nlerinden hafif, zaman zaman orta kuvvette esecek.<br \/>\n  En y\u00fcksek hava s\u0131cakl\u0131\u011f\u0131 Ayd\u0131ntepe\u2019de 37 derece, Bayburt merkezde 36, Demir\u00f6z\u00fc\u2019nde 35 derece olarak \u00f6l\u00e7\u00fcld\u00fc.<br \/>\n  S\u0131cak havan\u0131n hafta sonuna kadar etkisini s\u00fcrd\u00fcrece\u011fi belirtildi. <\/p>\n<p>28.07.2025                                 <\/p>\n","protected":false},"excerpt":{"rendered":"<p>S\u0131cak havan\u0131n etkili oldu\u011fu Bayburt\u2019ta en y\u00fcksek s\u0131cakl\u0131k 37 derece ile Ayd\u0131ntepe il\u00e7esinde \u00f6l\u00e7\u00fcld\u00fc. Meteoroloji 12. B\u00f6lge M\u00fcd\u00fcrl\u00fc\u011f\u00fc ekiplerince yap\u0131lan son de\u011ferlendirmeye g\u00f6re, bug\u00fcn b\u00f6lge genelinde hava par\u00e7al\u0131 bulutlu ge\u00e7ecek. Hava s\u0131cakl\u0131\u011f\u0131 mevsim normalleri \u00fczerinde seyredecek. R\u00fczg\u00e2r g\u00fcney ve bat\u0131l\u0131 y\u00f6nlerinden hafif, zaman zaman orta kuvvette esecek. En y\u00fcksek hava s\u0131cakl\u0131\u011f\u0131 Ayd\u0131ntepe\u2019de 37 derece, Bayburt [&hellip;]<\/p>\n","protected":false},"author":1,"featured_media":9758,"comment_status":"open","ping_status":"open","sticky":false,"template":"","format":"standard","meta":{"footnotes":""},"categories":[50],"tags":[],"class_list":["post-9757","post","type-post","status-publish","format-standard","has-post-thumbnail","hentry","category-tum-haberler"],"yoast_head":"<!-- This site is optimized with the Yoast SEO plugin v27.4 - https:\/\/yoast.com\/product\/yoast-seo-wordpress\/ -->\n<title>Ayd\u0131ntepe\u2019de termometreler 37 dereceyi g\u00f6sterdi - Memurun Sesi<\/title>\n<meta name=\"robots\" content=\"index, follow, max-snippet:-1, max-image-preview:large, max-video-preview:-1\" \/>\n<link rel=\"canonical\" href=\"https:\/\/memurunsesi.net\/index.php\/2025\/07\/28\/aydintepede-termometreler-37-dereceyi-gosterdi\/\" \/>\n<meta property=\"og:locale\" content=\"tr_TR\" \/>\n<meta property=\"og:type\" content=\"article\" \/>\n<meta property=\"og:title\" content=\"Ayd\u0131ntepe\u2019de termometreler 37 dereceyi g\u00f6sterdi - Memurun Sesi\" \/>\n<meta property=\"og:description\" content=\"S\u0131cak havan\u0131n etkili oldu\u011fu Bayburt\u2019ta en y\u00fcksek s\u0131cakl\u0131k 37 derece ile Ayd\u0131ntepe il\u00e7esinde \u00f6l\u00e7\u00fcld\u00fc. Meteoroloji 12. B\u00f6lge M\u00fcd\u00fcrl\u00fc\u011f\u00fc ekiplerince yap\u0131lan son de\u011ferlendirmeye g\u00f6re, bug\u00fcn b\u00f6lge genelinde hava par\u00e7al\u0131 bulutlu ge\u00e7ecek. Hava s\u0131cakl\u0131\u011f\u0131 mevsim normalleri \u00fczerinde seyredecek. R\u00fczg\u00e2r g\u00fcney ve bat\u0131l\u0131 y\u00f6nlerinden hafif, zaman zaman orta kuvvette esecek. En y\u00fcksek hava s\u0131cakl\u0131\u011f\u0131 Ayd\u0131ntepe\u2019de 37 derece, Bayburt [&hellip;]\" \/>\n<meta property=\"og:url\" content=\"https:\/\/memurunsesi.net\/index.php\/2025\/07\/28\/aydintepede-termometreler-37-dereceyi-gosterdi\/\" \/>\n<meta property=\"og:site_name\" content=\"Memurun Sesi\" \/>\n<meta property=\"article:publisher\" content=\"https:\/\/www.facebook.com\/unipersen\/?locale=tr_TR\" \/>\n<meta property=\"article:published_time\" content=\"2025-07-28T05:40:17+00:00\" \/>\n<meta property=\"og:image\" content=\"https:\/\/memurunsesi.net\/wp-content\/uploads\/2025\/07\/AW505721_01.jpg\" \/>\n\t<meta property=\"og:image:width\" content=\"999\" \/>\n\t<meta property=\"og:image:height\" content=\"679\" \/>\n\t<meta property=\"og:image:type\" content=\"image\/jpeg\" \/>\n<meta name=\"author\" content=\"Memurun Sesi Haber Merkezi\" \/>\n<meta name=\"twitter:card\" content=\"summary_large_image\" \/>\n<meta name=\"twitter:creator\" content=\"@unipersen\" \/>\n<meta name=\"twitter:site\" content=\"@unipersen\" \/>\n<meta name=\"twitter:label1\" content=\"Yazan:\" \/>\n\t<meta name=\"twitter:data1\" content=\"Memurun Sesi Haber Merkezi\" \/>\n\t<meta name=\"twitter:label2\" content=\"Tahmini okuma s\u00fcresi\" \/>\n\t<meta name=\"twitter:data2\" content=\"1 dakika\" \/>\n<script type=\"application\/ld+json\" class=\"yoast-schema-graph\">{\"@context\":\"https:\\\/\\\/schema.org\",\"@graph\":[{\"@type\":\"Article\",\"@id\":\"https:\\\/\\\/memurunsesi.net\\\/index.php\\\/2025\\\/07\\\/28\\\/aydintepede-termometreler-37-dereceyi-gosterdi\\\/#article\",\"isPartOf\":{\"@id\":\"https:\\\/\\\/memurunsesi.net\\\/index.php\\\/2025\\\/07\\\/28\\\/aydintepede-termometreler-37-dereceyi-gosterdi\\\/\"},\"author\":{\"name\":\"Memurun Sesi Haber Merkezi\",\"@id\":\"https:\\\/\\\/memurunsesi.net\\\/#\\\/schema\\\/person\\\/f21c2d73b89f6ee1d80b0a1803e38587\"},\"headline\":\"Ayd\u0131ntepe\u2019de termometreler 37 dereceyi g\u00f6sterdi\",\"datePublished\":\"2025-07-28T05:40:17+00:00\",\"mainEntityOfPage\":{\"@id\":\"https:\\\/\\\/memurunsesi.net\\\/index.php\\\/2025\\\/07\\\/28\\\/aydintepede-termometreler-37-dereceyi-gosterdi\\\/\"},\"wordCount\":110,\"commentCount\":0,\"publisher\":{\"@id\":\"https:\\\/\\\/memurunsesi.net\\\/#organization\"},\"image\":{\"@id\":\"https:\\\/\\\/memurunsesi.net\\\/index.php\\\/2025\\\/07\\\/28\\\/aydintepede-termometreler-37-dereceyi-gosterdi\\\/#primaryimage\"},\"thumbnailUrl\":\"https:\\\/\\\/memurunsesi.net\\\/wp-content\\\/uploads\\\/2025\\\/07\\\/AW505721_01.jpg\",\"articleSection\":[\"T\u00fcm Haberler\"],\"inLanguage\":\"tr\",\"potentialAction\":[{\"@type\":\"CommentAction\",\"name\":\"Comment\",\"target\":[\"https:\\\/\\\/memurunsesi.net\\\/index.php\\\/2025\\\/07\\\/28\\\/aydintepede-termometreler-37-dereceyi-gosterdi\\\/#respond\"]}]},{\"@type\":\"WebPage\",\"@id\":\"https:\\\/\\\/memurunsesi.net\\\/index.php\\\/2025\\\/07\\\/28\\\/aydintepede-termometreler-37-dereceyi-gosterdi\\\/\",\"url\":\"https:\\\/\\\/memurunsesi.net\\\/index.php\\\/2025\\\/07\\\/28\\\/aydintepede-termometreler-37-dereceyi-gosterdi\\\/\",\"name\":\"Ayd\u0131ntepe\u2019de termometreler 37 dereceyi g\u00f6sterdi - Memurun Sesi\",\"isPartOf\":{\"@id\":\"https:\\\/\\\/memurunsesi.net\\\/#website\"},\"primaryImageOfPage\":{\"@id\":\"https:\\\/\\\/memurunsesi.net\\\/index.php\\\/2025\\\/07\\\/28\\\/aydintepede-termometreler-37-dereceyi-gosterdi\\\/#primaryimage\"},\"image\":{\"@id\":\"https:\\\/\\\/memurunsesi.net\\\/index.php\\\/2025\\\/07\\\/28\\\/aydintepede-termometreler-37-dereceyi-gosterdi\\\/#primaryimage\"},\"thumbnailUrl\":\"https:\\\/\\\/memurunsesi.net\\\/wp-content\\\/uploads\\\/2025\\\/07\\\/AW505721_01.jpg\",\"datePublished\":\"2025-07-28T05:40:17+00:00\",\"breadcrumb\":{\"@id\":\"https:\\\/\\\/memurunsesi.net\\\/index.php\\\/2025\\\/07\\\/28\\\/aydintepede-termometreler-37-dereceyi-gosterdi\\\/#breadcrumb\"},\"inLanguage\":\"tr\",\"potentialAction\":[{\"@type\":\"ReadAction\",\"target\":[\"https:\\\/\\\/memurunsesi.net\\\/index.php\\\/2025\\\/07\\\/28\\\/aydintepede-termometreler-37-dereceyi-gosterdi\\\/\"]}]},{\"@type\":\"ImageObject\",\"inLanguage\":\"tr\",\"@id\":\"https:\\\/\\\/memurunsesi.net\\\/index.php\\\/2025\\\/07\\\/28\\\/aydintepede-termometreler-37-dereceyi-gosterdi\\\/#primaryimage\",\"url\":\"https:\\\/\\\/memurunsesi.net\\\/wp-content\\\/uploads\\\/2025\\\/07\\\/AW505721_01.jpg\",\"contentUrl\":\"https:\\\/\\\/memurunsesi.net\\\/wp-content\\\/uploads\\\/2025\\\/07\\\/AW505721_01.jpg\",\"width\":999,\"height\":679,\"caption\":\"SICAK HAVANIN ETK\u0130L\u0130 OLDU\u011eU BAYBURT'TA EN Y\u00dcKSEK SICAKLIK 37 DERECE \u0130LE AYDINTEPE \u0130L\u00c7ES\u0130NDE \u00d6L\u00c7\u00dcLD\u00dc (\u00d6ZNUR DEM\u0130R\\\/BAYBURT-\u0130HA) S\u0131cak havan\u0131n etkili oldu\u011fu Bayburt'ta en y\u00fcksek s\u0131cakl\u0131k 37 derece ile Ayd\u0131ntepe il\u00e7esinde \u00f6l\u00e7\u00fcld\u00fc.\"},{\"@type\":\"BreadcrumbList\",\"@id\":\"https:\\\/\\\/memurunsesi.net\\\/index.php\\\/2025\\\/07\\\/28\\\/aydintepede-termometreler-37-dereceyi-gosterdi\\\/#breadcrumb\",\"itemListElement\":[{\"@type\":\"ListItem\",\"position\":1,\"name\":\"Anasayfa\",\"item\":\"https:\\\/\\\/memurunsesi.net\\\/\"},{\"@type\":\"ListItem\",\"position\":2,\"name\":\"Ayd\u0131ntepe\u2019de termometreler 37 dereceyi g\u00f6sterdi\"}]},{\"@type\":\"WebSite\",\"@id\":\"https:\\\/\\\/memurunsesi.net\\\/#website\",\"url\":\"https:\\\/\\\/memurunsesi.net\\\/\",\"name\":\"Memurun Sesi\",\"description\":\"G\u00fcncel ve Do\u011fru Haber\",\"publisher\":{\"@id\":\"https:\\\/\\\/memurunsesi.net\\\/#organization\"},\"potentialAction\":[{\"@type\":\"SearchAction\",\"target\":{\"@type\":\"EntryPoint\",\"urlTemplate\":\"https:\\\/\\\/memurunsesi.net\\\/?s={search_term_string}\"},\"query-input\":{\"@type\":\"PropertyValueSpecification\",\"valueRequired\":true,\"valueName\":\"search_term_string\"}}],\"inLanguage\":\"tr\"},{\"@type\":\"Organization\",\"@id\":\"https:\\\/\\\/memurunsesi.net\\\/#organization\",\"name\":\"Memurun Sesi\",\"url\":\"https:\\\/\\\/memurunsesi.net\\\/\",\"logo\":{\"@type\":\"ImageObject\",\"inLanguage\":\"tr\",\"@id\":\"https:\\\/\\\/memurunsesi.net\\\/#\\\/schema\\\/logo\\\/image\\\/\",\"url\":\"https:\\\/\\\/memurunsesi.net\\\/wp-content\\\/uploads\\\/2025\\\/11\\\/cropped-MEMURUN-SESI.png\",\"contentUrl\":\"https:\\\/\\\/memurunsesi.net\\\/wp-content\\\/uploads\\\/2025\\\/11\\\/cropped-MEMURUN-SESI.png\",\"width\":238,\"height\":57,\"caption\":\"Memurun Sesi\"},\"image\":{\"@id\":\"https:\\\/\\\/memurunsesi.net\\\/#\\\/schema\\\/logo\\\/image\\\/\"},\"sameAs\":[\"https:\\\/\\\/www.facebook.com\\\/unipersen\\\/?locale=tr_TR\",\"https:\\\/\\\/x.com\\\/unipersen\"]},{\"@type\":\"Person\",\"@id\":\"https:\\\/\\\/memurunsesi.net\\\/#\\\/schema\\\/person\\\/f21c2d73b89f6ee1d80b0a1803e38587\",\"name\":\"Memurun Sesi Haber Merkezi\",\"image\":{\"@type\":\"ImageObject\",\"inLanguage\":\"tr\",\"@id\":\"https:\\\/\\\/secure.gravatar.com\\\/avatar\\\/6cf0505f452ee753f485014986fab09a434671d2b919ee76fc541025c5876a70?s=96&d=mm&r=g\",\"url\":\"https:\\\/\\\/secure.gravatar.com\\\/avatar\\\/6cf0505f452ee753f485014986fab09a434671d2b919ee76fc541025c5876a70?s=96&d=mm&r=g\",\"contentUrl\":\"https:\\\/\\\/secure.gravatar.com\\\/avatar\\\/6cf0505f452ee753f485014986fab09a434671d2b919ee76fc541025c5876a70?s=96&d=mm&r=g\",\"caption\":\"Memurun Sesi Haber Merkezi\"},\"sameAs\":[\"https:\\\/\\\/memurunsesi.net\"],\"url\":\"https:\\\/\\\/memurunsesi.net\\\/index.php\\\/author\\\/uniper\\\/\"}]}<\/script>\n<!-- \/ Yoast SEO plugin. -->","yoast_head_json":{"title":"Ayd\u0131ntepe\u2019de termometreler 37 dereceyi g\u00f6sterdi - Memurun Sesi","robots":{"index":"index","follow":"follow","max-snippet":"max-snippet:-1","max-image-preview":"max-image-preview:large","max-video-preview":"max-video-preview:-1"},"canonical":"https:\/\/memurunsesi.net\/index.php\/2025\/07\/28\/aydintepede-termometreler-37-dereceyi-gosterdi\/","og_locale":"tr_TR","og_type":"article","og_title":"Ayd\u0131ntepe\u2019de termometreler 37 dereceyi g\u00f6sterdi - Memurun Sesi","og_description":"S\u0131cak havan\u0131n etkili oldu\u011fu Bayburt\u2019ta en y\u00fcksek s\u0131cakl\u0131k 37 derece ile Ayd\u0131ntepe il\u00e7esinde \u00f6l\u00e7\u00fcld\u00fc. Meteoroloji 12. B\u00f6lge M\u00fcd\u00fcrl\u00fc\u011f\u00fc ekiplerince yap\u0131lan son de\u011ferlendirmeye g\u00f6re, bug\u00fcn b\u00f6lge genelinde hava par\u00e7al\u0131 bulutlu ge\u00e7ecek. Hava s\u0131cakl\u0131\u011f\u0131 mevsim normalleri \u00fczerinde seyredecek. R\u00fczg\u00e2r g\u00fcney ve bat\u0131l\u0131 y\u00f6nlerinden hafif, zaman zaman orta kuvvette esecek. En y\u00fcksek hava s\u0131cakl\u0131\u011f\u0131 Ayd\u0131ntepe\u2019de 37 derece, Bayburt [&hellip;]","og_url":"https:\/\/memurunsesi.net\/index.php\/2025\/07\/28\/aydintepede-termometreler-37-dereceyi-gosterdi\/","og_site_name":"Memurun Sesi","article_publisher":"https:\/\/www.facebook.com\/unipersen\/?locale=tr_TR","article_published_time":"2025-07-28T05:40:17+00:00","og_image":[{"width":999,"height":679,"url":"https:\/\/memurunsesi.net\/wp-content\/uploads\/2025\/07\/AW505721_01.jpg","type":"image\/jpeg"}],"author":"Memurun Sesi Haber Merkezi","twitter_card":"summary_large_image","twitter_creator":"@unipersen","twitter_site":"@unipersen","twitter_misc":{"Yazan:":"Memurun Sesi Haber Merkezi","Tahmini okuma s\u00fcresi":"1 dakika"},"schema":{"@context":"https:\/\/schema.org","@graph":[{"@type":"Article","@id":"https:\/\/memurunsesi.net\/index.php\/2025\/07\/28\/aydintepede-termometreler-37-dereceyi-gosterdi\/#article","isPartOf":{"@id":"https:\/\/memurunsesi.net\/index.php\/2025\/07\/28\/aydintepede-termometreler-37-dereceyi-gosterdi\/"},"author":{"name":"Memurun Sesi Haber Merkezi","@id":"https:\/\/memurunsesi.net\/#\/schema\/person\/f21c2d73b89f6ee1d80b0a1803e38587"},"headline":"Ayd\u0131ntepe\u2019de termometreler 37 dereceyi g\u00f6sterdi","datePublished":"2025-07-28T05:40:17+00:00","mainEntityOfPage":{"@id":"https:\/\/memurunsesi.net\/index.php\/2025\/07\/28\/aydintepede-termometreler-37-dereceyi-gosterdi\/"},"wordCount":110,"commentCount":0,"publisher":{"@id":"https:\/\/memurunsesi.net\/#organization"},"image":{"@id":"https:\/\/memurunsesi.net\/index.php\/2025\/07\/28\/aydintepede-termometreler-37-dereceyi-gosterdi\/#primaryimage"},"thumbnailUrl":"https:\/\/memurunsesi.net\/wp-content\/uploads\/2025\/07\/AW505721_01.jpg","articleSection":["T\u00fcm Haberler"],"inLanguage":"tr","potentialAction":[{"@type":"CommentAction","name":"Comment","target":["https:\/\/memurunsesi.net\/index.php\/2025\/07\/28\/aydintepede-termometreler-37-dereceyi-gosterdi\/#respond"]}]},{"@type":"WebPage","@id":"https:\/\/memurunsesi.net\/index.php\/2025\/07\/28\/aydintepede-termometreler-37-dereceyi-gosterdi\/","url":"https:\/\/memurunsesi.net\/index.php\/2025\/07\/28\/aydintepede-termometreler-37-dereceyi-gosterdi\/","name":"Ayd\u0131ntepe\u2019de termometreler 37 dereceyi g\u00f6sterdi - Memurun Sesi","isPartOf":{"@id":"https:\/\/memurunsesi.net\/#website"},"primaryImageOfPage":{"@id":"https:\/\/memurunsesi.net\/index.php\/2025\/07\/28\/aydintepede-termometreler-37-dereceyi-gosterdi\/#primaryimage"},"image":{"@id":"https:\/\/memurunsesi.net\/index.php\/2025\/07\/28\/aydintepede-termometreler-37-dereceyi-gosterdi\/#primaryimage"},"thumbnailUrl":"https:\/\/memurunsesi.net\/wp-content\/uploads\/2025\/07\/AW505721_01.jpg","datePublished":"2025-07-28T05:40:17+00:00","breadcrumb":{"@id":"https:\/\/memurunsesi.net\/index.php\/2025\/07\/28\/aydintepede-termometreler-37-dereceyi-gosterdi\/#breadcrumb"},"inLanguage":"tr","potentialAction":[{"@type":"ReadAction","target":["https:\/\/memurunsesi.net\/index.php\/2025\/07\/28\/aydintepede-termometreler-37-dereceyi-gosterdi\/"]}]},{"@type":"ImageObject","inLanguage":"tr","@id":"https:\/\/memurunsesi.net\/index.php\/2025\/07\/28\/aydintepede-termometreler-37-dereceyi-gosterdi\/#primaryimage","url":"https:\/\/memurunsesi.net\/wp-content\/uploads\/2025\/07\/AW505721_01.jpg","contentUrl":"https:\/\/memurunsesi.net\/wp-content\/uploads\/2025\/07\/AW505721_01.jpg","width":999,"height":679,"caption":"SICAK HAVANIN ETK\u0130L\u0130 OLDU\u011eU BAYBURT'TA EN Y\u00dcKSEK SICAKLIK 37 DERECE \u0130LE AYDINTEPE \u0130L\u00c7ES\u0130NDE \u00d6L\u00c7\u00dcLD\u00dc (\u00d6ZNUR DEM\u0130R\/BAYBURT-\u0130HA) S\u0131cak havan\u0131n etkili oldu\u011fu Bayburt'ta en y\u00fcksek s\u0131cakl\u0131k 37 derece ile Ayd\u0131ntepe il\u00e7esinde \u00f6l\u00e7\u00fcld\u00fc."},{"@type":"BreadcrumbList","@id":"https:\/\/memurunsesi.net\/index.php\/2025\/07\/28\/aydintepede-termometreler-37-dereceyi-gosterdi\/#breadcrumb","itemListElement":[{"@type":"ListItem","position":1,"name":"Anasayfa","item":"https:\/\/memurunsesi.net\/"},{"@type":"ListItem","position":2,"name":"Ayd\u0131ntepe\u2019de termometreler 37 dereceyi g\u00f6sterdi"}]},{"@type":"WebSite","@id":"https:\/\/memurunsesi.net\/#website","url":"https:\/\/memurunsesi.net\/","name":"Memurun Sesi","description":"G\u00fcncel ve Do\u011fru Haber","publisher":{"@id":"https:\/\/memurunsesi.net\/#organization"},"potentialAction":[{"@type":"SearchAction","target":{"@type":"EntryPoint","urlTemplate":"https:\/\/memurunsesi.net\/?s={search_term_string}"},"query-input":{"@type":"PropertyValueSpecification","valueRequired":true,"valueName":"search_term_string"}}],"inLanguage":"tr"},{"@type":"Organization","@id":"https:\/\/memurunsesi.net\/#organization","name":"Memurun Sesi","url":"https:\/\/memurunsesi.net\/","logo":{"@type":"ImageObject","inLanguage":"tr","@id":"https:\/\/memurunsesi.net\/#\/schema\/logo\/image\/","url":"https:\/\/memurunsesi.net\/wp-content\/uploads\/2025\/11\/cropped-MEMURUN-SESI.png","contentUrl":"https:\/\/memurunsesi.net\/wp-content\/uploads\/2025\/11\/cropped-MEMURUN-SESI.png","width":238,"height":57,"caption":"Memurun Sesi"},"image":{"@id":"https:\/\/memurunsesi.net\/#\/schema\/logo\/image\/"},"sameAs":["https:\/\/www.facebook.com\/unipersen\/?locale=tr_TR","https:\/\/x.com\/unipersen"]},{"@type":"Person","@id":"https:\/\/memurunsesi.net\/#\/schema\/person\/f21c2d73b89f6ee1d80b0a1803e38587","name":"Memurun Sesi Haber Merkezi","image":{"@type":"ImageObject","inLanguage":"tr","@id":"https:\/\/secure.gravatar.com\/avatar\/6cf0505f452ee753f485014986fab09a434671d2b919ee76fc541025c5876a70?s=96&d=mm&r=g","url":"https:\/\/secure.gravatar.com\/avatar\/6cf0505f452ee753f485014986fab09a434671d2b919ee76fc541025c5876a70?s=96&d=mm&r=g","contentUrl":"https:\/\/secure.gravatar.com\/avatar\/6cf0505f452ee753f485014986fab09a434671d2b919ee76fc541025c5876a70?s=96&d=mm&r=g","caption":"Memurun Sesi Haber Merkezi"},"sameAs":["https:\/\/memurunsesi.net"],"url":"https:\/\/memurunsesi.net\/index.php\/author\/uniper\/"}]}},"_links":{"self":[{"href":"https:\/\/memurunsesi.net\/index.php\/wp-json\/wp\/v2\/posts\/9757","targetHints":{"allow":["GET"]}}],"collection":[{"href":"https:\/\/memurunsesi.net\/index.php\/wp-json\/wp\/v2\/posts"}],"about":[{"href":"https:\/\/memurunsesi.net\/index.php\/wp-json\/wp\/v2\/types\/post"}],"author":[{"embeddable":true,"href":"https:\/\/memurunsesi.net\/index.php\/wp-json\/wp\/v2\/users\/1"}],"replies":[{"embeddable":true,"href":"https:\/\/memurunsesi.net\/index.php\/wp-json\/wp\/v2\/comments?post=9757"}],"version-history":[{"count":1,"href":"https:\/\/memurunsesi.net\/index.php\/wp-json\/wp\/v2\/posts\/9757\/revisions"}],"predecessor-version":[{"id":9759,"href":"https:\/\/memurunsesi.net\/index.php\/wp-json\/wp\/v2\/posts\/9757\/revisions\/9759"}],"wp:featuredmedia":[{"embeddable":true,"href":"https:\/\/memurunsesi.net\/index.php\/wp-json\/wp\/v2\/media\/9758"}],"wp:attachment":[{"href":"https:\/\/memurunsesi.net\/index.php\/wp-json\/wp\/v2\/media?parent=9757"}],"wp:term":[{"taxonomy":"category","embeddable":true,"href":"https:\/\/memurunsesi.net\/index.php\/wp-json\/wp\/v2\/categories?post=9757"},{"taxonomy":"post_tag","embeddable":true,"href":"https:\/\/memurunsesi.net\/index.php\/wp-json\/wp\/v2\/tags?post=9757"}],"curies":[{"name":"wp","href":"https:\/\/api.w.org\/{rel}","templated":true}]}}