{"id":9760,"date":"2025-07-28T08:41:37","date_gmt":"2025-07-28T05:41:37","guid":{"rendered":"https:\/\/memurunsesi.net\/?p=9760"},"modified":"2025-07-28T08:41:37","modified_gmt":"2025-07-28T05:41:37","slug":"usakta-2-kisinin-hayatini-kaybettigi-toprak-kaymasi-olayinda-supheli-2-kisi-tutuklandi","status":"publish","type":"post","link":"https:\/\/memurunsesi.net\/index.php\/2025\/07\/28\/usakta-2-kisinin-hayatini-kaybettigi-toprak-kaymasi-olayinda-supheli-2-kisi-tutuklandi\/","title":{"rendered":"U\u015fak\u2019ta 2 ki\u015finin hayat\u0131n\u0131 kaybetti\u011fi toprak kaymas\u0131 olay\u0131nda \u015f\u00fcpheli 2 ki\u015fi tutukland\u0131"},"content":{"rendered":"<p>  U\u015fak\u2019ta toprak kaymas\u0131 sonucu 2 ki\u015finin hayat\u0131n\u0131 kaybetti\u011fi olayda, mahkemeye sevk edilen 5 \u015f\u00fcpheliden 2\u2019si tutuklanarak cezaevine g\u00f6nderildi.<br \/>\nOlay, 26 Temmuz g\u00fcn\u00fc ak\u015fam saatlerinde Karaa\u011fa\u00e7 Mahallesi&#8217;nde bulunan bir haz\u0131r beton firmas\u0131nda meydana geldi. Edinilen bilgilere g\u00f6re, bilinmeyen bir sebeple 4 ki\u015fi toprak alt\u0131nda kald\u0131.<br \/>\n  \u00c7evredekilerin durumu 112 Acil \u00c7a\u011fr\u0131 Merkezi\u2019ne bildirmesi \u00fczerine b\u00f6lgeye 112 sa\u011fl\u0131k ve polis ekipleri sevk edildi. 112 sa\u011fl\u0131k ekiplerince \u015fantiye \u00e7al\u0131\u015fanlar\u0131 taraf\u0131ndan toprak alt\u0131ndan \u00e7\u0131kart\u0131lan A.E., Ya\u015far D. ve H.K. U\u015fak E\u011fitim ve Ara\u015ft\u0131rma Hastanesi\u2019ne kald\u0131r\u0131ld\u0131. Yap\u0131lan ilk incelemede ise Kemal \u00d6.\u2019n\u00fcn olay yerinde hayat\u0131n\u0131 kaybetti\u011fi belirlendi. Hastaneye kald\u0131r\u0131lan yaral\u0131lardan Ya\u015far D. t\u00fcm m\u00fcdahalelere ra\u011fmen kurtar\u0131lamayarak hayat\u0131n\u0131 kaybederken, di\u011fer yaral\u0131lar\u0131n ise hayati tehlikesi devam ediyor.<br \/>\n  Polis olayla ilgili geni\u015f kapsaml\u0131 soru\u015fturma ba\u015flatt\u0131<br \/>\n  \u0130l Emniyet M\u00fcd\u00fcrl\u00fc\u011f\u00fc ekiplerince, olaya ili\u015fkin geni\u015f kapsaml\u0131 soru\u015fturma ba\u015flat\u0131l\u0131rken, i\u015f yeri sahipleri M.A. ile F.E., i\u015f yeri g\u00fcvenlik g\u00f6revlisi U.\u015e. ve olay s\u0131ras\u0131nda \u015fantiyede olan M.T. ile H.\u0130.B. g\u00f6zalt\u0131na al\u0131nd\u0131. Emniyetteki i\u015flemlerin ard\u0131ndan adliyeye sevk edilen \u015f\u00fcpheliler M.T., U.\u015e. ve H.\u0130.B. adli kontrol \u015fart\u0131yla serbest b\u0131rak\u0131l\u0131rken, i\u015f yeri sahipleri M.A. ile F.E. tutuklanarak cezaevine g\u00f6nderildi. <\/p>\n<p>28.07.2025                               <\/p>\n","protected":false},"excerpt":{"rendered":"<p>U\u015fak\u2019ta toprak kaymas\u0131 sonucu 2 ki\u015finin hayat\u0131n\u0131 kaybetti\u011fi olayda, mahkemeye sevk edilen 5 \u015f\u00fcpheliden 2\u2019si tutuklanarak cezaevine g\u00f6nderildi. Olay, 26 Temmuz g\u00fcn\u00fc ak\u015fam saatlerinde Karaa\u011fa\u00e7 Mahallesi&#8217;nde bulunan bir haz\u0131r beton firmas\u0131nda meydana geldi. Edinilen bilgilere g\u00f6re, bilinmeyen bir sebeple 4 ki\u015fi toprak alt\u0131nda kald\u0131. \u00c7evredekilerin durumu 112 Acil \u00c7a\u011fr\u0131 Merkezi\u2019ne bildirmesi \u00fczerine b\u00f6lgeye 112 sa\u011fl\u0131k [&hellip;]<\/p>\n","protected":false},"author":1,"featured_media":9761,"comment_status":"open","ping_status":"open","sticky":false,"template":"","format":"standard","meta":{"footnotes":""},"categories":[45],"tags":[],"class_list":["post-9760","post","type-post","status-publish","format-standard","has-post-thumbnail","hentry","category-gundem"],"yoast_head":"<!-- This site is optimized with the Yoast SEO plugin v27.4 - https:\/\/yoast.com\/product\/yoast-seo-wordpress\/ -->\n<title>U\u015fak\u2019ta 2 ki\u015finin hayat\u0131n\u0131 kaybetti\u011fi toprak kaymas\u0131 olay\u0131nda \u015f\u00fcpheli 2 ki\u015fi tutukland\u0131 - Memurun Sesi<\/title>\n<meta name=\"robots\" content=\"index, follow, max-snippet:-1, max-image-preview:large, max-video-preview:-1\" \/>\n<link rel=\"canonical\" href=\"https:\/\/memurunsesi.net\/index.php\/2025\/07\/28\/usakta-2-kisinin-hayatini-kaybettigi-toprak-kaymasi-olayinda-supheli-2-kisi-tutuklandi\/\" \/>\n<meta property=\"og:locale\" content=\"tr_TR\" \/>\n<meta property=\"og:type\" content=\"article\" \/>\n<meta property=\"og:title\" content=\"U\u015fak\u2019ta 2 ki\u015finin hayat\u0131n\u0131 kaybetti\u011fi toprak kaymas\u0131 olay\u0131nda \u015f\u00fcpheli 2 ki\u015fi tutukland\u0131 - Memurun Sesi\" \/>\n<meta property=\"og:description\" content=\"U\u015fak\u2019ta toprak kaymas\u0131 sonucu 2 ki\u015finin hayat\u0131n\u0131 kaybetti\u011fi olayda, mahkemeye sevk edilen 5 \u015f\u00fcpheliden 2\u2019si tutuklanarak cezaevine g\u00f6nderildi. Olay, 26 Temmuz g\u00fcn\u00fc ak\u015fam saatlerinde Karaa\u011fa\u00e7 Mahallesi&#8217;nde bulunan bir haz\u0131r beton firmas\u0131nda meydana geldi. Edinilen bilgilere g\u00f6re, bilinmeyen bir sebeple 4 ki\u015fi toprak alt\u0131nda kald\u0131. \u00c7evredekilerin durumu 112 Acil \u00c7a\u011fr\u0131 Merkezi\u2019ne bildirmesi \u00fczerine b\u00f6lgeye 112 sa\u011fl\u0131k [&hellip;]\" \/>\n<meta property=\"og:url\" content=\"https:\/\/memurunsesi.net\/index.php\/2025\/07\/28\/usakta-2-kisinin-hayatini-kaybettigi-toprak-kaymasi-olayinda-supheli-2-kisi-tutuklandi\/\" \/>\n<meta property=\"og:site_name\" content=\"Memurun Sesi\" \/>\n<meta property=\"article:publisher\" content=\"https:\/\/www.facebook.com\/unipersen\/?locale=tr_TR\" \/>\n<meta property=\"article:published_time\" content=\"2025-07-28T05:41:37+00:00\" \/>\n<meta property=\"og:image\" content=\"https:\/\/memurunsesi.net\/wp-content\/uploads\/2025\/07\/AW505717_01-scaled.jpg\" \/>\n\t<meta property=\"og:image:width\" content=\"2560\" \/>\n\t<meta property=\"og:image:height\" content=\"1920\" \/>\n\t<meta property=\"og:image:type\" content=\"image\/jpeg\" \/>\n<meta name=\"author\" content=\"Memurun Sesi Haber Merkezi\" \/>\n<meta name=\"twitter:card\" content=\"summary_large_image\" \/>\n<meta name=\"twitter:creator\" content=\"@unipersen\" \/>\n<meta name=\"twitter:site\" content=\"@unipersen\" \/>\n<meta name=\"twitter:label1\" content=\"Yazan:\" \/>\n\t<meta name=\"twitter:data1\" content=\"Memurun Sesi Haber Merkezi\" \/>\n\t<meta name=\"twitter:label2\" content=\"Tahmini okuma s\u00fcresi\" \/>\n\t<meta name=\"twitter:data2\" content=\"1 dakika\" \/>\n<script type=\"application\/ld+json\" class=\"yoast-schema-graph\">{\"@context\":\"https:\\\/\\\/schema.org\",\"@graph\":[{\"@type\":\"Article\",\"@id\":\"https:\\\/\\\/memurunsesi.net\\\/index.php\\\/2025\\\/07\\\/28\\\/usakta-2-kisinin-hayatini-kaybettigi-toprak-kaymasi-olayinda-supheli-2-kisi-tutuklandi\\\/#article\",\"isPartOf\":{\"@id\":\"https:\\\/\\\/memurunsesi.net\\\/index.php\\\/2025\\\/07\\\/28\\\/usakta-2-kisinin-hayatini-kaybettigi-toprak-kaymasi-olayinda-supheli-2-kisi-tutuklandi\\\/\"},\"author\":{\"name\":\"Memurun Sesi Haber Merkezi\",\"@id\":\"https:\\\/\\\/memurunsesi.net\\\/#\\\/schema\\\/person\\\/f21c2d73b89f6ee1d80b0a1803e38587\"},\"headline\":\"U\u015fak\u2019ta 2 ki\u015finin hayat\u0131n\u0131 kaybetti\u011fi toprak kaymas\u0131 olay\u0131nda \u015f\u00fcpheli 2 ki\u015fi tutukland\u0131\",\"datePublished\":\"2025-07-28T05:41:37+00:00\",\"mainEntityOfPage\":{\"@id\":\"https:\\\/\\\/memurunsesi.net\\\/index.php\\\/2025\\\/07\\\/28\\\/usakta-2-kisinin-hayatini-kaybettigi-toprak-kaymasi-olayinda-supheli-2-kisi-tutuklandi\\\/\"},\"wordCount\":265,\"commentCount\":0,\"publisher\":{\"@id\":\"https:\\\/\\\/memurunsesi.net\\\/#organization\"},\"image\":{\"@id\":\"https:\\\/\\\/memurunsesi.net\\\/index.php\\\/2025\\\/07\\\/28\\\/usakta-2-kisinin-hayatini-kaybettigi-toprak-kaymasi-olayinda-supheli-2-kisi-tutuklandi\\\/#primaryimage\"},\"thumbnailUrl\":\"https:\\\/\\\/memurunsesi.net\\\/wp-content\\\/uploads\\\/2025\\\/07\\\/AW505717_01-scaled.jpg\",\"articleSection\":[\"G\u00fcndem\"],\"inLanguage\":\"tr\",\"potentialAction\":[{\"@type\":\"CommentAction\",\"name\":\"Comment\",\"target\":[\"https:\\\/\\\/memurunsesi.net\\\/index.php\\\/2025\\\/07\\\/28\\\/usakta-2-kisinin-hayatini-kaybettigi-toprak-kaymasi-olayinda-supheli-2-kisi-tutuklandi\\\/#respond\"]}]},{\"@type\":\"WebPage\",\"@id\":\"https:\\\/\\\/memurunsesi.net\\\/index.php\\\/2025\\\/07\\\/28\\\/usakta-2-kisinin-hayatini-kaybettigi-toprak-kaymasi-olayinda-supheli-2-kisi-tutuklandi\\\/\",\"url\":\"https:\\\/\\\/memurunsesi.net\\\/index.php\\\/2025\\\/07\\\/28\\\/usakta-2-kisinin-hayatini-kaybettigi-toprak-kaymasi-olayinda-supheli-2-kisi-tutuklandi\\\/\",\"name\":\"U\u015fak\u2019ta 2 ki\u015finin hayat\u0131n\u0131 kaybetti\u011fi toprak kaymas\u0131 olay\u0131nda \u015f\u00fcpheli 2 ki\u015fi tutukland\u0131 - Memurun Sesi\",\"isPartOf\":{\"@id\":\"https:\\\/\\\/memurunsesi.net\\\/#website\"},\"primaryImageOfPage\":{\"@id\":\"https:\\\/\\\/memurunsesi.net\\\/index.php\\\/2025\\\/07\\\/28\\\/usakta-2-kisinin-hayatini-kaybettigi-toprak-kaymasi-olayinda-supheli-2-kisi-tutuklandi\\\/#primaryimage\"},\"image\":{\"@id\":\"https:\\\/\\\/memurunsesi.net\\\/index.php\\\/2025\\\/07\\\/28\\\/usakta-2-kisinin-hayatini-kaybettigi-toprak-kaymasi-olayinda-supheli-2-kisi-tutuklandi\\\/#primaryimage\"},\"thumbnailUrl\":\"https:\\\/\\\/memurunsesi.net\\\/wp-content\\\/uploads\\\/2025\\\/07\\\/AW505717_01-scaled.jpg\",\"datePublished\":\"2025-07-28T05:41:37+00:00\",\"breadcrumb\":{\"@id\":\"https:\\\/\\\/memurunsesi.net\\\/index.php\\\/2025\\\/07\\\/28\\\/usakta-2-kisinin-hayatini-kaybettigi-toprak-kaymasi-olayinda-supheli-2-kisi-tutuklandi\\\/#breadcrumb\"},\"inLanguage\":\"tr\",\"potentialAction\":[{\"@type\":\"ReadAction\",\"target\":[\"https:\\\/\\\/memurunsesi.net\\\/index.php\\\/2025\\\/07\\\/28\\\/usakta-2-kisinin-hayatini-kaybettigi-toprak-kaymasi-olayinda-supheli-2-kisi-tutuklandi\\\/\"]}]},{\"@type\":\"ImageObject\",\"inLanguage\":\"tr\",\"@id\":\"https:\\\/\\\/memurunsesi.net\\\/index.php\\\/2025\\\/07\\\/28\\\/usakta-2-kisinin-hayatini-kaybettigi-toprak-kaymasi-olayinda-supheli-2-kisi-tutuklandi\\\/#primaryimage\",\"url\":\"https:\\\/\\\/memurunsesi.net\\\/wp-content\\\/uploads\\\/2025\\\/07\\\/AW505717_01-scaled.jpg\",\"contentUrl\":\"https:\\\/\\\/memurunsesi.net\\\/wp-content\\\/uploads\\\/2025\\\/07\\\/AW505717_01-scaled.jpg\",\"width\":2560,\"height\":1920,\"caption\":\"U\u015eAK'TA TOPRAK KAYMASI SONUCU 2 K\u0130\u015e\u0130N\u0130N HAYATINI KAYBETT\u0130\u011e\u0130 OLAYDA, MAHKEMEYE SEVK 5 \u015e\u00dcPHEL\u0130DEN 2'S\u0130 TUTUKLANARAK CEZAEV\u0130NE G\u00d6NDER\u0130LD\u0130. (\u0130NAN YAMAN - \u00d6MER AKKOYUN\\\/U\u015eAK-\u0130HA) U\u015fak'ta toprak kaymas\u0131 sonucu 2 ki\u015finin hayat\u0131n\u0131 kaybetti\u011fi olayda, mahkemeye sevk edilen 5 \u015f\u00fcpheliden 2'si tutuklanarak cezaevine g\u00f6nderildi.\"},{\"@type\":\"BreadcrumbList\",\"@id\":\"https:\\\/\\\/memurunsesi.net\\\/index.php\\\/2025\\\/07\\\/28\\\/usakta-2-kisinin-hayatini-kaybettigi-toprak-kaymasi-olayinda-supheli-2-kisi-tutuklandi\\\/#breadcrumb\",\"itemListElement\":[{\"@type\":\"ListItem\",\"position\":1,\"name\":\"Anasayfa\",\"item\":\"https:\\\/\\\/memurunsesi.net\\\/\"},{\"@type\":\"ListItem\",\"position\":2,\"name\":\"U\u015fak\u2019ta 2 ki\u015finin hayat\u0131n\u0131 kaybetti\u011fi toprak kaymas\u0131 olay\u0131nda \u015f\u00fcpheli 2 ki\u015fi tutukland\u0131\"}]},{\"@type\":\"WebSite\",\"@id\":\"https:\\\/\\\/memurunsesi.net\\\/#website\",\"url\":\"https:\\\/\\\/memurunsesi.net\\\/\",\"name\":\"Memurun Sesi\",\"description\":\"G\u00fcncel ve Do\u011fru Haber\",\"publisher\":{\"@id\":\"https:\\\/\\\/memurunsesi.net\\\/#organization\"},\"potentialAction\":[{\"@type\":\"SearchAction\",\"target\":{\"@type\":\"EntryPoint\",\"urlTemplate\":\"https:\\\/\\\/memurunsesi.net\\\/?s={search_term_string}\"},\"query-input\":{\"@type\":\"PropertyValueSpecification\",\"valueRequired\":true,\"valueName\":\"search_term_string\"}}],\"inLanguage\":\"tr\"},{\"@type\":\"Organization\",\"@id\":\"https:\\\/\\\/memurunsesi.net\\\/#organization\",\"name\":\"Memurun Sesi\",\"url\":\"https:\\\/\\\/memurunsesi.net\\\/\",\"logo\":{\"@type\":\"ImageObject\",\"inLanguage\":\"tr\",\"@id\":\"https:\\\/\\\/memurunsesi.net\\\/#\\\/schema\\\/logo\\\/image\\\/\",\"url\":\"https:\\\/\\\/memurunsesi.net\\\/wp-content\\\/uploads\\\/2025\\\/11\\\/cropped-MEMURUN-SESI.png\",\"contentUrl\":\"https:\\\/\\\/memurunsesi.net\\\/wp-content\\\/uploads\\\/2025\\\/11\\\/cropped-MEMURUN-SESI.png\",\"width\":238,\"height\":57,\"caption\":\"Memurun Sesi\"},\"image\":{\"@id\":\"https:\\\/\\\/memurunsesi.net\\\/#\\\/schema\\\/logo\\\/image\\\/\"},\"sameAs\":[\"https:\\\/\\\/www.facebook.com\\\/unipersen\\\/?locale=tr_TR\",\"https:\\\/\\\/x.com\\\/unipersen\"]},{\"@type\":\"Person\",\"@id\":\"https:\\\/\\\/memurunsesi.net\\\/#\\\/schema\\\/person\\\/f21c2d73b89f6ee1d80b0a1803e38587\",\"name\":\"Memurun Sesi Haber Merkezi\",\"image\":{\"@type\":\"ImageObject\",\"inLanguage\":\"tr\",\"@id\":\"https:\\\/\\\/secure.gravatar.com\\\/avatar\\\/6cf0505f452ee753f485014986fab09a434671d2b919ee76fc541025c5876a70?s=96&d=mm&r=g\",\"url\":\"https:\\\/\\\/secure.gravatar.com\\\/avatar\\\/6cf0505f452ee753f485014986fab09a434671d2b919ee76fc541025c5876a70?s=96&d=mm&r=g\",\"contentUrl\":\"https:\\\/\\\/secure.gravatar.com\\\/avatar\\\/6cf0505f452ee753f485014986fab09a434671d2b919ee76fc541025c5876a70?s=96&d=mm&r=g\",\"caption\":\"Memurun Sesi Haber Merkezi\"},\"sameAs\":[\"https:\\\/\\\/memurunsesi.net\"],\"url\":\"https:\\\/\\\/memurunsesi.net\\\/index.php\\\/author\\\/uniper\\\/\"}]}<\/script>\n<!-- \/ Yoast SEO plugin. -->","yoast_head_json":{"title":"U\u015fak\u2019ta 2 ki\u015finin hayat\u0131n\u0131 kaybetti\u011fi toprak kaymas\u0131 olay\u0131nda \u015f\u00fcpheli 2 ki\u015fi tutukland\u0131 - Memurun Sesi","robots":{"index":"index","follow":"follow","max-snippet":"max-snippet:-1","max-image-preview":"max-image-preview:large","max-video-preview":"max-video-preview:-1"},"canonical":"https:\/\/memurunsesi.net\/index.php\/2025\/07\/28\/usakta-2-kisinin-hayatini-kaybettigi-toprak-kaymasi-olayinda-supheli-2-kisi-tutuklandi\/","og_locale":"tr_TR","og_type":"article","og_title":"U\u015fak\u2019ta 2 ki\u015finin hayat\u0131n\u0131 kaybetti\u011fi toprak kaymas\u0131 olay\u0131nda \u015f\u00fcpheli 2 ki\u015fi tutukland\u0131 - Memurun Sesi","og_description":"U\u015fak\u2019ta toprak kaymas\u0131 sonucu 2 ki\u015finin hayat\u0131n\u0131 kaybetti\u011fi olayda, mahkemeye sevk edilen 5 \u015f\u00fcpheliden 2\u2019si tutuklanarak cezaevine g\u00f6nderildi. Olay, 26 Temmuz g\u00fcn\u00fc ak\u015fam saatlerinde Karaa\u011fa\u00e7 Mahallesi&#8217;nde bulunan bir haz\u0131r beton firmas\u0131nda meydana geldi. Edinilen bilgilere g\u00f6re, bilinmeyen bir sebeple 4 ki\u015fi toprak alt\u0131nda kald\u0131. \u00c7evredekilerin durumu 112 Acil \u00c7a\u011fr\u0131 Merkezi\u2019ne bildirmesi \u00fczerine b\u00f6lgeye 112 sa\u011fl\u0131k [&hellip;]","og_url":"https:\/\/memurunsesi.net\/index.php\/2025\/07\/28\/usakta-2-kisinin-hayatini-kaybettigi-toprak-kaymasi-olayinda-supheli-2-kisi-tutuklandi\/","og_site_name":"Memurun Sesi","article_publisher":"https:\/\/www.facebook.com\/unipersen\/?locale=tr_TR","article_published_time":"2025-07-28T05:41:37+00:00","og_image":[{"width":2560,"height":1920,"url":"https:\/\/memurunsesi.net\/wp-content\/uploads\/2025\/07\/AW505717_01-scaled.jpg","type":"image\/jpeg"}],"author":"Memurun Sesi Haber Merkezi","twitter_card":"summary_large_image","twitter_creator":"@unipersen","twitter_site":"@unipersen","twitter_misc":{"Yazan:":"Memurun Sesi Haber Merkezi","Tahmini okuma s\u00fcresi":"1 dakika"},"schema":{"@context":"https:\/\/schema.org","@graph":[{"@type":"Article","@id":"https:\/\/memurunsesi.net\/index.php\/2025\/07\/28\/usakta-2-kisinin-hayatini-kaybettigi-toprak-kaymasi-olayinda-supheli-2-kisi-tutuklandi\/#article","isPartOf":{"@id":"https:\/\/memurunsesi.net\/index.php\/2025\/07\/28\/usakta-2-kisinin-hayatini-kaybettigi-toprak-kaymasi-olayinda-supheli-2-kisi-tutuklandi\/"},"author":{"name":"Memurun Sesi Haber Merkezi","@id":"https:\/\/memurunsesi.net\/#\/schema\/person\/f21c2d73b89f6ee1d80b0a1803e38587"},"headline":"U\u015fak\u2019ta 2 ki\u015finin hayat\u0131n\u0131 kaybetti\u011fi toprak kaymas\u0131 olay\u0131nda \u015f\u00fcpheli 2 ki\u015fi tutukland\u0131","datePublished":"2025-07-28T05:41:37+00:00","mainEntityOfPage":{"@id":"https:\/\/memurunsesi.net\/index.php\/2025\/07\/28\/usakta-2-kisinin-hayatini-kaybettigi-toprak-kaymasi-olayinda-supheli-2-kisi-tutuklandi\/"},"wordCount":265,"commentCount":0,"publisher":{"@id":"https:\/\/memurunsesi.net\/#organization"},"image":{"@id":"https:\/\/memurunsesi.net\/index.php\/2025\/07\/28\/usakta-2-kisinin-hayatini-kaybettigi-toprak-kaymasi-olayinda-supheli-2-kisi-tutuklandi\/#primaryimage"},"thumbnailUrl":"https:\/\/memurunsesi.net\/wp-content\/uploads\/2025\/07\/AW505717_01-scaled.jpg","articleSection":["G\u00fcndem"],"inLanguage":"tr","potentialAction":[{"@type":"CommentAction","name":"Comment","target":["https:\/\/memurunsesi.net\/index.php\/2025\/07\/28\/usakta-2-kisinin-hayatini-kaybettigi-toprak-kaymasi-olayinda-supheli-2-kisi-tutuklandi\/#respond"]}]},{"@type":"WebPage","@id":"https:\/\/memurunsesi.net\/index.php\/2025\/07\/28\/usakta-2-kisinin-hayatini-kaybettigi-toprak-kaymasi-olayinda-supheli-2-kisi-tutuklandi\/","url":"https:\/\/memurunsesi.net\/index.php\/2025\/07\/28\/usakta-2-kisinin-hayatini-kaybettigi-toprak-kaymasi-olayinda-supheli-2-kisi-tutuklandi\/","name":"U\u015fak\u2019ta 2 ki\u015finin hayat\u0131n\u0131 kaybetti\u011fi toprak kaymas\u0131 olay\u0131nda \u015f\u00fcpheli 2 ki\u015fi tutukland\u0131 - Memurun Sesi","isPartOf":{"@id":"https:\/\/memurunsesi.net\/#website"},"primaryImageOfPage":{"@id":"https:\/\/memurunsesi.net\/index.php\/2025\/07\/28\/usakta-2-kisinin-hayatini-kaybettigi-toprak-kaymasi-olayinda-supheli-2-kisi-tutuklandi\/#primaryimage"},"image":{"@id":"https:\/\/memurunsesi.net\/index.php\/2025\/07\/28\/usakta-2-kisinin-hayatini-kaybettigi-toprak-kaymasi-olayinda-supheli-2-kisi-tutuklandi\/#primaryimage"},"thumbnailUrl":"https:\/\/memurunsesi.net\/wp-content\/uploads\/2025\/07\/AW505717_01-scaled.jpg","datePublished":"2025-07-28T05:41:37+00:00","breadcrumb":{"@id":"https:\/\/memurunsesi.net\/index.php\/2025\/07\/28\/usakta-2-kisinin-hayatini-kaybettigi-toprak-kaymasi-olayinda-supheli-2-kisi-tutuklandi\/#breadcrumb"},"inLanguage":"tr","potentialAction":[{"@type":"ReadAction","target":["https:\/\/memurunsesi.net\/index.php\/2025\/07\/28\/usakta-2-kisinin-hayatini-kaybettigi-toprak-kaymasi-olayinda-supheli-2-kisi-tutuklandi\/"]}]},{"@type":"ImageObject","inLanguage":"tr","@id":"https:\/\/memurunsesi.net\/index.php\/2025\/07\/28\/usakta-2-kisinin-hayatini-kaybettigi-toprak-kaymasi-olayinda-supheli-2-kisi-tutuklandi\/#primaryimage","url":"https:\/\/memurunsesi.net\/wp-content\/uploads\/2025\/07\/AW505717_01-scaled.jpg","contentUrl":"https:\/\/memurunsesi.net\/wp-content\/uploads\/2025\/07\/AW505717_01-scaled.jpg","width":2560,"height":1920,"caption":"U\u015eAK'TA TOPRAK KAYMASI SONUCU 2 K\u0130\u015e\u0130N\u0130N HAYATINI KAYBETT\u0130\u011e\u0130 OLAYDA, MAHKEMEYE SEVK 5 \u015e\u00dcPHEL\u0130DEN 2'S\u0130 TUTUKLANARAK CEZAEV\u0130NE G\u00d6NDER\u0130LD\u0130. (\u0130NAN YAMAN - \u00d6MER AKKOYUN\/U\u015eAK-\u0130HA) U\u015fak'ta toprak kaymas\u0131 sonucu 2 ki\u015finin hayat\u0131n\u0131 kaybetti\u011fi olayda, mahkemeye sevk edilen 5 \u015f\u00fcpheliden 2'si tutuklanarak cezaevine g\u00f6nderildi."},{"@type":"BreadcrumbList","@id":"https:\/\/memurunsesi.net\/index.php\/2025\/07\/28\/usakta-2-kisinin-hayatini-kaybettigi-toprak-kaymasi-olayinda-supheli-2-kisi-tutuklandi\/#breadcrumb","itemListElement":[{"@type":"ListItem","position":1,"name":"Anasayfa","item":"https:\/\/memurunsesi.net\/"},{"@type":"ListItem","position":2,"name":"U\u015fak\u2019ta 2 ki\u015finin hayat\u0131n\u0131 kaybetti\u011fi toprak kaymas\u0131 olay\u0131nda \u015f\u00fcpheli 2 ki\u015fi tutukland\u0131"}]},{"@type":"WebSite","@id":"https:\/\/memurunsesi.net\/#website","url":"https:\/\/memurunsesi.net\/","name":"Memurun Sesi","description":"G\u00fcncel ve Do\u011fru Haber","publisher":{"@id":"https:\/\/memurunsesi.net\/#organization"},"potentialAction":[{"@type":"SearchAction","target":{"@type":"EntryPoint","urlTemplate":"https:\/\/memurunsesi.net\/?s={search_term_string}"},"query-input":{"@type":"PropertyValueSpecification","valueRequired":true,"valueName":"search_term_string"}}],"inLanguage":"tr"},{"@type":"Organization","@id":"https:\/\/memurunsesi.net\/#organization","name":"Memurun Sesi","url":"https:\/\/memurunsesi.net\/","logo":{"@type":"ImageObject","inLanguage":"tr","@id":"https:\/\/memurunsesi.net\/#\/schema\/logo\/image\/","url":"https:\/\/memurunsesi.net\/wp-content\/uploads\/2025\/11\/cropped-MEMURUN-SESI.png","contentUrl":"https:\/\/memurunsesi.net\/wp-content\/uploads\/2025\/11\/cropped-MEMURUN-SESI.png","width":238,"height":57,"caption":"Memurun Sesi"},"image":{"@id":"https:\/\/memurunsesi.net\/#\/schema\/logo\/image\/"},"sameAs":["https:\/\/www.facebook.com\/unipersen\/?locale=tr_TR","https:\/\/x.com\/unipersen"]},{"@type":"Person","@id":"https:\/\/memurunsesi.net\/#\/schema\/person\/f21c2d73b89f6ee1d80b0a1803e38587","name":"Memurun Sesi Haber Merkezi","image":{"@type":"ImageObject","inLanguage":"tr","@id":"https:\/\/secure.gravatar.com\/avatar\/6cf0505f452ee753f485014986fab09a434671d2b919ee76fc541025c5876a70?s=96&d=mm&r=g","url":"https:\/\/secure.gravatar.com\/avatar\/6cf0505f452ee753f485014986fab09a434671d2b919ee76fc541025c5876a70?s=96&d=mm&r=g","contentUrl":"https:\/\/secure.gravatar.com\/avatar\/6cf0505f452ee753f485014986fab09a434671d2b919ee76fc541025c5876a70?s=96&d=mm&r=g","caption":"Memurun Sesi Haber Merkezi"},"sameAs":["https:\/\/memurunsesi.net"],"url":"https:\/\/memurunsesi.net\/index.php\/author\/uniper\/"}]}},"_links":{"self":[{"href":"https:\/\/memurunsesi.net\/index.php\/wp-json\/wp\/v2\/posts\/9760","targetHints":{"allow":["GET"]}}],"collection":[{"href":"https:\/\/memurunsesi.net\/index.php\/wp-json\/wp\/v2\/posts"}],"about":[{"href":"https:\/\/memurunsesi.net\/index.php\/wp-json\/wp\/v2\/types\/post"}],"author":[{"embeddable":true,"href":"https:\/\/memurunsesi.net\/index.php\/wp-json\/wp\/v2\/users\/1"}],"replies":[{"embeddable":true,"href":"https:\/\/memurunsesi.net\/index.php\/wp-json\/wp\/v2\/comments?post=9760"}],"version-history":[{"count":1,"href":"https:\/\/memurunsesi.net\/index.php\/wp-json\/wp\/v2\/posts\/9760\/revisions"}],"predecessor-version":[{"id":9762,"href":"https:\/\/memurunsesi.net\/index.php\/wp-json\/wp\/v2\/posts\/9760\/revisions\/9762"}],"wp:featuredmedia":[{"embeddable":true,"href":"https:\/\/memurunsesi.net\/index.php\/wp-json\/wp\/v2\/media\/9761"}],"wp:attachment":[{"href":"https:\/\/memurunsesi.net\/index.php\/wp-json\/wp\/v2\/media?parent=9760"}],"wp:term":[{"taxonomy":"category","embeddable":true,"href":"https:\/\/memurunsesi.net\/index.php\/wp-json\/wp\/v2\/categories?post=9760"},{"taxonomy":"post_tag","embeddable":true,"href":"https:\/\/memurunsesi.net\/index.php\/wp-json\/wp\/v2\/tags?post=9760"}],"curies":[{"name":"wp","href":"https:\/\/api.w.org\/{rel}","templated":true}]}}