{"id":9766,"date":"2025-07-28T08:44:23","date_gmt":"2025-07-28T05:44:23","guid":{"rendered":"https:\/\/memurunsesi.net\/?p=9766"},"modified":"2025-07-28T08:44:23","modified_gmt":"2025-07-28T05:44:23","slug":"zeytinburnunda-atolye-alevlere-teslim-oldu","status":"publish","type":"post","link":"https:\/\/memurunsesi.net\/index.php\/2025\/07\/28\/zeytinburnunda-atolye-alevlere-teslim-oldu\/","title":{"rendered":"Zeytinburnu&#8217;nda at\u00f6lye alevlere teslim oldu"},"content":{"rendered":"<p>  Zeytinburnu&#8217;nda 3 katl\u0131 boya imalathanesi ve demir kaplama at\u00f6lyesinde yang\u0131n \u00e7\u0131kt\u0131. K\u0131sa s\u00fcrede alevlerin sard\u0131\u011f\u0131 at\u00f6lyedeki yang\u0131n itfaiyenin m\u00fcdahalesi ile kontrol alt\u0131na al\u0131nd\u0131.<br \/>\n  Yang\u0131n, saat 01.30 s\u0131ralar\u0131nda Zeytinburnu Maltepe Mahallesi G\u00fcr\u00fcn Sokak&#8217;ta meydana geldi. Edinilen bilgiye g\u00f6re sokakta yer alan 3 katl\u0131 boya imalathanesi ve demir kaplama at\u00f6lyesinde hen\u00fcz bilinmeyen bir sebeple yang\u0131n \u00e7\u0131kt\u0131. Yang\u0131n at\u00f6lyenin \u00e7at\u0131 kat\u0131n\u0131 tamamen sard\u0131, duman sokak boyunca yay\u0131ld\u0131. \u0130hbar \u00fczerine olay yerine \u00e7ok say\u0131da itfaiye, sa\u011fl\u0131k ve polis ekipleri sevk edildi. \u0130tfaiye ekiplerinin yakla\u015f\u0131k 1 saatlik m\u00fcdahalesinin ard\u0131ndan alevler tamamen kontrol alt\u0131na al\u0131nd\u0131.<br \/>\n  Yang\u0131nda \u00f6len ya da yaralanan olmazken at\u00f6lye yang\u0131n sebebiyle hasar g\u00f6rd\u00fc. \u0130tfaiye ekipleri so\u011futma \u00e7al\u0131\u015fmalar\u0131n\u0131n ard\u0131ndan olay yerinden ayr\u0131l\u0131rken yang\u0131nla ilgili inceleme ba\u015flat\u0131ld\u0131. <\/p>\n<p>28.07.2025                               <\/p>\n","protected":false},"excerpt":{"rendered":"<p>Zeytinburnu&#8217;nda 3 katl\u0131 boya imalathanesi ve demir kaplama at\u00f6lyesinde yang\u0131n \u00e7\u0131kt\u0131. K\u0131sa s\u00fcrede alevlerin sard\u0131\u011f\u0131 at\u00f6lyedeki yang\u0131n itfaiyenin m\u00fcdahalesi ile kontrol alt\u0131na al\u0131nd\u0131. Yang\u0131n, saat 01.30 s\u0131ralar\u0131nda Zeytinburnu Maltepe Mahallesi G\u00fcr\u00fcn Sokak&#8217;ta meydana geldi. Edinilen bilgiye g\u00f6re sokakta yer alan 3 katl\u0131 boya imalathanesi ve demir kaplama at\u00f6lyesinde hen\u00fcz bilinmeyen bir sebeple yang\u0131n \u00e7\u0131kt\u0131. Yang\u0131n [&hellip;]<\/p>\n","protected":false},"author":1,"featured_media":9767,"comment_status":"open","ping_status":"open","sticky":false,"template":"","format":"standard","meta":{"footnotes":""},"categories":[1],"tags":[],"class_list":["post-9766","post","type-post","status-publish","format-standard","has-post-thumbnail","hentry","category-genel"],"yoast_head":"<!-- This site is optimized with the Yoast SEO plugin v27.4 - https:\/\/yoast.com\/product\/yoast-seo-wordpress\/ -->\n<title>Zeytinburnu&#039;nda at\u00f6lye alevlere teslim oldu - Memurun Sesi<\/title>\n<meta name=\"robots\" content=\"index, follow, max-snippet:-1, max-image-preview:large, max-video-preview:-1\" \/>\n<link rel=\"canonical\" href=\"https:\/\/memurunsesi.net\/index.php\/2025\/07\/28\/zeytinburnunda-atolye-alevlere-teslim-oldu\/\" \/>\n<meta property=\"og:locale\" content=\"tr_TR\" \/>\n<meta property=\"og:type\" content=\"article\" \/>\n<meta property=\"og:title\" content=\"Zeytinburnu&#039;nda at\u00f6lye alevlere teslim oldu - Memurun Sesi\" \/>\n<meta property=\"og:description\" content=\"Zeytinburnu&#8217;nda 3 katl\u0131 boya imalathanesi ve demir kaplama at\u00f6lyesinde yang\u0131n \u00e7\u0131kt\u0131. K\u0131sa s\u00fcrede alevlerin sard\u0131\u011f\u0131 at\u00f6lyedeki yang\u0131n itfaiyenin m\u00fcdahalesi ile kontrol alt\u0131na al\u0131nd\u0131. Yang\u0131n, saat 01.30 s\u0131ralar\u0131nda Zeytinburnu Maltepe Mahallesi G\u00fcr\u00fcn Sokak&#8217;ta meydana geldi. Edinilen bilgiye g\u00f6re sokakta yer alan 3 katl\u0131 boya imalathanesi ve demir kaplama at\u00f6lyesinde hen\u00fcz bilinmeyen bir sebeple yang\u0131n \u00e7\u0131kt\u0131. Yang\u0131n [&hellip;]\" \/>\n<meta property=\"og:url\" content=\"https:\/\/memurunsesi.net\/index.php\/2025\/07\/28\/zeytinburnunda-atolye-alevlere-teslim-oldu\/\" \/>\n<meta property=\"og:site_name\" content=\"Memurun Sesi\" \/>\n<meta property=\"article:publisher\" content=\"https:\/\/www.facebook.com\/unipersen\/?locale=tr_TR\" \/>\n<meta property=\"article:published_time\" content=\"2025-07-28T05:44:23+00:00\" \/>\n<meta property=\"og:image\" content=\"https:\/\/memurunsesi.net\/wp-content\/uploads\/2025\/07\/AW505706_01-scaled.jpg\" \/>\n\t<meta property=\"og:image:width\" content=\"2560\" \/>\n\t<meta property=\"og:image:height\" content=\"1441\" \/>\n\t<meta property=\"og:image:type\" content=\"image\/jpeg\" \/>\n<meta name=\"author\" content=\"Memurun Sesi Haber Merkezi\" \/>\n<meta name=\"twitter:card\" content=\"summary_large_image\" \/>\n<meta name=\"twitter:creator\" content=\"@unipersen\" \/>\n<meta name=\"twitter:site\" content=\"@unipersen\" \/>\n<meta name=\"twitter:label1\" content=\"Yazan:\" \/>\n\t<meta name=\"twitter:data1\" content=\"Memurun Sesi Haber Merkezi\" \/>\n\t<meta name=\"twitter:label2\" content=\"Tahmini okuma s\u00fcresi\" \/>\n\t<meta name=\"twitter:data2\" content=\"1 dakika\" \/>\n<script type=\"application\/ld+json\" class=\"yoast-schema-graph\">{\"@context\":\"https:\\\/\\\/schema.org\",\"@graph\":[{\"@type\":\"Article\",\"@id\":\"https:\\\/\\\/memurunsesi.net\\\/index.php\\\/2025\\\/07\\\/28\\\/zeytinburnunda-atolye-alevlere-teslim-oldu\\\/#article\",\"isPartOf\":{\"@id\":\"https:\\\/\\\/memurunsesi.net\\\/index.php\\\/2025\\\/07\\\/28\\\/zeytinburnunda-atolye-alevlere-teslim-oldu\\\/\"},\"author\":{\"name\":\"Memurun Sesi Haber Merkezi\",\"@id\":\"https:\\\/\\\/memurunsesi.net\\\/#\\\/schema\\\/person\\\/f21c2d73b89f6ee1d80b0a1803e38587\"},\"headline\":\"Zeytinburnu&#8217;nda at\u00f6lye alevlere teslim oldu\",\"datePublished\":\"2025-07-28T05:44:23+00:00\",\"mainEntityOfPage\":{\"@id\":\"https:\\\/\\\/memurunsesi.net\\\/index.php\\\/2025\\\/07\\\/28\\\/zeytinburnunda-atolye-alevlere-teslim-oldu\\\/\"},\"wordCount\":161,\"commentCount\":0,\"publisher\":{\"@id\":\"https:\\\/\\\/memurunsesi.net\\\/#organization\"},\"image\":{\"@id\":\"https:\\\/\\\/memurunsesi.net\\\/index.php\\\/2025\\\/07\\\/28\\\/zeytinburnunda-atolye-alevlere-teslim-oldu\\\/#primaryimage\"},\"thumbnailUrl\":\"https:\\\/\\\/memurunsesi.net\\\/wp-content\\\/uploads\\\/2025\\\/07\\\/AW505706_01-scaled.jpg\",\"inLanguage\":\"tr\",\"potentialAction\":[{\"@type\":\"CommentAction\",\"name\":\"Comment\",\"target\":[\"https:\\\/\\\/memurunsesi.net\\\/index.php\\\/2025\\\/07\\\/28\\\/zeytinburnunda-atolye-alevlere-teslim-oldu\\\/#respond\"]}]},{\"@type\":\"WebPage\",\"@id\":\"https:\\\/\\\/memurunsesi.net\\\/index.php\\\/2025\\\/07\\\/28\\\/zeytinburnunda-atolye-alevlere-teslim-oldu\\\/\",\"url\":\"https:\\\/\\\/memurunsesi.net\\\/index.php\\\/2025\\\/07\\\/28\\\/zeytinburnunda-atolye-alevlere-teslim-oldu\\\/\",\"name\":\"Zeytinburnu'nda at\u00f6lye alevlere teslim oldu - Memurun Sesi\",\"isPartOf\":{\"@id\":\"https:\\\/\\\/memurunsesi.net\\\/#website\"},\"primaryImageOfPage\":{\"@id\":\"https:\\\/\\\/memurunsesi.net\\\/index.php\\\/2025\\\/07\\\/28\\\/zeytinburnunda-atolye-alevlere-teslim-oldu\\\/#primaryimage\"},\"image\":{\"@id\":\"https:\\\/\\\/memurunsesi.net\\\/index.php\\\/2025\\\/07\\\/28\\\/zeytinburnunda-atolye-alevlere-teslim-oldu\\\/#primaryimage\"},\"thumbnailUrl\":\"https:\\\/\\\/memurunsesi.net\\\/wp-content\\\/uploads\\\/2025\\\/07\\\/AW505706_01-scaled.jpg\",\"datePublished\":\"2025-07-28T05:44:23+00:00\",\"breadcrumb\":{\"@id\":\"https:\\\/\\\/memurunsesi.net\\\/index.php\\\/2025\\\/07\\\/28\\\/zeytinburnunda-atolye-alevlere-teslim-oldu\\\/#breadcrumb\"},\"inLanguage\":\"tr\",\"potentialAction\":[{\"@type\":\"ReadAction\",\"target\":[\"https:\\\/\\\/memurunsesi.net\\\/index.php\\\/2025\\\/07\\\/28\\\/zeytinburnunda-atolye-alevlere-teslim-oldu\\\/\"]}]},{\"@type\":\"ImageObject\",\"inLanguage\":\"tr\",\"@id\":\"https:\\\/\\\/memurunsesi.net\\\/index.php\\\/2025\\\/07\\\/28\\\/zeytinburnunda-atolye-alevlere-teslim-oldu\\\/#primaryimage\",\"url\":\"https:\\\/\\\/memurunsesi.net\\\/wp-content\\\/uploads\\\/2025\\\/07\\\/AW505706_01-scaled.jpg\",\"contentUrl\":\"https:\\\/\\\/memurunsesi.net\\\/wp-content\\\/uploads\\\/2025\\\/07\\\/AW505706_01-scaled.jpg\",\"width\":2560,\"height\":1441,\"caption\":\"ZEYT\u0130NBURNU'NDA AT\u00d6LYE ALEVLERE TESL\u0130M OLDU (EN\u0130S DERD\u0130MENTO\u011eLU\\\/\u0130STANBUL-\u0130HA) Zeytinburnu'nda 3 katl\u0131 boya imalathanesi ve demir kaplama at\u00f6lyesinde yang\u0131n \u00e7\u0131kt\u0131. K\u0131sa s\u00fcrede alevlerin sard\u0131\u011f\u0131 at\u00f6lyedeki yang\u0131n itfaiyenin m\u00fcdahalesi ile kontrol alt\u0131na al\u0131nd\u0131.\"},{\"@type\":\"BreadcrumbList\",\"@id\":\"https:\\\/\\\/memurunsesi.net\\\/index.php\\\/2025\\\/07\\\/28\\\/zeytinburnunda-atolye-alevlere-teslim-oldu\\\/#breadcrumb\",\"itemListElement\":[{\"@type\":\"ListItem\",\"position\":1,\"name\":\"Anasayfa\",\"item\":\"https:\\\/\\\/memurunsesi.net\\\/\"},{\"@type\":\"ListItem\",\"position\":2,\"name\":\"Zeytinburnu&#8217;nda at\u00f6lye alevlere teslim oldu\"}]},{\"@type\":\"WebSite\",\"@id\":\"https:\\\/\\\/memurunsesi.net\\\/#website\",\"url\":\"https:\\\/\\\/memurunsesi.net\\\/\",\"name\":\"Memurun Sesi\",\"description\":\"G\u00fcncel ve Do\u011fru Haber\",\"publisher\":{\"@id\":\"https:\\\/\\\/memurunsesi.net\\\/#organization\"},\"potentialAction\":[{\"@type\":\"SearchAction\",\"target\":{\"@type\":\"EntryPoint\",\"urlTemplate\":\"https:\\\/\\\/memurunsesi.net\\\/?s={search_term_string}\"},\"query-input\":{\"@type\":\"PropertyValueSpecification\",\"valueRequired\":true,\"valueName\":\"search_term_string\"}}],\"inLanguage\":\"tr\"},{\"@type\":\"Organization\",\"@id\":\"https:\\\/\\\/memurunsesi.net\\\/#organization\",\"name\":\"Memurun Sesi\",\"url\":\"https:\\\/\\\/memurunsesi.net\\\/\",\"logo\":{\"@type\":\"ImageObject\",\"inLanguage\":\"tr\",\"@id\":\"https:\\\/\\\/memurunsesi.net\\\/#\\\/schema\\\/logo\\\/image\\\/\",\"url\":\"https:\\\/\\\/memurunsesi.net\\\/wp-content\\\/uploads\\\/2025\\\/11\\\/cropped-MEMURUN-SESI.png\",\"contentUrl\":\"https:\\\/\\\/memurunsesi.net\\\/wp-content\\\/uploads\\\/2025\\\/11\\\/cropped-MEMURUN-SESI.png\",\"width\":238,\"height\":57,\"caption\":\"Memurun Sesi\"},\"image\":{\"@id\":\"https:\\\/\\\/memurunsesi.net\\\/#\\\/schema\\\/logo\\\/image\\\/\"},\"sameAs\":[\"https:\\\/\\\/www.facebook.com\\\/unipersen\\\/?locale=tr_TR\",\"https:\\\/\\\/x.com\\\/unipersen\"]},{\"@type\":\"Person\",\"@id\":\"https:\\\/\\\/memurunsesi.net\\\/#\\\/schema\\\/person\\\/f21c2d73b89f6ee1d80b0a1803e38587\",\"name\":\"Memurun Sesi Haber Merkezi\",\"image\":{\"@type\":\"ImageObject\",\"inLanguage\":\"tr\",\"@id\":\"https:\\\/\\\/secure.gravatar.com\\\/avatar\\\/6cf0505f452ee753f485014986fab09a434671d2b919ee76fc541025c5876a70?s=96&d=mm&r=g\",\"url\":\"https:\\\/\\\/secure.gravatar.com\\\/avatar\\\/6cf0505f452ee753f485014986fab09a434671d2b919ee76fc541025c5876a70?s=96&d=mm&r=g\",\"contentUrl\":\"https:\\\/\\\/secure.gravatar.com\\\/avatar\\\/6cf0505f452ee753f485014986fab09a434671d2b919ee76fc541025c5876a70?s=96&d=mm&r=g\",\"caption\":\"Memurun Sesi Haber Merkezi\"},\"sameAs\":[\"https:\\\/\\\/memurunsesi.net\"],\"url\":\"https:\\\/\\\/memurunsesi.net\\\/index.php\\\/author\\\/uniper\\\/\"}]}<\/script>\n<!-- \/ Yoast SEO plugin. -->","yoast_head_json":{"title":"Zeytinburnu'nda at\u00f6lye alevlere teslim oldu - Memurun Sesi","robots":{"index":"index","follow":"follow","max-snippet":"max-snippet:-1","max-image-preview":"max-image-preview:large","max-video-preview":"max-video-preview:-1"},"canonical":"https:\/\/memurunsesi.net\/index.php\/2025\/07\/28\/zeytinburnunda-atolye-alevlere-teslim-oldu\/","og_locale":"tr_TR","og_type":"article","og_title":"Zeytinburnu'nda at\u00f6lye alevlere teslim oldu - Memurun Sesi","og_description":"Zeytinburnu&#8217;nda 3 katl\u0131 boya imalathanesi ve demir kaplama at\u00f6lyesinde yang\u0131n \u00e7\u0131kt\u0131. K\u0131sa s\u00fcrede alevlerin sard\u0131\u011f\u0131 at\u00f6lyedeki yang\u0131n itfaiyenin m\u00fcdahalesi ile kontrol alt\u0131na al\u0131nd\u0131. Yang\u0131n, saat 01.30 s\u0131ralar\u0131nda Zeytinburnu Maltepe Mahallesi G\u00fcr\u00fcn Sokak&#8217;ta meydana geldi. Edinilen bilgiye g\u00f6re sokakta yer alan 3 katl\u0131 boya imalathanesi ve demir kaplama at\u00f6lyesinde hen\u00fcz bilinmeyen bir sebeple yang\u0131n \u00e7\u0131kt\u0131. Yang\u0131n [&hellip;]","og_url":"https:\/\/memurunsesi.net\/index.php\/2025\/07\/28\/zeytinburnunda-atolye-alevlere-teslim-oldu\/","og_site_name":"Memurun Sesi","article_publisher":"https:\/\/www.facebook.com\/unipersen\/?locale=tr_TR","article_published_time":"2025-07-28T05:44:23+00:00","og_image":[{"width":2560,"height":1441,"url":"https:\/\/memurunsesi.net\/wp-content\/uploads\/2025\/07\/AW505706_01-scaled.jpg","type":"image\/jpeg"}],"author":"Memurun Sesi Haber Merkezi","twitter_card":"summary_large_image","twitter_creator":"@unipersen","twitter_site":"@unipersen","twitter_misc":{"Yazan:":"Memurun Sesi Haber Merkezi","Tahmini okuma s\u00fcresi":"1 dakika"},"schema":{"@context":"https:\/\/schema.org","@graph":[{"@type":"Article","@id":"https:\/\/memurunsesi.net\/index.php\/2025\/07\/28\/zeytinburnunda-atolye-alevlere-teslim-oldu\/#article","isPartOf":{"@id":"https:\/\/memurunsesi.net\/index.php\/2025\/07\/28\/zeytinburnunda-atolye-alevlere-teslim-oldu\/"},"author":{"name":"Memurun Sesi Haber Merkezi","@id":"https:\/\/memurunsesi.net\/#\/schema\/person\/f21c2d73b89f6ee1d80b0a1803e38587"},"headline":"Zeytinburnu&#8217;nda at\u00f6lye alevlere teslim oldu","datePublished":"2025-07-28T05:44:23+00:00","mainEntityOfPage":{"@id":"https:\/\/memurunsesi.net\/index.php\/2025\/07\/28\/zeytinburnunda-atolye-alevlere-teslim-oldu\/"},"wordCount":161,"commentCount":0,"publisher":{"@id":"https:\/\/memurunsesi.net\/#organization"},"image":{"@id":"https:\/\/memurunsesi.net\/index.php\/2025\/07\/28\/zeytinburnunda-atolye-alevlere-teslim-oldu\/#primaryimage"},"thumbnailUrl":"https:\/\/memurunsesi.net\/wp-content\/uploads\/2025\/07\/AW505706_01-scaled.jpg","inLanguage":"tr","potentialAction":[{"@type":"CommentAction","name":"Comment","target":["https:\/\/memurunsesi.net\/index.php\/2025\/07\/28\/zeytinburnunda-atolye-alevlere-teslim-oldu\/#respond"]}]},{"@type":"WebPage","@id":"https:\/\/memurunsesi.net\/index.php\/2025\/07\/28\/zeytinburnunda-atolye-alevlere-teslim-oldu\/","url":"https:\/\/memurunsesi.net\/index.php\/2025\/07\/28\/zeytinburnunda-atolye-alevlere-teslim-oldu\/","name":"Zeytinburnu'nda at\u00f6lye alevlere teslim oldu - Memurun Sesi","isPartOf":{"@id":"https:\/\/memurunsesi.net\/#website"},"primaryImageOfPage":{"@id":"https:\/\/memurunsesi.net\/index.php\/2025\/07\/28\/zeytinburnunda-atolye-alevlere-teslim-oldu\/#primaryimage"},"image":{"@id":"https:\/\/memurunsesi.net\/index.php\/2025\/07\/28\/zeytinburnunda-atolye-alevlere-teslim-oldu\/#primaryimage"},"thumbnailUrl":"https:\/\/memurunsesi.net\/wp-content\/uploads\/2025\/07\/AW505706_01-scaled.jpg","datePublished":"2025-07-28T05:44:23+00:00","breadcrumb":{"@id":"https:\/\/memurunsesi.net\/index.php\/2025\/07\/28\/zeytinburnunda-atolye-alevlere-teslim-oldu\/#breadcrumb"},"inLanguage":"tr","potentialAction":[{"@type":"ReadAction","target":["https:\/\/memurunsesi.net\/index.php\/2025\/07\/28\/zeytinburnunda-atolye-alevlere-teslim-oldu\/"]}]},{"@type":"ImageObject","inLanguage":"tr","@id":"https:\/\/memurunsesi.net\/index.php\/2025\/07\/28\/zeytinburnunda-atolye-alevlere-teslim-oldu\/#primaryimage","url":"https:\/\/memurunsesi.net\/wp-content\/uploads\/2025\/07\/AW505706_01-scaled.jpg","contentUrl":"https:\/\/memurunsesi.net\/wp-content\/uploads\/2025\/07\/AW505706_01-scaled.jpg","width":2560,"height":1441,"caption":"ZEYT\u0130NBURNU'NDA AT\u00d6LYE ALEVLERE TESL\u0130M OLDU (EN\u0130S DERD\u0130MENTO\u011eLU\/\u0130STANBUL-\u0130HA) Zeytinburnu'nda 3 katl\u0131 boya imalathanesi ve demir kaplama at\u00f6lyesinde yang\u0131n \u00e7\u0131kt\u0131. K\u0131sa s\u00fcrede alevlerin sard\u0131\u011f\u0131 at\u00f6lyedeki yang\u0131n itfaiyenin m\u00fcdahalesi ile kontrol alt\u0131na al\u0131nd\u0131."},{"@type":"BreadcrumbList","@id":"https:\/\/memurunsesi.net\/index.php\/2025\/07\/28\/zeytinburnunda-atolye-alevlere-teslim-oldu\/#breadcrumb","itemListElement":[{"@type":"ListItem","position":1,"name":"Anasayfa","item":"https:\/\/memurunsesi.net\/"},{"@type":"ListItem","position":2,"name":"Zeytinburnu&#8217;nda at\u00f6lye alevlere teslim oldu"}]},{"@type":"WebSite","@id":"https:\/\/memurunsesi.net\/#website","url":"https:\/\/memurunsesi.net\/","name":"Memurun Sesi","description":"G\u00fcncel ve Do\u011fru Haber","publisher":{"@id":"https:\/\/memurunsesi.net\/#organization"},"potentialAction":[{"@type":"SearchAction","target":{"@type":"EntryPoint","urlTemplate":"https:\/\/memurunsesi.net\/?s={search_term_string}"},"query-input":{"@type":"PropertyValueSpecification","valueRequired":true,"valueName":"search_term_string"}}],"inLanguage":"tr"},{"@type":"Organization","@id":"https:\/\/memurunsesi.net\/#organization","name":"Memurun Sesi","url":"https:\/\/memurunsesi.net\/","logo":{"@type":"ImageObject","inLanguage":"tr","@id":"https:\/\/memurunsesi.net\/#\/schema\/logo\/image\/","url":"https:\/\/memurunsesi.net\/wp-content\/uploads\/2025\/11\/cropped-MEMURUN-SESI.png","contentUrl":"https:\/\/memurunsesi.net\/wp-content\/uploads\/2025\/11\/cropped-MEMURUN-SESI.png","width":238,"height":57,"caption":"Memurun Sesi"},"image":{"@id":"https:\/\/memurunsesi.net\/#\/schema\/logo\/image\/"},"sameAs":["https:\/\/www.facebook.com\/unipersen\/?locale=tr_TR","https:\/\/x.com\/unipersen"]},{"@type":"Person","@id":"https:\/\/memurunsesi.net\/#\/schema\/person\/f21c2d73b89f6ee1d80b0a1803e38587","name":"Memurun Sesi Haber Merkezi","image":{"@type":"ImageObject","inLanguage":"tr","@id":"https:\/\/secure.gravatar.com\/avatar\/6cf0505f452ee753f485014986fab09a434671d2b919ee76fc541025c5876a70?s=96&d=mm&r=g","url":"https:\/\/secure.gravatar.com\/avatar\/6cf0505f452ee753f485014986fab09a434671d2b919ee76fc541025c5876a70?s=96&d=mm&r=g","contentUrl":"https:\/\/secure.gravatar.com\/avatar\/6cf0505f452ee753f485014986fab09a434671d2b919ee76fc541025c5876a70?s=96&d=mm&r=g","caption":"Memurun Sesi Haber Merkezi"},"sameAs":["https:\/\/memurunsesi.net"],"url":"https:\/\/memurunsesi.net\/index.php\/author\/uniper\/"}]}},"_links":{"self":[{"href":"https:\/\/memurunsesi.net\/index.php\/wp-json\/wp\/v2\/posts\/9766","targetHints":{"allow":["GET"]}}],"collection":[{"href":"https:\/\/memurunsesi.net\/index.php\/wp-json\/wp\/v2\/posts"}],"about":[{"href":"https:\/\/memurunsesi.net\/index.php\/wp-json\/wp\/v2\/types\/post"}],"author":[{"embeddable":true,"href":"https:\/\/memurunsesi.net\/index.php\/wp-json\/wp\/v2\/users\/1"}],"replies":[{"embeddable":true,"href":"https:\/\/memurunsesi.net\/index.php\/wp-json\/wp\/v2\/comments?post=9766"}],"version-history":[{"count":1,"href":"https:\/\/memurunsesi.net\/index.php\/wp-json\/wp\/v2\/posts\/9766\/revisions"}],"predecessor-version":[{"id":9768,"href":"https:\/\/memurunsesi.net\/index.php\/wp-json\/wp\/v2\/posts\/9766\/revisions\/9768"}],"wp:featuredmedia":[{"embeddable":true,"href":"https:\/\/memurunsesi.net\/index.php\/wp-json\/wp\/v2\/media\/9767"}],"wp:attachment":[{"href":"https:\/\/memurunsesi.net\/index.php\/wp-json\/wp\/v2\/media?parent=9766"}],"wp:term":[{"taxonomy":"category","embeddable":true,"href":"https:\/\/memurunsesi.net\/index.php\/wp-json\/wp\/v2\/categories?post=9766"},{"taxonomy":"post_tag","embeddable":true,"href":"https:\/\/memurunsesi.net\/index.php\/wp-json\/wp\/v2\/tags?post=9766"}],"curies":[{"name":"wp","href":"https:\/\/api.w.org\/{rel}","templated":true}]}}