{"id":9776,"date":"2025-07-28T08:49:15","date_gmt":"2025-07-28T05:49:15","guid":{"rendered":"https:\/\/memurunsesi.net\/?p=9776"},"modified":"2025-07-28T08:49:15","modified_gmt":"2025-07-28T05:49:15","slug":"9776","status":"publish","type":"post","link":"https:\/\/memurunsesi.net\/index.php\/2025\/07\/28\/9776\/","title":{"rendered":""},"content":{"rendered":"<p>   Orhaneli ile Harmanc\u0131k il\u00e7eleri aras\u0131nda \u00e7\u0131kan orman yang\u0131n\u0131nda ula\u015f\u0131lmas\u0131 g\u00fc\u00e7 alanlarda alevlerle m\u00fccadele eden ekipler, su tankerlerinin giremedi\u011fi b\u00f6lgelere pet \u015fi\u015felerle su ta\u015f\u0131yarak s\u00f6nd\u00fcrme \u00e7al\u0131\u015fmalar\u0131n\u0131 s\u00fcrd\u00fcr\u00fcyor.<br \/>\n  Bursa\u2019n\u0131n Orhaneli ile Harmanc\u0131k il\u00e7eleri aras\u0131nda \u00e7\u0131kan orman yang\u0131n\u0131, gece saatlerinde etkisini art\u0131rarak geni\u015f bir alana yay\u0131ld\u0131. Havan\u0131n kararmas\u0131yla birlikte alevler daha da belirgin hale gelirken, yang\u0131n\u0131n olu\u015fturdu\u011fu tehlike g\u00f6zler \u00f6n\u00fcne serildi. Yang\u0131na gece g\u00fcnd\u00fcz demeden m\u00fcdahale eden ekipler, ula\u015f\u0131lmas\u0131 g\u00fc\u00e7 b\u00f6lgelerde yo\u011fun bir m\u00fccadele y\u00fcr\u00fct\u00fcyor. Karadan m\u00fcdahale eden ekipler, d\u00f6rt koldan yang\u0131na kar\u015f\u0131 sava\u015f verirken, su tankerlerinin ula\u015famad\u0131\u011f\u0131 noktalarda ise pet \u015fi\u015felerdeki sularla s\u00f6nd\u00fcrme \u00e7al\u0131\u015fmalar\u0131 yap\u0131l\u0131yor. <\/p>\n<p>28.07.2025                                  <\/p>\n","protected":false},"excerpt":{"rendered":"<p>Orhaneli ile Harmanc\u0131k il\u00e7eleri aras\u0131nda \u00e7\u0131kan orman yang\u0131n\u0131nda ula\u015f\u0131lmas\u0131 g\u00fc\u00e7 alanlarda alevlerle m\u00fccadele eden ekipler, su tankerlerinin giremedi\u011fi b\u00f6lgelere pet \u015fi\u015felerle su ta\u015f\u0131yarak s\u00f6nd\u00fcrme \u00e7al\u0131\u015fmalar\u0131n\u0131 s\u00fcrd\u00fcr\u00fcyor. Bursa\u2019n\u0131n Orhaneli ile Harmanc\u0131k il\u00e7eleri aras\u0131nda \u00e7\u0131kan orman yang\u0131n\u0131, gece saatlerinde etkisini art\u0131rarak geni\u015f bir alana yay\u0131ld\u0131. Havan\u0131n kararmas\u0131yla birlikte alevler daha da belirgin hale gelirken, yang\u0131n\u0131n olu\u015fturdu\u011fu tehlike [&hellip;]<\/p>\n","protected":false},"author":1,"featured_media":9777,"comment_status":"open","ping_status":"open","sticky":false,"template":"","format":"standard","meta":{"footnotes":""},"categories":[1],"tags":[],"class_list":["post-9776","post","type-post","status-publish","format-standard","has-post-thumbnail","hentry","category-genel"],"yoast_head":"<!-- This site is optimized with the Yoast SEO plugin v27.4 - https:\/\/yoast.com\/product\/yoast-seo-wordpress\/ -->\n<title>- Memurun Sesi<\/title>\n<meta name=\"robots\" content=\"index, follow, max-snippet:-1, max-image-preview:large, max-video-preview:-1\" \/>\n<link rel=\"canonical\" href=\"https:\/\/memurunsesi.net\/index.php\/2025\/07\/28\/9776\/\" \/>\n<meta property=\"og:locale\" content=\"tr_TR\" \/>\n<meta property=\"og:type\" content=\"article\" \/>\n<meta property=\"og:title\" content=\"- Memurun Sesi\" \/>\n<meta property=\"og:description\" content=\"Orhaneli ile Harmanc\u0131k il\u00e7eleri aras\u0131nda \u00e7\u0131kan orman yang\u0131n\u0131nda ula\u015f\u0131lmas\u0131 g\u00fc\u00e7 alanlarda alevlerle m\u00fccadele eden ekipler, su tankerlerinin giremedi\u011fi b\u00f6lgelere pet \u015fi\u015felerle su ta\u015f\u0131yarak s\u00f6nd\u00fcrme \u00e7al\u0131\u015fmalar\u0131n\u0131 s\u00fcrd\u00fcr\u00fcyor. Bursa\u2019n\u0131n Orhaneli ile Harmanc\u0131k il\u00e7eleri aras\u0131nda \u00e7\u0131kan orman yang\u0131n\u0131, gece saatlerinde etkisini art\u0131rarak geni\u015f bir alana yay\u0131ld\u0131. Havan\u0131n kararmas\u0131yla birlikte alevler daha da belirgin hale gelirken, yang\u0131n\u0131n olu\u015fturdu\u011fu tehlike [&hellip;]\" \/>\n<meta property=\"og:url\" content=\"https:\/\/memurunsesi.net\/index.php\/2025\/07\/28\/9776\/\" \/>\n<meta property=\"og:site_name\" content=\"Memurun Sesi\" \/>\n<meta property=\"article:publisher\" content=\"https:\/\/www.facebook.com\/unipersen\/?locale=tr_TR\" \/>\n<meta property=\"article:published_time\" content=\"2025-07-28T05:49:15+00:00\" \/>\n<meta property=\"og:image\" content=\"https:\/\/memurunsesi.net\/wp-content\/uploads\/2025\/07\/AW505702_01-1.jpg\" \/>\n\t<meta property=\"og:image:width\" content=\"1590\" \/>\n\t<meta property=\"og:image:height\" content=\"1272\" \/>\n\t<meta property=\"og:image:type\" content=\"image\/jpeg\" \/>\n<meta name=\"author\" content=\"Memurun Sesi Haber Merkezi\" \/>\n<meta name=\"twitter:card\" content=\"summary_large_image\" \/>\n<meta name=\"twitter:creator\" content=\"@unipersen\" \/>\n<meta name=\"twitter:site\" content=\"@unipersen\" \/>\n<meta name=\"twitter:label1\" content=\"Yazan:\" \/>\n\t<meta name=\"twitter:data1\" content=\"Memurun Sesi Haber Merkezi\" \/>\n\t<meta name=\"twitter:label2\" content=\"Tahmini okuma s\u00fcresi\" \/>\n\t<meta name=\"twitter:data2\" content=\"1 dakika\" \/>\n<script type=\"application\/ld+json\" class=\"yoast-schema-graph\">{\"@context\":\"https:\\\/\\\/schema.org\",\"@graph\":[{\"@type\":\"Article\",\"@id\":\"https:\\\/\\\/memurunsesi.net\\\/index.php\\\/2025\\\/07\\\/28\\\/9776\\\/#article\",\"isPartOf\":{\"@id\":\"https:\\\/\\\/memurunsesi.net\\\/index.php\\\/2025\\\/07\\\/28\\\/9776\\\/\"},\"author\":{\"name\":\"Memurun Sesi Haber Merkezi\",\"@id\":\"https:\\\/\\\/memurunsesi.net\\\/#\\\/schema\\\/person\\\/f21c2d73b89f6ee1d80b0a1803e38587\"},\"headline\":\"Ba\u015fl\u0131k yok\",\"datePublished\":\"2025-07-28T05:49:15+00:00\",\"mainEntityOfPage\":{\"@id\":\"https:\\\/\\\/memurunsesi.net\\\/index.php\\\/2025\\\/07\\\/28\\\/9776\\\/\"},\"wordCount\":148,\"commentCount\":0,\"publisher\":{\"@id\":\"https:\\\/\\\/memurunsesi.net\\\/#organization\"},\"image\":{\"@id\":\"https:\\\/\\\/memurunsesi.net\\\/index.php\\\/2025\\\/07\\\/28\\\/9776\\\/#primaryimage\"},\"thumbnailUrl\":\"https:\\\/\\\/memurunsesi.net\\\/wp-content\\\/uploads\\\/2025\\\/07\\\/AW505702_01-1.jpg\",\"inLanguage\":\"tr\",\"potentialAction\":[{\"@type\":\"CommentAction\",\"name\":\"Comment\",\"target\":[\"https:\\\/\\\/memurunsesi.net\\\/index.php\\\/2025\\\/07\\\/28\\\/9776\\\/#respond\"]}]},{\"@type\":\"WebPage\",\"@id\":\"https:\\\/\\\/memurunsesi.net\\\/index.php\\\/2025\\\/07\\\/28\\\/9776\\\/\",\"url\":\"https:\\\/\\\/memurunsesi.net\\\/index.php\\\/2025\\\/07\\\/28\\\/9776\\\/\",\"name\":\"- Memurun Sesi\",\"isPartOf\":{\"@id\":\"https:\\\/\\\/memurunsesi.net\\\/#website\"},\"primaryImageOfPage\":{\"@id\":\"https:\\\/\\\/memurunsesi.net\\\/index.php\\\/2025\\\/07\\\/28\\\/9776\\\/#primaryimage\"},\"image\":{\"@id\":\"https:\\\/\\\/memurunsesi.net\\\/index.php\\\/2025\\\/07\\\/28\\\/9776\\\/#primaryimage\"},\"thumbnailUrl\":\"https:\\\/\\\/memurunsesi.net\\\/wp-content\\\/uploads\\\/2025\\\/07\\\/AW505702_01-1.jpg\",\"datePublished\":\"2025-07-28T05:49:15+00:00\",\"inLanguage\":\"tr\",\"potentialAction\":[{\"@type\":\"ReadAction\",\"target\":[\"https:\\\/\\\/memurunsesi.net\\\/index.php\\\/2025\\\/07\\\/28\\\/9776\\\/\"]}]},{\"@type\":\"ImageObject\",\"inLanguage\":\"tr\",\"@id\":\"https:\\\/\\\/memurunsesi.net\\\/index.php\\\/2025\\\/07\\\/28\\\/9776\\\/#primaryimage\",\"url\":\"https:\\\/\\\/memurunsesi.net\\\/wp-content\\\/uploads\\\/2025\\\/07\\\/AW505702_01-1.jpg\",\"contentUrl\":\"https:\\\/\\\/memurunsesi.net\\\/wp-content\\\/uploads\\\/2025\\\/07\\\/AW505702_01-1.jpg\",\"width\":1590,\"height\":1272,\"caption\":\"AKSARAY'DA YASAL SINIRIN 4 KATI \u00dcZER\u0130NDE ALKOL ALIP D\u0130REKS\u0130YON BA\u015eINA GE\u00c7EN ALKOLL\u00dc S\u00dcR\u00dcC\u00dc BETON ELEKTR\u0130K D\u0130RE\u011e\u0130NE \u00c7ARPARAK YIKTI. S\u00dcR\u00dcC\u00dc HURDAYA D\u00d6NEN ARA\u00c7TAN BURNU B\u0130LE KANAMADAN KURTULURKEN, MAHALLE B\u0130R S\u00dcRE ELEKTR\u0130KS\u0130Z KALDI. (YAS\u0130N CAN\\\/AKSARAY-\u0130HA) Aksaray'da yasal s\u0131n\u0131r\u0131n 4 kat\u0131 \u00fczerinde alkol al\u0131p direksiyon ba\u015f\u0131na ge\u00e7en alkoll\u00fc s\u00fcr\u00fcc\u00fc beton elektrik dire\u011fine \u00e7arparak y\u0131kt\u0131. S\u00fcr\u00fcc\u00fc hurdaya d\u00f6nen ara\u00e7tan burnu bile kanamadan kurtulurken, arac\u0131n\u0131 kameraya \u00e7eken vatanda\u015fa, \\\"Neden \u00e7ekiyorsun, gazeteci \u00e7ekiyor, polis gelmi\u015f cezam\u0131 kesiyor, sen niye \u00e7ekiyorsun o\u011flum? Bana yan yan bakma lan\\\" deyip tepki g\u00f6sterdi.\"},{\"@type\":\"WebSite\",\"@id\":\"https:\\\/\\\/memurunsesi.net\\\/#website\",\"url\":\"https:\\\/\\\/memurunsesi.net\\\/\",\"name\":\"Memurun Sesi\",\"description\":\"G\u00fcncel ve Do\u011fru Haber\",\"publisher\":{\"@id\":\"https:\\\/\\\/memurunsesi.net\\\/#organization\"},\"potentialAction\":[{\"@type\":\"SearchAction\",\"target\":{\"@type\":\"EntryPoint\",\"urlTemplate\":\"https:\\\/\\\/memurunsesi.net\\\/?s={search_term_string}\"},\"query-input\":{\"@type\":\"PropertyValueSpecification\",\"valueRequired\":true,\"valueName\":\"search_term_string\"}}],\"inLanguage\":\"tr\"},{\"@type\":\"Organization\",\"@id\":\"https:\\\/\\\/memurunsesi.net\\\/#organization\",\"name\":\"Memurun Sesi\",\"url\":\"https:\\\/\\\/memurunsesi.net\\\/\",\"logo\":{\"@type\":\"ImageObject\",\"inLanguage\":\"tr\",\"@id\":\"https:\\\/\\\/memurunsesi.net\\\/#\\\/schema\\\/logo\\\/image\\\/\",\"url\":\"https:\\\/\\\/memurunsesi.net\\\/wp-content\\\/uploads\\\/2025\\\/11\\\/cropped-MEMURUN-SESI.png\",\"contentUrl\":\"https:\\\/\\\/memurunsesi.net\\\/wp-content\\\/uploads\\\/2025\\\/11\\\/cropped-MEMURUN-SESI.png\",\"width\":238,\"height\":57,\"caption\":\"Memurun Sesi\"},\"image\":{\"@id\":\"https:\\\/\\\/memurunsesi.net\\\/#\\\/schema\\\/logo\\\/image\\\/\"},\"sameAs\":[\"https:\\\/\\\/www.facebook.com\\\/unipersen\\\/?locale=tr_TR\",\"https:\\\/\\\/x.com\\\/unipersen\"]},{\"@type\":\"Person\",\"@id\":\"https:\\\/\\\/memurunsesi.net\\\/#\\\/schema\\\/person\\\/f21c2d73b89f6ee1d80b0a1803e38587\",\"name\":\"Memurun Sesi Haber Merkezi\",\"image\":{\"@type\":\"ImageObject\",\"inLanguage\":\"tr\",\"@id\":\"https:\\\/\\\/secure.gravatar.com\\\/avatar\\\/6cf0505f452ee753f485014986fab09a434671d2b919ee76fc541025c5876a70?s=96&d=mm&r=g\",\"url\":\"https:\\\/\\\/secure.gravatar.com\\\/avatar\\\/6cf0505f452ee753f485014986fab09a434671d2b919ee76fc541025c5876a70?s=96&d=mm&r=g\",\"contentUrl\":\"https:\\\/\\\/secure.gravatar.com\\\/avatar\\\/6cf0505f452ee753f485014986fab09a434671d2b919ee76fc541025c5876a70?s=96&d=mm&r=g\",\"caption\":\"Memurun Sesi Haber Merkezi\"},\"sameAs\":[\"https:\\\/\\\/memurunsesi.net\"],\"url\":\"https:\\\/\\\/memurunsesi.net\\\/index.php\\\/author\\\/uniper\\\/\"}]}<\/script>\n<!-- \/ Yoast SEO plugin. -->","yoast_head_json":{"title":"- Memurun Sesi","robots":{"index":"index","follow":"follow","max-snippet":"max-snippet:-1","max-image-preview":"max-image-preview:large","max-video-preview":"max-video-preview:-1"},"canonical":"https:\/\/memurunsesi.net\/index.php\/2025\/07\/28\/9776\/","og_locale":"tr_TR","og_type":"article","og_title":"- Memurun Sesi","og_description":"Orhaneli ile Harmanc\u0131k il\u00e7eleri aras\u0131nda \u00e7\u0131kan orman yang\u0131n\u0131nda ula\u015f\u0131lmas\u0131 g\u00fc\u00e7 alanlarda alevlerle m\u00fccadele eden ekipler, su tankerlerinin giremedi\u011fi b\u00f6lgelere pet \u015fi\u015felerle su ta\u015f\u0131yarak s\u00f6nd\u00fcrme \u00e7al\u0131\u015fmalar\u0131n\u0131 s\u00fcrd\u00fcr\u00fcyor. Bursa\u2019n\u0131n Orhaneli ile Harmanc\u0131k il\u00e7eleri aras\u0131nda \u00e7\u0131kan orman yang\u0131n\u0131, gece saatlerinde etkisini art\u0131rarak geni\u015f bir alana yay\u0131ld\u0131. Havan\u0131n kararmas\u0131yla birlikte alevler daha da belirgin hale gelirken, yang\u0131n\u0131n olu\u015fturdu\u011fu tehlike [&hellip;]","og_url":"https:\/\/memurunsesi.net\/index.php\/2025\/07\/28\/9776\/","og_site_name":"Memurun Sesi","article_publisher":"https:\/\/www.facebook.com\/unipersen\/?locale=tr_TR","article_published_time":"2025-07-28T05:49:15+00:00","og_image":[{"width":1590,"height":1272,"url":"https:\/\/memurunsesi.net\/wp-content\/uploads\/2025\/07\/AW505702_01-1.jpg","type":"image\/jpeg"}],"author":"Memurun Sesi Haber Merkezi","twitter_card":"summary_large_image","twitter_creator":"@unipersen","twitter_site":"@unipersen","twitter_misc":{"Yazan:":"Memurun Sesi Haber Merkezi","Tahmini okuma s\u00fcresi":"1 dakika"},"schema":{"@context":"https:\/\/schema.org","@graph":[{"@type":"Article","@id":"https:\/\/memurunsesi.net\/index.php\/2025\/07\/28\/9776\/#article","isPartOf":{"@id":"https:\/\/memurunsesi.net\/index.php\/2025\/07\/28\/9776\/"},"author":{"name":"Memurun Sesi Haber Merkezi","@id":"https:\/\/memurunsesi.net\/#\/schema\/person\/f21c2d73b89f6ee1d80b0a1803e38587"},"headline":"Ba\u015fl\u0131k yok","datePublished":"2025-07-28T05:49:15+00:00","mainEntityOfPage":{"@id":"https:\/\/memurunsesi.net\/index.php\/2025\/07\/28\/9776\/"},"wordCount":148,"commentCount":0,"publisher":{"@id":"https:\/\/memurunsesi.net\/#organization"},"image":{"@id":"https:\/\/memurunsesi.net\/index.php\/2025\/07\/28\/9776\/#primaryimage"},"thumbnailUrl":"https:\/\/memurunsesi.net\/wp-content\/uploads\/2025\/07\/AW505702_01-1.jpg","inLanguage":"tr","potentialAction":[{"@type":"CommentAction","name":"Comment","target":["https:\/\/memurunsesi.net\/index.php\/2025\/07\/28\/9776\/#respond"]}]},{"@type":"WebPage","@id":"https:\/\/memurunsesi.net\/index.php\/2025\/07\/28\/9776\/","url":"https:\/\/memurunsesi.net\/index.php\/2025\/07\/28\/9776\/","name":"- Memurun Sesi","isPartOf":{"@id":"https:\/\/memurunsesi.net\/#website"},"primaryImageOfPage":{"@id":"https:\/\/memurunsesi.net\/index.php\/2025\/07\/28\/9776\/#primaryimage"},"image":{"@id":"https:\/\/memurunsesi.net\/index.php\/2025\/07\/28\/9776\/#primaryimage"},"thumbnailUrl":"https:\/\/memurunsesi.net\/wp-content\/uploads\/2025\/07\/AW505702_01-1.jpg","datePublished":"2025-07-28T05:49:15+00:00","inLanguage":"tr","potentialAction":[{"@type":"ReadAction","target":["https:\/\/memurunsesi.net\/index.php\/2025\/07\/28\/9776\/"]}]},{"@type":"ImageObject","inLanguage":"tr","@id":"https:\/\/memurunsesi.net\/index.php\/2025\/07\/28\/9776\/#primaryimage","url":"https:\/\/memurunsesi.net\/wp-content\/uploads\/2025\/07\/AW505702_01-1.jpg","contentUrl":"https:\/\/memurunsesi.net\/wp-content\/uploads\/2025\/07\/AW505702_01-1.jpg","width":1590,"height":1272,"caption":"AKSARAY'DA YASAL SINIRIN 4 KATI \u00dcZER\u0130NDE ALKOL ALIP D\u0130REKS\u0130YON BA\u015eINA GE\u00c7EN ALKOLL\u00dc S\u00dcR\u00dcC\u00dc BETON ELEKTR\u0130K D\u0130RE\u011e\u0130NE \u00c7ARPARAK YIKTI. S\u00dcR\u00dcC\u00dc HURDAYA D\u00d6NEN ARA\u00c7TAN BURNU B\u0130LE KANAMADAN KURTULURKEN, MAHALLE B\u0130R S\u00dcRE ELEKTR\u0130KS\u0130Z KALDI. (YAS\u0130N CAN\/AKSARAY-\u0130HA) Aksaray'da yasal s\u0131n\u0131r\u0131n 4 kat\u0131 \u00fczerinde alkol al\u0131p direksiyon ba\u015f\u0131na ge\u00e7en alkoll\u00fc s\u00fcr\u00fcc\u00fc beton elektrik dire\u011fine \u00e7arparak y\u0131kt\u0131. S\u00fcr\u00fcc\u00fc hurdaya d\u00f6nen ara\u00e7tan burnu bile kanamadan kurtulurken, arac\u0131n\u0131 kameraya \u00e7eken vatanda\u015fa, \"Neden \u00e7ekiyorsun, gazeteci \u00e7ekiyor, polis gelmi\u015f cezam\u0131 kesiyor, sen niye \u00e7ekiyorsun o\u011flum? Bana yan yan bakma lan\" deyip tepki g\u00f6sterdi."},{"@type":"WebSite","@id":"https:\/\/memurunsesi.net\/#website","url":"https:\/\/memurunsesi.net\/","name":"Memurun Sesi","description":"G\u00fcncel ve Do\u011fru Haber","publisher":{"@id":"https:\/\/memurunsesi.net\/#organization"},"potentialAction":[{"@type":"SearchAction","target":{"@type":"EntryPoint","urlTemplate":"https:\/\/memurunsesi.net\/?s={search_term_string}"},"query-input":{"@type":"PropertyValueSpecification","valueRequired":true,"valueName":"search_term_string"}}],"inLanguage":"tr"},{"@type":"Organization","@id":"https:\/\/memurunsesi.net\/#organization","name":"Memurun Sesi","url":"https:\/\/memurunsesi.net\/","logo":{"@type":"ImageObject","inLanguage":"tr","@id":"https:\/\/memurunsesi.net\/#\/schema\/logo\/image\/","url":"https:\/\/memurunsesi.net\/wp-content\/uploads\/2025\/11\/cropped-MEMURUN-SESI.png","contentUrl":"https:\/\/memurunsesi.net\/wp-content\/uploads\/2025\/11\/cropped-MEMURUN-SESI.png","width":238,"height":57,"caption":"Memurun Sesi"},"image":{"@id":"https:\/\/memurunsesi.net\/#\/schema\/logo\/image\/"},"sameAs":["https:\/\/www.facebook.com\/unipersen\/?locale=tr_TR","https:\/\/x.com\/unipersen"]},{"@type":"Person","@id":"https:\/\/memurunsesi.net\/#\/schema\/person\/f21c2d73b89f6ee1d80b0a1803e38587","name":"Memurun Sesi Haber Merkezi","image":{"@type":"ImageObject","inLanguage":"tr","@id":"https:\/\/secure.gravatar.com\/avatar\/6cf0505f452ee753f485014986fab09a434671d2b919ee76fc541025c5876a70?s=96&d=mm&r=g","url":"https:\/\/secure.gravatar.com\/avatar\/6cf0505f452ee753f485014986fab09a434671d2b919ee76fc541025c5876a70?s=96&d=mm&r=g","contentUrl":"https:\/\/secure.gravatar.com\/avatar\/6cf0505f452ee753f485014986fab09a434671d2b919ee76fc541025c5876a70?s=96&d=mm&r=g","caption":"Memurun Sesi Haber Merkezi"},"sameAs":["https:\/\/memurunsesi.net"],"url":"https:\/\/memurunsesi.net\/index.php\/author\/uniper\/"}]}},"_links":{"self":[{"href":"https:\/\/memurunsesi.net\/index.php\/wp-json\/wp\/v2\/posts\/9776","targetHints":{"allow":["GET"]}}],"collection":[{"href":"https:\/\/memurunsesi.net\/index.php\/wp-json\/wp\/v2\/posts"}],"about":[{"href":"https:\/\/memurunsesi.net\/index.php\/wp-json\/wp\/v2\/types\/post"}],"author":[{"embeddable":true,"href":"https:\/\/memurunsesi.net\/index.php\/wp-json\/wp\/v2\/users\/1"}],"replies":[{"embeddable":true,"href":"https:\/\/memurunsesi.net\/index.php\/wp-json\/wp\/v2\/comments?post=9776"}],"version-history":[{"count":1,"href":"https:\/\/memurunsesi.net\/index.php\/wp-json\/wp\/v2\/posts\/9776\/revisions"}],"predecessor-version":[{"id":9778,"href":"https:\/\/memurunsesi.net\/index.php\/wp-json\/wp\/v2\/posts\/9776\/revisions\/9778"}],"wp:featuredmedia":[{"embeddable":true,"href":"https:\/\/memurunsesi.net\/index.php\/wp-json\/wp\/v2\/media\/9777"}],"wp:attachment":[{"href":"https:\/\/memurunsesi.net\/index.php\/wp-json\/wp\/v2\/media?parent=9776"}],"wp:term":[{"taxonomy":"category","embeddable":true,"href":"https:\/\/memurunsesi.net\/index.php\/wp-json\/wp\/v2\/categories?post=9776"},{"taxonomy":"post_tag","embeddable":true,"href":"https:\/\/memurunsesi.net\/index.php\/wp-json\/wp\/v2\/tags?post=9776"}],"curies":[{"name":"wp","href":"https:\/\/api.w.org\/{rel}","templated":true}]}}