{"id":9782,"date":"2025-07-28T10:18:28","date_gmt":"2025-07-28T07:18:28","guid":{"rendered":"https:\/\/memurunsesi.net\/?p=9782"},"modified":"2025-07-28T10:18:28","modified_gmt":"2025-07-28T07:18:28","slug":"gergerdeki-orman-yangini-sonduruldu","status":"publish","type":"post","link":"https:\/\/memurunsesi.net\/index.php\/2025\/07\/28\/gergerdeki-orman-yangini-sonduruldu\/","title":{"rendered":"Gerger&#8217;deki orman yang\u0131n\u0131 s\u00f6nd\u00fcr\u00fcld\u00fc"},"content":{"rendered":"<p>   Ad\u0131yaman&#8217;\u0131n Gerger il\u00e7esinde \u00e7\u0131kan orman yang\u0131n\u0131, ekiplerin yo\u011fun m\u00fcdahalesi sonucu kontrol alt\u0131na al\u0131narak s\u00f6nd\u00fcr\u00fcld\u00fc.<br \/>\nGerger il\u00e7esi yak\u0131nlar\u0131nda meydana gelen orman yang\u0131n\u0131 r\u00fczgar\u0131n etkisiyle s\u0131k s\u0131k y\u00f6n de\u011fi\u015ftirmesi s\u00f6nd\u00fcrme \u00e7al\u0131\u015fmalar\u0131n\u0131 g\u00fc\u00e7le\u015ftirdi. Alevlere Gerger Belediyesi \u0130tfaiye ekipleri, jandarma ekipleri ve helikopterle m\u00fcdahale edildi. Havadan ve karadan yap\u0131lan m\u00fcdahaleler sonucunda alevler kontrol alt\u0131na al\u0131narak s\u00f6nd\u00fcr\u00fcld\u00fc. \u00d6len ya da yaralanan\u0131n olmad\u0131\u011f\u0131 olayda bir \u00e7ok me\u015fe ve \u00e7am a\u011fa\u00e7lar\u0131 zarar g\u00f6rd\u00fc.<br \/>\n  Konuyla ilgili soru\u015fturma s\u00fcr\u00fcyor. <\/p>\n<p>28.07.2025                                <\/p>\n","protected":false},"excerpt":{"rendered":"<p>Ad\u0131yaman&#8217;\u0131n Gerger il\u00e7esinde \u00e7\u0131kan orman yang\u0131n\u0131, ekiplerin yo\u011fun m\u00fcdahalesi sonucu kontrol alt\u0131na al\u0131narak s\u00f6nd\u00fcr\u00fcld\u00fc. Gerger il\u00e7esi yak\u0131nlar\u0131nda meydana gelen orman yang\u0131n\u0131 r\u00fczgar\u0131n etkisiyle s\u0131k s\u0131k y\u00f6n de\u011fi\u015ftirmesi s\u00f6nd\u00fcrme \u00e7al\u0131\u015fmalar\u0131n\u0131 g\u00fc\u00e7le\u015ftirdi. Alevlere Gerger Belediyesi \u0130tfaiye ekipleri, jandarma ekipleri ve helikopterle m\u00fcdahale edildi. Havadan ve karadan yap\u0131lan m\u00fcdahaleler sonucunda alevler kontrol alt\u0131na al\u0131narak s\u00f6nd\u00fcr\u00fcld\u00fc. \u00d6len ya da [&hellip;]<\/p>\n","protected":false},"author":1,"featured_media":9784,"comment_status":"open","ping_status":"open","sticky":false,"template":"","format":"standard","meta":{"footnotes":""},"categories":[1],"tags":[],"class_list":["post-9782","post","type-post","status-publish","format-standard","has-post-thumbnail","hentry","category-genel"],"yoast_head":"<!-- This site is optimized with the Yoast SEO plugin v27.4 - https:\/\/yoast.com\/product\/yoast-seo-wordpress\/ -->\n<title>Gerger&#039;deki orman yang\u0131n\u0131 s\u00f6nd\u00fcr\u00fcld\u00fc - Memurun Sesi<\/title>\n<meta name=\"robots\" content=\"index, follow, max-snippet:-1, max-image-preview:large, max-video-preview:-1\" \/>\n<link rel=\"canonical\" href=\"https:\/\/memurunsesi.net\/index.php\/2025\/07\/28\/gergerdeki-orman-yangini-sonduruldu\/\" \/>\n<meta property=\"og:locale\" content=\"tr_TR\" \/>\n<meta property=\"og:type\" content=\"article\" \/>\n<meta property=\"og:title\" content=\"Gerger&#039;deki orman yang\u0131n\u0131 s\u00f6nd\u00fcr\u00fcld\u00fc - Memurun Sesi\" \/>\n<meta property=\"og:description\" content=\"Ad\u0131yaman&#8217;\u0131n Gerger il\u00e7esinde \u00e7\u0131kan orman yang\u0131n\u0131, ekiplerin yo\u011fun m\u00fcdahalesi sonucu kontrol alt\u0131na al\u0131narak s\u00f6nd\u00fcr\u00fcld\u00fc. Gerger il\u00e7esi yak\u0131nlar\u0131nda meydana gelen orman yang\u0131n\u0131 r\u00fczgar\u0131n etkisiyle s\u0131k s\u0131k y\u00f6n de\u011fi\u015ftirmesi s\u00f6nd\u00fcrme \u00e7al\u0131\u015fmalar\u0131n\u0131 g\u00fc\u00e7le\u015ftirdi. Alevlere Gerger Belediyesi \u0130tfaiye ekipleri, jandarma ekipleri ve helikopterle m\u00fcdahale edildi. Havadan ve karadan yap\u0131lan m\u00fcdahaleler sonucunda alevler kontrol alt\u0131na al\u0131narak s\u00f6nd\u00fcr\u00fcld\u00fc. \u00d6len ya da [&hellip;]\" \/>\n<meta property=\"og:url\" content=\"https:\/\/memurunsesi.net\/index.php\/2025\/07\/28\/gergerdeki-orman-yangini-sonduruldu\/\" \/>\n<meta property=\"og:site_name\" content=\"Memurun Sesi\" \/>\n<meta property=\"article:publisher\" content=\"https:\/\/www.facebook.com\/unipersen\/?locale=tr_TR\" \/>\n<meta property=\"article:published_time\" content=\"2025-07-28T07:18:28+00:00\" \/>\n<meta property=\"og:image\" content=\"https:\/\/memurunsesi.net\/wp-content\/uploads\/2025\/07\/AW505785_01.jpg\" \/>\n\t<meta property=\"og:image:width\" content=\"1280\" \/>\n\t<meta property=\"og:image:height\" content=\"720\" \/>\n\t<meta property=\"og:image:type\" content=\"image\/jpeg\" \/>\n<meta name=\"author\" content=\"Memurun Sesi Haber Merkezi\" \/>\n<meta name=\"twitter:card\" content=\"summary_large_image\" \/>\n<meta name=\"twitter:creator\" content=\"@unipersen\" \/>\n<meta name=\"twitter:site\" content=\"@unipersen\" \/>\n<meta name=\"twitter:label1\" content=\"Yazan:\" \/>\n\t<meta name=\"twitter:data1\" content=\"Memurun Sesi Haber Merkezi\" \/>\n<script type=\"application\/ld+json\" class=\"yoast-schema-graph\">{\"@context\":\"https:\\\/\\\/schema.org\",\"@graph\":[{\"@type\":\"Article\",\"@id\":\"https:\\\/\\\/memurunsesi.net\\\/index.php\\\/2025\\\/07\\\/28\\\/gergerdeki-orman-yangini-sonduruldu\\\/#article\",\"isPartOf\":{\"@id\":\"https:\\\/\\\/memurunsesi.net\\\/index.php\\\/2025\\\/07\\\/28\\\/gergerdeki-orman-yangini-sonduruldu\\\/\"},\"author\":{\"name\":\"Memurun Sesi Haber Merkezi\",\"@id\":\"https:\\\/\\\/memurunsesi.net\\\/#\\\/schema\\\/person\\\/f21c2d73b89f6ee1d80b0a1803e38587\"},\"headline\":\"Gerger&#8217;deki orman yang\u0131n\u0131 s\u00f6nd\u00fcr\u00fcld\u00fc\",\"datePublished\":\"2025-07-28T07:18:28+00:00\",\"mainEntityOfPage\":{\"@id\":\"https:\\\/\\\/memurunsesi.net\\\/index.php\\\/2025\\\/07\\\/28\\\/gergerdeki-orman-yangini-sonduruldu\\\/\"},\"wordCount\":123,\"commentCount\":0,\"publisher\":{\"@id\":\"https:\\\/\\\/memurunsesi.net\\\/#organization\"},\"image\":{\"@id\":\"https:\\\/\\\/memurunsesi.net\\\/index.php\\\/2025\\\/07\\\/28\\\/gergerdeki-orman-yangini-sonduruldu\\\/#primaryimage\"},\"thumbnailUrl\":\"https:\\\/\\\/memurunsesi.net\\\/wp-content\\\/uploads\\\/2025\\\/07\\\/AW505785_01.jpg\",\"inLanguage\":\"tr\",\"potentialAction\":[{\"@type\":\"CommentAction\",\"name\":\"Comment\",\"target\":[\"https:\\\/\\\/memurunsesi.net\\\/index.php\\\/2025\\\/07\\\/28\\\/gergerdeki-orman-yangini-sonduruldu\\\/#respond\"]}]},{\"@type\":\"WebPage\",\"@id\":\"https:\\\/\\\/memurunsesi.net\\\/index.php\\\/2025\\\/07\\\/28\\\/gergerdeki-orman-yangini-sonduruldu\\\/\",\"url\":\"https:\\\/\\\/memurunsesi.net\\\/index.php\\\/2025\\\/07\\\/28\\\/gergerdeki-orman-yangini-sonduruldu\\\/\",\"name\":\"Gerger'deki orman yang\u0131n\u0131 s\u00f6nd\u00fcr\u00fcld\u00fc - Memurun Sesi\",\"isPartOf\":{\"@id\":\"https:\\\/\\\/memurunsesi.net\\\/#website\"},\"primaryImageOfPage\":{\"@id\":\"https:\\\/\\\/memurunsesi.net\\\/index.php\\\/2025\\\/07\\\/28\\\/gergerdeki-orman-yangini-sonduruldu\\\/#primaryimage\"},\"image\":{\"@id\":\"https:\\\/\\\/memurunsesi.net\\\/index.php\\\/2025\\\/07\\\/28\\\/gergerdeki-orman-yangini-sonduruldu\\\/#primaryimage\"},\"thumbnailUrl\":\"https:\\\/\\\/memurunsesi.net\\\/wp-content\\\/uploads\\\/2025\\\/07\\\/AW505785_01.jpg\",\"datePublished\":\"2025-07-28T07:18:28+00:00\",\"breadcrumb\":{\"@id\":\"https:\\\/\\\/memurunsesi.net\\\/index.php\\\/2025\\\/07\\\/28\\\/gergerdeki-orman-yangini-sonduruldu\\\/#breadcrumb\"},\"inLanguage\":\"tr\",\"potentialAction\":[{\"@type\":\"ReadAction\",\"target\":[\"https:\\\/\\\/memurunsesi.net\\\/index.php\\\/2025\\\/07\\\/28\\\/gergerdeki-orman-yangini-sonduruldu\\\/\"]}]},{\"@type\":\"ImageObject\",\"inLanguage\":\"tr\",\"@id\":\"https:\\\/\\\/memurunsesi.net\\\/index.php\\\/2025\\\/07\\\/28\\\/gergerdeki-orman-yangini-sonduruldu\\\/#primaryimage\",\"url\":\"https:\\\/\\\/memurunsesi.net\\\/wp-content\\\/uploads\\\/2025\\\/07\\\/AW505785_01.jpg\",\"contentUrl\":\"https:\\\/\\\/memurunsesi.net\\\/wp-content\\\/uploads\\\/2025\\\/07\\\/AW505785_01.jpg\",\"width\":1280,\"height\":720,\"caption\":\"ADIYAMAN'IN GERGER \u0130L\u00c7ES\u0130NDE \u00c7IKAN ORMAN YANGINI, EK\u0130PLER\u0130N YO\u011eUN M\u00dcDAHALES\u0130 SONUCU KONTROL ALTINA ALINARAK S\u00d6ND\u00dcR\u00dcLD\u00dc. (H\u00dcSEY\u0130N T\u00dcRKO\u011eLU\\\/ADIYAMAN-\u0130HA) Ad\u0131yaman'\u0131n Gerger il\u00e7esinde \u00e7\u0131kan orman yang\u0131n\u0131, ekiplerin yo\u011fun m\u00fcdahalesi sonucu kontrol alt\u0131na al\u0131narak s\u00f6nd\u00fcr\u00fcld\u00fc.\"},{\"@type\":\"BreadcrumbList\",\"@id\":\"https:\\\/\\\/memurunsesi.net\\\/index.php\\\/2025\\\/07\\\/28\\\/gergerdeki-orman-yangini-sonduruldu\\\/#breadcrumb\",\"itemListElement\":[{\"@type\":\"ListItem\",\"position\":1,\"name\":\"Anasayfa\",\"item\":\"https:\\\/\\\/memurunsesi.net\\\/\"},{\"@type\":\"ListItem\",\"position\":2,\"name\":\"Gerger&#8217;deki orman yang\u0131n\u0131 s\u00f6nd\u00fcr\u00fcld\u00fc\"}]},{\"@type\":\"WebSite\",\"@id\":\"https:\\\/\\\/memurunsesi.net\\\/#website\",\"url\":\"https:\\\/\\\/memurunsesi.net\\\/\",\"name\":\"Memurun Sesi\",\"description\":\"G\u00fcncel ve Do\u011fru Haber\",\"publisher\":{\"@id\":\"https:\\\/\\\/memurunsesi.net\\\/#organization\"},\"potentialAction\":[{\"@type\":\"SearchAction\",\"target\":{\"@type\":\"EntryPoint\",\"urlTemplate\":\"https:\\\/\\\/memurunsesi.net\\\/?s={search_term_string}\"},\"query-input\":{\"@type\":\"PropertyValueSpecification\",\"valueRequired\":true,\"valueName\":\"search_term_string\"}}],\"inLanguage\":\"tr\"},{\"@type\":\"Organization\",\"@id\":\"https:\\\/\\\/memurunsesi.net\\\/#organization\",\"name\":\"Memurun Sesi\",\"url\":\"https:\\\/\\\/memurunsesi.net\\\/\",\"logo\":{\"@type\":\"ImageObject\",\"inLanguage\":\"tr\",\"@id\":\"https:\\\/\\\/memurunsesi.net\\\/#\\\/schema\\\/logo\\\/image\\\/\",\"url\":\"https:\\\/\\\/memurunsesi.net\\\/wp-content\\\/uploads\\\/2025\\\/11\\\/cropped-MEMURUN-SESI.png\",\"contentUrl\":\"https:\\\/\\\/memurunsesi.net\\\/wp-content\\\/uploads\\\/2025\\\/11\\\/cropped-MEMURUN-SESI.png\",\"width\":238,\"height\":57,\"caption\":\"Memurun Sesi\"},\"image\":{\"@id\":\"https:\\\/\\\/memurunsesi.net\\\/#\\\/schema\\\/logo\\\/image\\\/\"},\"sameAs\":[\"https:\\\/\\\/www.facebook.com\\\/unipersen\\\/?locale=tr_TR\",\"https:\\\/\\\/x.com\\\/unipersen\"]},{\"@type\":\"Person\",\"@id\":\"https:\\\/\\\/memurunsesi.net\\\/#\\\/schema\\\/person\\\/f21c2d73b89f6ee1d80b0a1803e38587\",\"name\":\"Memurun Sesi Haber Merkezi\",\"image\":{\"@type\":\"ImageObject\",\"inLanguage\":\"tr\",\"@id\":\"https:\\\/\\\/secure.gravatar.com\\\/avatar\\\/6cf0505f452ee753f485014986fab09a434671d2b919ee76fc541025c5876a70?s=96&d=mm&r=g\",\"url\":\"https:\\\/\\\/secure.gravatar.com\\\/avatar\\\/6cf0505f452ee753f485014986fab09a434671d2b919ee76fc541025c5876a70?s=96&d=mm&r=g\",\"contentUrl\":\"https:\\\/\\\/secure.gravatar.com\\\/avatar\\\/6cf0505f452ee753f485014986fab09a434671d2b919ee76fc541025c5876a70?s=96&d=mm&r=g\",\"caption\":\"Memurun Sesi Haber Merkezi\"},\"sameAs\":[\"https:\\\/\\\/memurunsesi.net\"],\"url\":\"https:\\\/\\\/memurunsesi.net\\\/index.php\\\/author\\\/uniper\\\/\"}]}<\/script>\n<!-- \/ Yoast SEO plugin. -->","yoast_head_json":{"title":"Gerger'deki orman yang\u0131n\u0131 s\u00f6nd\u00fcr\u00fcld\u00fc - Memurun Sesi","robots":{"index":"index","follow":"follow","max-snippet":"max-snippet:-1","max-image-preview":"max-image-preview:large","max-video-preview":"max-video-preview:-1"},"canonical":"https:\/\/memurunsesi.net\/index.php\/2025\/07\/28\/gergerdeki-orman-yangini-sonduruldu\/","og_locale":"tr_TR","og_type":"article","og_title":"Gerger'deki orman yang\u0131n\u0131 s\u00f6nd\u00fcr\u00fcld\u00fc - Memurun Sesi","og_description":"Ad\u0131yaman&#8217;\u0131n Gerger il\u00e7esinde \u00e7\u0131kan orman yang\u0131n\u0131, ekiplerin yo\u011fun m\u00fcdahalesi sonucu kontrol alt\u0131na al\u0131narak s\u00f6nd\u00fcr\u00fcld\u00fc. Gerger il\u00e7esi yak\u0131nlar\u0131nda meydana gelen orman yang\u0131n\u0131 r\u00fczgar\u0131n etkisiyle s\u0131k s\u0131k y\u00f6n de\u011fi\u015ftirmesi s\u00f6nd\u00fcrme \u00e7al\u0131\u015fmalar\u0131n\u0131 g\u00fc\u00e7le\u015ftirdi. Alevlere Gerger Belediyesi \u0130tfaiye ekipleri, jandarma ekipleri ve helikopterle m\u00fcdahale edildi. Havadan ve karadan yap\u0131lan m\u00fcdahaleler sonucunda alevler kontrol alt\u0131na al\u0131narak s\u00f6nd\u00fcr\u00fcld\u00fc. \u00d6len ya da [&hellip;]","og_url":"https:\/\/memurunsesi.net\/index.php\/2025\/07\/28\/gergerdeki-orman-yangini-sonduruldu\/","og_site_name":"Memurun Sesi","article_publisher":"https:\/\/www.facebook.com\/unipersen\/?locale=tr_TR","article_published_time":"2025-07-28T07:18:28+00:00","og_image":[{"width":1280,"height":720,"url":"https:\/\/memurunsesi.net\/wp-content\/uploads\/2025\/07\/AW505785_01.jpg","type":"image\/jpeg"}],"author":"Memurun Sesi Haber Merkezi","twitter_card":"summary_large_image","twitter_creator":"@unipersen","twitter_site":"@unipersen","twitter_misc":{"Yazan:":"Memurun Sesi Haber Merkezi"},"schema":{"@context":"https:\/\/schema.org","@graph":[{"@type":"Article","@id":"https:\/\/memurunsesi.net\/index.php\/2025\/07\/28\/gergerdeki-orman-yangini-sonduruldu\/#article","isPartOf":{"@id":"https:\/\/memurunsesi.net\/index.php\/2025\/07\/28\/gergerdeki-orman-yangini-sonduruldu\/"},"author":{"name":"Memurun Sesi Haber Merkezi","@id":"https:\/\/memurunsesi.net\/#\/schema\/person\/f21c2d73b89f6ee1d80b0a1803e38587"},"headline":"Gerger&#8217;deki orman yang\u0131n\u0131 s\u00f6nd\u00fcr\u00fcld\u00fc","datePublished":"2025-07-28T07:18:28+00:00","mainEntityOfPage":{"@id":"https:\/\/memurunsesi.net\/index.php\/2025\/07\/28\/gergerdeki-orman-yangini-sonduruldu\/"},"wordCount":123,"commentCount":0,"publisher":{"@id":"https:\/\/memurunsesi.net\/#organization"},"image":{"@id":"https:\/\/memurunsesi.net\/index.php\/2025\/07\/28\/gergerdeki-orman-yangini-sonduruldu\/#primaryimage"},"thumbnailUrl":"https:\/\/memurunsesi.net\/wp-content\/uploads\/2025\/07\/AW505785_01.jpg","inLanguage":"tr","potentialAction":[{"@type":"CommentAction","name":"Comment","target":["https:\/\/memurunsesi.net\/index.php\/2025\/07\/28\/gergerdeki-orman-yangini-sonduruldu\/#respond"]}]},{"@type":"WebPage","@id":"https:\/\/memurunsesi.net\/index.php\/2025\/07\/28\/gergerdeki-orman-yangini-sonduruldu\/","url":"https:\/\/memurunsesi.net\/index.php\/2025\/07\/28\/gergerdeki-orman-yangini-sonduruldu\/","name":"Gerger'deki orman yang\u0131n\u0131 s\u00f6nd\u00fcr\u00fcld\u00fc - Memurun Sesi","isPartOf":{"@id":"https:\/\/memurunsesi.net\/#website"},"primaryImageOfPage":{"@id":"https:\/\/memurunsesi.net\/index.php\/2025\/07\/28\/gergerdeki-orman-yangini-sonduruldu\/#primaryimage"},"image":{"@id":"https:\/\/memurunsesi.net\/index.php\/2025\/07\/28\/gergerdeki-orman-yangini-sonduruldu\/#primaryimage"},"thumbnailUrl":"https:\/\/memurunsesi.net\/wp-content\/uploads\/2025\/07\/AW505785_01.jpg","datePublished":"2025-07-28T07:18:28+00:00","breadcrumb":{"@id":"https:\/\/memurunsesi.net\/index.php\/2025\/07\/28\/gergerdeki-orman-yangini-sonduruldu\/#breadcrumb"},"inLanguage":"tr","potentialAction":[{"@type":"ReadAction","target":["https:\/\/memurunsesi.net\/index.php\/2025\/07\/28\/gergerdeki-orman-yangini-sonduruldu\/"]}]},{"@type":"ImageObject","inLanguage":"tr","@id":"https:\/\/memurunsesi.net\/index.php\/2025\/07\/28\/gergerdeki-orman-yangini-sonduruldu\/#primaryimage","url":"https:\/\/memurunsesi.net\/wp-content\/uploads\/2025\/07\/AW505785_01.jpg","contentUrl":"https:\/\/memurunsesi.net\/wp-content\/uploads\/2025\/07\/AW505785_01.jpg","width":1280,"height":720,"caption":"ADIYAMAN'IN GERGER \u0130L\u00c7ES\u0130NDE \u00c7IKAN ORMAN YANGINI, EK\u0130PLER\u0130N YO\u011eUN M\u00dcDAHALES\u0130 SONUCU KONTROL ALTINA ALINARAK S\u00d6ND\u00dcR\u00dcLD\u00dc. (H\u00dcSEY\u0130N T\u00dcRKO\u011eLU\/ADIYAMAN-\u0130HA) Ad\u0131yaman'\u0131n Gerger il\u00e7esinde \u00e7\u0131kan orman yang\u0131n\u0131, ekiplerin yo\u011fun m\u00fcdahalesi sonucu kontrol alt\u0131na al\u0131narak s\u00f6nd\u00fcr\u00fcld\u00fc."},{"@type":"BreadcrumbList","@id":"https:\/\/memurunsesi.net\/index.php\/2025\/07\/28\/gergerdeki-orman-yangini-sonduruldu\/#breadcrumb","itemListElement":[{"@type":"ListItem","position":1,"name":"Anasayfa","item":"https:\/\/memurunsesi.net\/"},{"@type":"ListItem","position":2,"name":"Gerger&#8217;deki orman yang\u0131n\u0131 s\u00f6nd\u00fcr\u00fcld\u00fc"}]},{"@type":"WebSite","@id":"https:\/\/memurunsesi.net\/#website","url":"https:\/\/memurunsesi.net\/","name":"Memurun Sesi","description":"G\u00fcncel ve Do\u011fru Haber","publisher":{"@id":"https:\/\/memurunsesi.net\/#organization"},"potentialAction":[{"@type":"SearchAction","target":{"@type":"EntryPoint","urlTemplate":"https:\/\/memurunsesi.net\/?s={search_term_string}"},"query-input":{"@type":"PropertyValueSpecification","valueRequired":true,"valueName":"search_term_string"}}],"inLanguage":"tr"},{"@type":"Organization","@id":"https:\/\/memurunsesi.net\/#organization","name":"Memurun Sesi","url":"https:\/\/memurunsesi.net\/","logo":{"@type":"ImageObject","inLanguage":"tr","@id":"https:\/\/memurunsesi.net\/#\/schema\/logo\/image\/","url":"https:\/\/memurunsesi.net\/wp-content\/uploads\/2025\/11\/cropped-MEMURUN-SESI.png","contentUrl":"https:\/\/memurunsesi.net\/wp-content\/uploads\/2025\/11\/cropped-MEMURUN-SESI.png","width":238,"height":57,"caption":"Memurun Sesi"},"image":{"@id":"https:\/\/memurunsesi.net\/#\/schema\/logo\/image\/"},"sameAs":["https:\/\/www.facebook.com\/unipersen\/?locale=tr_TR","https:\/\/x.com\/unipersen"]},{"@type":"Person","@id":"https:\/\/memurunsesi.net\/#\/schema\/person\/f21c2d73b89f6ee1d80b0a1803e38587","name":"Memurun Sesi Haber Merkezi","image":{"@type":"ImageObject","inLanguage":"tr","@id":"https:\/\/secure.gravatar.com\/avatar\/6cf0505f452ee753f485014986fab09a434671d2b919ee76fc541025c5876a70?s=96&d=mm&r=g","url":"https:\/\/secure.gravatar.com\/avatar\/6cf0505f452ee753f485014986fab09a434671d2b919ee76fc541025c5876a70?s=96&d=mm&r=g","contentUrl":"https:\/\/secure.gravatar.com\/avatar\/6cf0505f452ee753f485014986fab09a434671d2b919ee76fc541025c5876a70?s=96&d=mm&r=g","caption":"Memurun Sesi Haber Merkezi"},"sameAs":["https:\/\/memurunsesi.net"],"url":"https:\/\/memurunsesi.net\/index.php\/author\/uniper\/"}]}},"_links":{"self":[{"href":"https:\/\/memurunsesi.net\/index.php\/wp-json\/wp\/v2\/posts\/9782","targetHints":{"allow":["GET"]}}],"collection":[{"href":"https:\/\/memurunsesi.net\/index.php\/wp-json\/wp\/v2\/posts"}],"about":[{"href":"https:\/\/memurunsesi.net\/index.php\/wp-json\/wp\/v2\/types\/post"}],"author":[{"embeddable":true,"href":"https:\/\/memurunsesi.net\/index.php\/wp-json\/wp\/v2\/users\/1"}],"replies":[{"embeddable":true,"href":"https:\/\/memurunsesi.net\/index.php\/wp-json\/wp\/v2\/comments?post=9782"}],"version-history":[{"count":1,"href":"https:\/\/memurunsesi.net\/index.php\/wp-json\/wp\/v2\/posts\/9782\/revisions"}],"predecessor-version":[{"id":9785,"href":"https:\/\/memurunsesi.net\/index.php\/wp-json\/wp\/v2\/posts\/9782\/revisions\/9785"}],"wp:featuredmedia":[{"embeddable":true,"href":"https:\/\/memurunsesi.net\/index.php\/wp-json\/wp\/v2\/media\/9784"}],"wp:attachment":[{"href":"https:\/\/memurunsesi.net\/index.php\/wp-json\/wp\/v2\/media?parent=9782"}],"wp:term":[{"taxonomy":"category","embeddable":true,"href":"https:\/\/memurunsesi.net\/index.php\/wp-json\/wp\/v2\/categories?post=9782"},{"taxonomy":"post_tag","embeddable":true,"href":"https:\/\/memurunsesi.net\/index.php\/wp-json\/wp\/v2\/tags?post=9782"}],"curies":[{"name":"wp","href":"https:\/\/api.w.org\/{rel}","templated":true}]}}