{"id":9786,"date":"2025-07-28T10:30:43","date_gmt":"2025-07-28T07:30:43","guid":{"rendered":"https:\/\/memurunsesi.net\/?p=9786"},"modified":"2025-07-28T10:30:43","modified_gmt":"2025-07-28T07:30:43","slug":"esini-olduren-bosanma-asamasindaki-sahsa-muebbet-hapis-cezasi-talebi","status":"publish","type":"post","link":"https:\/\/memurunsesi.net\/index.php\/2025\/07\/28\/esini-olduren-bosanma-asamasindaki-sahsa-muebbet-hapis-cezasi-talebi\/","title":{"rendered":"E\u015fini \u00f6ld\u00fcren bo\u015fanma a\u015famas\u0131ndaki \u015fahsa m\u00fcebbet hapis cezas\u0131 talebi"},"content":{"rendered":"<p>  &#8211; Otomobiliyle \u00f6n\u00fcn\u00fc kesti\u011fi bo\u015fanma a\u015famas\u0131ndaki e\u015fini tabancayla ate\u015f ederek \u00f6ld\u00fcren zanl\u0131ya m\u00fcebbet hapis cezas\u0131 talebi  <\/p>\n<p>   \u00c7anakkale&#8217;de bo\u015fanma a\u015famas\u0131ndaki e\u015fi Zeynep Zan&#8217;\u0131 (25) tek kur\u015funla \u00f6ld\u00fcren U\u011fur Zan (34) hakk\u0131nda &#8216;e\u015fe kar\u015f\u0131 kasten \u00f6ld\u00fcrme&#8217; su\u00e7undan a\u011f\u0131rla\u015ft\u0131r\u0131lm\u0131\u015f m\u00fcebbet hapis talebi dava a\u00e7\u0131ld\u0131.<br \/>\n  Olay, 16 May\u0131s g\u00fcn\u00fc saat 10.30 s\u0131ralar\u0131nda \u0130smetpa\u015fa Mahallesi \u0130zmir Caddesi&#8217;nde meydana geldi. U\u011fur Zan, 34 GGZ plakal\u0131 otomobil ile bo\u015fanma a\u015famas\u0131ndaki e\u015fi 2 \u00e7ocuk annesi Zeynep Zan&#8217;\u0131n kulland\u0131\u011f\u0131 17 EE 166 plakal\u0131 motosikletin \u00f6n\u00fcn\u00fc kesti. Burada \u00e7ift aras\u0131nda tart\u0131\u015fma \u00e7\u0131kt\u0131. Tart\u0131\u015fma s\u0131ras\u0131nda U\u011fur Zan, yan\u0131nda getirdi\u011fi tabanca ile e\u015fine tek el ate\u015f etti. Ba\u015f\u0131ndan vurulan Zan kanlar i\u00e7inde yerde kald\u0131. \u00c7evredekilerin ihbar\u0131 \u00fczerine olay yerine polis ve sa\u011fl\u0131k ekipleri sevk edildi. Ekiplerin kontrol\u00fcnde, Zeynep Zan&#8217;\u0131n hayat\u0131n\u0131 kaybetti\u011fini belirlendi. Zan&#8217;\u0131n cans\u0131z bedeni, savc\u0131 ve polisin olay yerindeki incelemelerinin ard\u0131ndan Mehmet Akif Ersoy Devlet Hastanesi morguna g\u00f6t\u00fcr\u00fcld\u00fc. Otomobiliyle ka\u00e7an U\u011fur Zan ise polis ekipleri taraf\u0131ndan yakalan\u0131p, g\u00f6zalt\u0131na al\u0131nd\u0131. Polisteki i\u015flemlerinin ard\u0131ndan adliyeye sevk edilen Zan sevk edildi\u011fi adliyede \u00e7\u0131kar\u0131ld\u0131\u011f\u0131 mahkemece &#8216;kasten \u00f6ld\u00fcrme&#8217; su\u00e7undan tutukland\u0131.<br \/>\n  Zanl\u0131 U\u011fur Zan polisteki ifadesinde, Zeynep ile son bir kez konu\u015fmak istedi\u011fini belirterek, &#8220;Mahalle giri\u015finden ge\u00e7ti\u011fim esnada Zeynep&#8217;i motosiklet ile mahalleden \u00e7\u0131karken g\u00f6rd\u00fcm. Zeynep&#8217;i arac\u0131m ile takip ettim. Ara\u00e7 ile Zeynep&#8217;in yan\u0131na yakla\u015farak kornaya bast\u0131m. Zeynep beni g\u00f6r\u00fcnce motosikleti sa\u011fa do\u011fru yana\u015ft\u0131rd\u0131. Ben de Zeynep&#8217;in \u00f6n\u00fcne arac\u0131m\u0131 durdurdum. Arac\u0131mdan inerek, Zeynep&#8217;in yan\u0131na gittim. Bu esnada Zeynep motorun \u00fczerinde oturuyordu. Bana hitaben &#8216;ne istiyorsun, \u00e7abuk s\u00f6yle. \u0130\u015fim var gidece\u011fim&#8217; dedi. Ben de &#8216;i\u015flerin benden \u00f6nemli mi, seninle konu\u015fmaya geldim, neden b\u00f6yle yap\u0131yorsun. 30 g\u00fcn uzakla\u015ft\u0131rma alm\u0131\u015fs\u0131n&#8217; dedim. Zeynep, &#8216;haberim yok&#8217; dedi ve cep telefonunu \u00e7\u0131kard\u0131. Daha \u00f6nceki olaylardan, beni kameraya \u00e7ekece\u011fini veya KADES&#8217;e basaca\u011f\u0131n\u0131 sand\u0131m ve bir anda \u00f6fkelendim. Arac\u0131m\u0131n sa\u011f koltu\u011funda bulunan montumun cebindeki silah\u0131 ald\u0131m ve tekrar Zeynep&#8217;in yan\u0131na geldim. Zeynep benim elimdeki silah\u0131 g\u00f6rd\u00fc. Silah\u0131 Zeynep&#8217;e do\u011fru do\u011frulttum. Ancak silah\u0131n nas\u0131l patlad\u0131\u011f\u0131n\u0131 bilmiyorum&#8221; dedi.<br \/>\n  Olay\u0131n \u015foku ile titremeye ba\u015flad\u0131\u011f\u0131n\u0131 belirten U\u011fur Zan, ifadesinin devam\u0131nda, &#8220;Araca do\u011fru y\u00f6neldim ve silah\u0131 araca b\u0131rakarak, y\u00fcr\u00fcmeye ba\u015flad\u0131m. Bu esnada \u00e7evredekiler, &#8216;ka\u00e7\u0131yor&#8217; diye ba\u011f\u0131rmaya ba\u015flad\u0131. Olay yerinden uzakla\u015f\u0131p, bir kald\u0131r\u0131ma oturdum. Bir s\u00fcre sonra yoldan ge\u00e7en polislere \u0131sl\u0131k \u00e7alarak, oldu\u011fum yeri bildirdim ve teslim oldum&#8221; diye konu\u015ftu.<br \/>\n  Soru\u015fturman\u0131n ard\u0131ndan \u00c7anakkale Cumhuriyet Savc\u0131l\u0131\u011f\u0131, U\u011fur Zan hakk\u0131nda &#8216;E\u015fe kar\u015f\u0131 kasten \u00f6ld\u00fcrme&#8217; su\u00e7undan a\u011f\u0131rla\u015ft\u0131r\u0131lm\u0131\u015f m\u00fcebbet hapis cezas\u0131 istemiyle iddianame haz\u0131rlad\u0131. <\/p>\n<p>28.07.2025                               <\/p>\n","protected":false},"excerpt":{"rendered":"<p>&#8211; Otomobiliyle \u00f6n\u00fcn\u00fc kesti\u011fi bo\u015fanma a\u015famas\u0131ndaki e\u015fini tabancayla ate\u015f ederek \u00f6ld\u00fcren zanl\u0131ya m\u00fcebbet hapis cezas\u0131 talebi \u00c7anakkale&#8217;de bo\u015fanma a\u015famas\u0131ndaki e\u015fi Zeynep Zan&#8217;\u0131 (25) tek kur\u015funla \u00f6ld\u00fcren U\u011fur Zan (34) hakk\u0131nda &#8216;e\u015fe kar\u015f\u0131 kasten \u00f6ld\u00fcrme&#8217; su\u00e7undan a\u011f\u0131rla\u015ft\u0131r\u0131lm\u0131\u015f m\u00fcebbet hapis talebi dava a\u00e7\u0131ld\u0131. Olay, 16 May\u0131s g\u00fcn\u00fc saat 10.30 s\u0131ralar\u0131nda \u0130smetpa\u015fa Mahallesi \u0130zmir Caddesi&#8217;nde meydana geldi. U\u011fur [&hellip;]<\/p>\n","protected":false},"author":1,"featured_media":9787,"comment_status":"open","ping_status":"open","sticky":false,"template":"","format":"standard","meta":{"footnotes":""},"categories":[1],"tags":[],"class_list":["post-9786","post","type-post","status-publish","format-standard","has-post-thumbnail","hentry","category-genel"],"yoast_head":"<!-- This site is optimized with the Yoast SEO plugin v27.4 - https:\/\/yoast.com\/product\/yoast-seo-wordpress\/ -->\n<title>E\u015fini \u00f6ld\u00fcren bo\u015fanma a\u015famas\u0131ndaki \u015fahsa m\u00fcebbet hapis cezas\u0131 talebi - Memurun Sesi<\/title>\n<meta name=\"robots\" content=\"index, follow, max-snippet:-1, max-image-preview:large, max-video-preview:-1\" \/>\n<link rel=\"canonical\" href=\"https:\/\/memurunsesi.net\/index.php\/2025\/07\/28\/esini-olduren-bosanma-asamasindaki-sahsa-muebbet-hapis-cezasi-talebi\/\" \/>\n<meta property=\"og:locale\" content=\"tr_TR\" \/>\n<meta property=\"og:type\" content=\"article\" \/>\n<meta property=\"og:title\" content=\"E\u015fini \u00f6ld\u00fcren bo\u015fanma a\u015famas\u0131ndaki \u015fahsa m\u00fcebbet hapis cezas\u0131 talebi - Memurun Sesi\" \/>\n<meta property=\"og:description\" content=\"&#8211; Otomobiliyle \u00f6n\u00fcn\u00fc kesti\u011fi bo\u015fanma a\u015famas\u0131ndaki e\u015fini tabancayla ate\u015f ederek \u00f6ld\u00fcren zanl\u0131ya m\u00fcebbet hapis cezas\u0131 talebi \u00c7anakkale&#8217;de bo\u015fanma a\u015famas\u0131ndaki e\u015fi Zeynep Zan&#8217;\u0131 (25) tek kur\u015funla \u00f6ld\u00fcren U\u011fur Zan (34) hakk\u0131nda &#8216;e\u015fe kar\u015f\u0131 kasten \u00f6ld\u00fcrme&#8217; su\u00e7undan a\u011f\u0131rla\u015ft\u0131r\u0131lm\u0131\u015f m\u00fcebbet hapis talebi dava a\u00e7\u0131ld\u0131. Olay, 16 May\u0131s g\u00fcn\u00fc saat 10.30 s\u0131ralar\u0131nda \u0130smetpa\u015fa Mahallesi \u0130zmir Caddesi&#8217;nde meydana geldi. U\u011fur [&hellip;]\" \/>\n<meta property=\"og:url\" content=\"https:\/\/memurunsesi.net\/index.php\/2025\/07\/28\/esini-olduren-bosanma-asamasindaki-sahsa-muebbet-hapis-cezasi-talebi\/\" \/>\n<meta property=\"og:site_name\" content=\"Memurun Sesi\" \/>\n<meta property=\"article:publisher\" content=\"https:\/\/www.facebook.com\/unipersen\/?locale=tr_TR\" \/>\n<meta property=\"article:published_time\" content=\"2025-07-28T07:30:43+00:00\" \/>\n<meta property=\"og:image\" content=\"https:\/\/memurunsesi.net\/wp-content\/uploads\/2025\/07\/AW505700_01-2.jpg\" \/>\n\t<meta property=\"og:image:width\" content=\"1920\" \/>\n\t<meta property=\"og:image:height\" content=\"1080\" \/>\n\t<meta property=\"og:image:type\" content=\"image\/jpeg\" \/>\n<meta name=\"author\" content=\"Memurun Sesi Haber Merkezi\" \/>\n<meta name=\"twitter:card\" content=\"summary_large_image\" \/>\n<meta name=\"twitter:creator\" content=\"@unipersen\" \/>\n<meta name=\"twitter:site\" content=\"@unipersen\" \/>\n<meta name=\"twitter:label1\" content=\"Yazan:\" \/>\n\t<meta name=\"twitter:data1\" content=\"Memurun Sesi Haber Merkezi\" \/>\n\t<meta name=\"twitter:label2\" content=\"Tahmini okuma s\u00fcresi\" \/>\n\t<meta name=\"twitter:data2\" content=\"1 dakika\" \/>\n<script type=\"application\/ld+json\" class=\"yoast-schema-graph\">{\"@context\":\"https:\\\/\\\/schema.org\",\"@graph\":[{\"@type\":\"Article\",\"@id\":\"https:\\\/\\\/memurunsesi.net\\\/index.php\\\/2025\\\/07\\\/28\\\/esini-olduren-bosanma-asamasindaki-sahsa-muebbet-hapis-cezasi-talebi\\\/#article\",\"isPartOf\":{\"@id\":\"https:\\\/\\\/memurunsesi.net\\\/index.php\\\/2025\\\/07\\\/28\\\/esini-olduren-bosanma-asamasindaki-sahsa-muebbet-hapis-cezasi-talebi\\\/\"},\"author\":{\"name\":\"Memurun Sesi Haber Merkezi\",\"@id\":\"https:\\\/\\\/memurunsesi.net\\\/#\\\/schema\\\/person\\\/f21c2d73b89f6ee1d80b0a1803e38587\"},\"headline\":\"E\u015fini \u00f6ld\u00fcren bo\u015fanma a\u015famas\u0131ndaki \u015fahsa m\u00fcebbet hapis cezas\u0131 talebi\",\"datePublished\":\"2025-07-28T07:30:43+00:00\",\"mainEntityOfPage\":{\"@id\":\"https:\\\/\\\/memurunsesi.net\\\/index.php\\\/2025\\\/07\\\/28\\\/esini-olduren-bosanma-asamasindaki-sahsa-muebbet-hapis-cezasi-talebi\\\/\"},\"wordCount\":543,\"commentCount\":0,\"publisher\":{\"@id\":\"https:\\\/\\\/memurunsesi.net\\\/#organization\"},\"image\":{\"@id\":\"https:\\\/\\\/memurunsesi.net\\\/index.php\\\/2025\\\/07\\\/28\\\/esini-olduren-bosanma-asamasindaki-sahsa-muebbet-hapis-cezasi-talebi\\\/#primaryimage\"},\"thumbnailUrl\":\"https:\\\/\\\/memurunsesi.net\\\/wp-content\\\/uploads\\\/2025\\\/07\\\/AW505700_01-2.jpg\",\"inLanguage\":\"tr\",\"potentialAction\":[{\"@type\":\"CommentAction\",\"name\":\"Comment\",\"target\":[\"https:\\\/\\\/memurunsesi.net\\\/index.php\\\/2025\\\/07\\\/28\\\/esini-olduren-bosanma-asamasindaki-sahsa-muebbet-hapis-cezasi-talebi\\\/#respond\"]}]},{\"@type\":\"WebPage\",\"@id\":\"https:\\\/\\\/memurunsesi.net\\\/index.php\\\/2025\\\/07\\\/28\\\/esini-olduren-bosanma-asamasindaki-sahsa-muebbet-hapis-cezasi-talebi\\\/\",\"url\":\"https:\\\/\\\/memurunsesi.net\\\/index.php\\\/2025\\\/07\\\/28\\\/esini-olduren-bosanma-asamasindaki-sahsa-muebbet-hapis-cezasi-talebi\\\/\",\"name\":\"E\u015fini \u00f6ld\u00fcren bo\u015fanma a\u015famas\u0131ndaki \u015fahsa m\u00fcebbet hapis cezas\u0131 talebi - Memurun Sesi\",\"isPartOf\":{\"@id\":\"https:\\\/\\\/memurunsesi.net\\\/#website\"},\"primaryImageOfPage\":{\"@id\":\"https:\\\/\\\/memurunsesi.net\\\/index.php\\\/2025\\\/07\\\/28\\\/esini-olduren-bosanma-asamasindaki-sahsa-muebbet-hapis-cezasi-talebi\\\/#primaryimage\"},\"image\":{\"@id\":\"https:\\\/\\\/memurunsesi.net\\\/index.php\\\/2025\\\/07\\\/28\\\/esini-olduren-bosanma-asamasindaki-sahsa-muebbet-hapis-cezasi-talebi\\\/#primaryimage\"},\"thumbnailUrl\":\"https:\\\/\\\/memurunsesi.net\\\/wp-content\\\/uploads\\\/2025\\\/07\\\/AW505700_01-2.jpg\",\"datePublished\":\"2025-07-28T07:30:43+00:00\",\"breadcrumb\":{\"@id\":\"https:\\\/\\\/memurunsesi.net\\\/index.php\\\/2025\\\/07\\\/28\\\/esini-olduren-bosanma-asamasindaki-sahsa-muebbet-hapis-cezasi-talebi\\\/#breadcrumb\"},\"inLanguage\":\"tr\",\"potentialAction\":[{\"@type\":\"ReadAction\",\"target\":[\"https:\\\/\\\/memurunsesi.net\\\/index.php\\\/2025\\\/07\\\/28\\\/esini-olduren-bosanma-asamasindaki-sahsa-muebbet-hapis-cezasi-talebi\\\/\"]}]},{\"@type\":\"ImageObject\",\"inLanguage\":\"tr\",\"@id\":\"https:\\\/\\\/memurunsesi.net\\\/index.php\\\/2025\\\/07\\\/28\\\/esini-olduren-bosanma-asamasindaki-sahsa-muebbet-hapis-cezasi-talebi\\\/#primaryimage\",\"url\":\"https:\\\/\\\/memurunsesi.net\\\/wp-content\\\/uploads\\\/2025\\\/07\\\/AW505700_01-2.jpg\",\"contentUrl\":\"https:\\\/\\\/memurunsesi.net\\\/wp-content\\\/uploads\\\/2025\\\/07\\\/AW505700_01-2.jpg\",\"width\":1920,\"height\":1080,\"caption\":\"BURSA'NIN HARMANCIK \u0130L\u00c7ES\u0130NDE DEVAM EDEN VE 5-6 K\u00d6Y\u00dcN BO\u015eALTILMASINA SEBEP OLAN YANGINLA \u0130LG\u0130L\u0130 B\u0130R \u015e\u00dcPHEL\u0130 G\u00d6ZALTINA ALINIRKEN B\u0130R ARA\u00c7 DA \u0130L\u00c7E EMN\u0130YET AM\u0130RL\u0130\u011e\u0130'NE GET\u0130R\u0130LD\u0130. (ABDULLAH \u00c7\u0130B\u0130R - POLAT TAHA \u00d6ZT\u00dcRK\\\/BURSA-\u0130HA) Bursa'n\u0131n Harmanc\u0131k il\u00e7esinde devam eden ve 5-6 k\u00f6y\u00fcn bo\u015falt\u0131lmas\u0131na sebep olan yang\u0131nla ilgili bir \u015f\u00fcpheli g\u00f6zalt\u0131na al\u0131n\u0131rken bir ara\u00e7 da \u0130l\u00e7e Emniyet Amirli\u011fi'ne getirildi.\"},{\"@type\":\"BreadcrumbList\",\"@id\":\"https:\\\/\\\/memurunsesi.net\\\/index.php\\\/2025\\\/07\\\/28\\\/esini-olduren-bosanma-asamasindaki-sahsa-muebbet-hapis-cezasi-talebi\\\/#breadcrumb\",\"itemListElement\":[{\"@type\":\"ListItem\",\"position\":1,\"name\":\"Anasayfa\",\"item\":\"https:\\\/\\\/memurunsesi.net\\\/\"},{\"@type\":\"ListItem\",\"position\":2,\"name\":\"E\u015fini \u00f6ld\u00fcren bo\u015fanma a\u015famas\u0131ndaki \u015fahsa m\u00fcebbet hapis cezas\u0131 talebi\"}]},{\"@type\":\"WebSite\",\"@id\":\"https:\\\/\\\/memurunsesi.net\\\/#website\",\"url\":\"https:\\\/\\\/memurunsesi.net\\\/\",\"name\":\"Memurun Sesi\",\"description\":\"G\u00fcncel ve Do\u011fru Haber\",\"publisher\":{\"@id\":\"https:\\\/\\\/memurunsesi.net\\\/#organization\"},\"potentialAction\":[{\"@type\":\"SearchAction\",\"target\":{\"@type\":\"EntryPoint\",\"urlTemplate\":\"https:\\\/\\\/memurunsesi.net\\\/?s={search_term_string}\"},\"query-input\":{\"@type\":\"PropertyValueSpecification\",\"valueRequired\":true,\"valueName\":\"search_term_string\"}}],\"inLanguage\":\"tr\"},{\"@type\":\"Organization\",\"@id\":\"https:\\\/\\\/memurunsesi.net\\\/#organization\",\"name\":\"Memurun Sesi\",\"url\":\"https:\\\/\\\/memurunsesi.net\\\/\",\"logo\":{\"@type\":\"ImageObject\",\"inLanguage\":\"tr\",\"@id\":\"https:\\\/\\\/memurunsesi.net\\\/#\\\/schema\\\/logo\\\/image\\\/\",\"url\":\"https:\\\/\\\/memurunsesi.net\\\/wp-content\\\/uploads\\\/2025\\\/11\\\/cropped-MEMURUN-SESI.png\",\"contentUrl\":\"https:\\\/\\\/memurunsesi.net\\\/wp-content\\\/uploads\\\/2025\\\/11\\\/cropped-MEMURUN-SESI.png\",\"width\":238,\"height\":57,\"caption\":\"Memurun Sesi\"},\"image\":{\"@id\":\"https:\\\/\\\/memurunsesi.net\\\/#\\\/schema\\\/logo\\\/image\\\/\"},\"sameAs\":[\"https:\\\/\\\/www.facebook.com\\\/unipersen\\\/?locale=tr_TR\",\"https:\\\/\\\/x.com\\\/unipersen\"]},{\"@type\":\"Person\",\"@id\":\"https:\\\/\\\/memurunsesi.net\\\/#\\\/schema\\\/person\\\/f21c2d73b89f6ee1d80b0a1803e38587\",\"name\":\"Memurun Sesi Haber Merkezi\",\"image\":{\"@type\":\"ImageObject\",\"inLanguage\":\"tr\",\"@id\":\"https:\\\/\\\/secure.gravatar.com\\\/avatar\\\/6cf0505f452ee753f485014986fab09a434671d2b919ee76fc541025c5876a70?s=96&d=mm&r=g\",\"url\":\"https:\\\/\\\/secure.gravatar.com\\\/avatar\\\/6cf0505f452ee753f485014986fab09a434671d2b919ee76fc541025c5876a70?s=96&d=mm&r=g\",\"contentUrl\":\"https:\\\/\\\/secure.gravatar.com\\\/avatar\\\/6cf0505f452ee753f485014986fab09a434671d2b919ee76fc541025c5876a70?s=96&d=mm&r=g\",\"caption\":\"Memurun Sesi Haber Merkezi\"},\"sameAs\":[\"https:\\\/\\\/memurunsesi.net\"],\"url\":\"https:\\\/\\\/memurunsesi.net\\\/index.php\\\/author\\\/uniper\\\/\"}]}<\/script>\n<!-- \/ Yoast SEO plugin. -->","yoast_head_json":{"title":"E\u015fini \u00f6ld\u00fcren bo\u015fanma a\u015famas\u0131ndaki \u015fahsa m\u00fcebbet hapis cezas\u0131 talebi - Memurun Sesi","robots":{"index":"index","follow":"follow","max-snippet":"max-snippet:-1","max-image-preview":"max-image-preview:large","max-video-preview":"max-video-preview:-1"},"canonical":"https:\/\/memurunsesi.net\/index.php\/2025\/07\/28\/esini-olduren-bosanma-asamasindaki-sahsa-muebbet-hapis-cezasi-talebi\/","og_locale":"tr_TR","og_type":"article","og_title":"E\u015fini \u00f6ld\u00fcren bo\u015fanma a\u015famas\u0131ndaki \u015fahsa m\u00fcebbet hapis cezas\u0131 talebi - Memurun Sesi","og_description":"&#8211; Otomobiliyle \u00f6n\u00fcn\u00fc kesti\u011fi bo\u015fanma a\u015famas\u0131ndaki e\u015fini tabancayla ate\u015f ederek \u00f6ld\u00fcren zanl\u0131ya m\u00fcebbet hapis cezas\u0131 talebi \u00c7anakkale&#8217;de bo\u015fanma a\u015famas\u0131ndaki e\u015fi Zeynep Zan&#8217;\u0131 (25) tek kur\u015funla \u00f6ld\u00fcren U\u011fur Zan (34) hakk\u0131nda &#8216;e\u015fe kar\u015f\u0131 kasten \u00f6ld\u00fcrme&#8217; su\u00e7undan a\u011f\u0131rla\u015ft\u0131r\u0131lm\u0131\u015f m\u00fcebbet hapis talebi dava a\u00e7\u0131ld\u0131. Olay, 16 May\u0131s g\u00fcn\u00fc saat 10.30 s\u0131ralar\u0131nda \u0130smetpa\u015fa Mahallesi \u0130zmir Caddesi&#8217;nde meydana geldi. U\u011fur [&hellip;]","og_url":"https:\/\/memurunsesi.net\/index.php\/2025\/07\/28\/esini-olduren-bosanma-asamasindaki-sahsa-muebbet-hapis-cezasi-talebi\/","og_site_name":"Memurun Sesi","article_publisher":"https:\/\/www.facebook.com\/unipersen\/?locale=tr_TR","article_published_time":"2025-07-28T07:30:43+00:00","og_image":[{"width":1920,"height":1080,"url":"https:\/\/memurunsesi.net\/wp-content\/uploads\/2025\/07\/AW505700_01-2.jpg","type":"image\/jpeg"}],"author":"Memurun Sesi Haber Merkezi","twitter_card":"summary_large_image","twitter_creator":"@unipersen","twitter_site":"@unipersen","twitter_misc":{"Yazan:":"Memurun Sesi Haber Merkezi","Tahmini okuma s\u00fcresi":"1 dakika"},"schema":{"@context":"https:\/\/schema.org","@graph":[{"@type":"Article","@id":"https:\/\/memurunsesi.net\/index.php\/2025\/07\/28\/esini-olduren-bosanma-asamasindaki-sahsa-muebbet-hapis-cezasi-talebi\/#article","isPartOf":{"@id":"https:\/\/memurunsesi.net\/index.php\/2025\/07\/28\/esini-olduren-bosanma-asamasindaki-sahsa-muebbet-hapis-cezasi-talebi\/"},"author":{"name":"Memurun Sesi Haber Merkezi","@id":"https:\/\/memurunsesi.net\/#\/schema\/person\/f21c2d73b89f6ee1d80b0a1803e38587"},"headline":"E\u015fini \u00f6ld\u00fcren bo\u015fanma a\u015famas\u0131ndaki \u015fahsa m\u00fcebbet hapis cezas\u0131 talebi","datePublished":"2025-07-28T07:30:43+00:00","mainEntityOfPage":{"@id":"https:\/\/memurunsesi.net\/index.php\/2025\/07\/28\/esini-olduren-bosanma-asamasindaki-sahsa-muebbet-hapis-cezasi-talebi\/"},"wordCount":543,"commentCount":0,"publisher":{"@id":"https:\/\/memurunsesi.net\/#organization"},"image":{"@id":"https:\/\/memurunsesi.net\/index.php\/2025\/07\/28\/esini-olduren-bosanma-asamasindaki-sahsa-muebbet-hapis-cezasi-talebi\/#primaryimage"},"thumbnailUrl":"https:\/\/memurunsesi.net\/wp-content\/uploads\/2025\/07\/AW505700_01-2.jpg","inLanguage":"tr","potentialAction":[{"@type":"CommentAction","name":"Comment","target":["https:\/\/memurunsesi.net\/index.php\/2025\/07\/28\/esini-olduren-bosanma-asamasindaki-sahsa-muebbet-hapis-cezasi-talebi\/#respond"]}]},{"@type":"WebPage","@id":"https:\/\/memurunsesi.net\/index.php\/2025\/07\/28\/esini-olduren-bosanma-asamasindaki-sahsa-muebbet-hapis-cezasi-talebi\/","url":"https:\/\/memurunsesi.net\/index.php\/2025\/07\/28\/esini-olduren-bosanma-asamasindaki-sahsa-muebbet-hapis-cezasi-talebi\/","name":"E\u015fini \u00f6ld\u00fcren bo\u015fanma a\u015famas\u0131ndaki \u015fahsa m\u00fcebbet hapis cezas\u0131 talebi - Memurun Sesi","isPartOf":{"@id":"https:\/\/memurunsesi.net\/#website"},"primaryImageOfPage":{"@id":"https:\/\/memurunsesi.net\/index.php\/2025\/07\/28\/esini-olduren-bosanma-asamasindaki-sahsa-muebbet-hapis-cezasi-talebi\/#primaryimage"},"image":{"@id":"https:\/\/memurunsesi.net\/index.php\/2025\/07\/28\/esini-olduren-bosanma-asamasindaki-sahsa-muebbet-hapis-cezasi-talebi\/#primaryimage"},"thumbnailUrl":"https:\/\/memurunsesi.net\/wp-content\/uploads\/2025\/07\/AW505700_01-2.jpg","datePublished":"2025-07-28T07:30:43+00:00","breadcrumb":{"@id":"https:\/\/memurunsesi.net\/index.php\/2025\/07\/28\/esini-olduren-bosanma-asamasindaki-sahsa-muebbet-hapis-cezasi-talebi\/#breadcrumb"},"inLanguage":"tr","potentialAction":[{"@type":"ReadAction","target":["https:\/\/memurunsesi.net\/index.php\/2025\/07\/28\/esini-olduren-bosanma-asamasindaki-sahsa-muebbet-hapis-cezasi-talebi\/"]}]},{"@type":"ImageObject","inLanguage":"tr","@id":"https:\/\/memurunsesi.net\/index.php\/2025\/07\/28\/esini-olduren-bosanma-asamasindaki-sahsa-muebbet-hapis-cezasi-talebi\/#primaryimage","url":"https:\/\/memurunsesi.net\/wp-content\/uploads\/2025\/07\/AW505700_01-2.jpg","contentUrl":"https:\/\/memurunsesi.net\/wp-content\/uploads\/2025\/07\/AW505700_01-2.jpg","width":1920,"height":1080,"caption":"BURSA'NIN HARMANCIK \u0130L\u00c7ES\u0130NDE DEVAM EDEN VE 5-6 K\u00d6Y\u00dcN BO\u015eALTILMASINA SEBEP OLAN YANGINLA \u0130LG\u0130L\u0130 B\u0130R \u015e\u00dcPHEL\u0130 G\u00d6ZALTINA ALINIRKEN B\u0130R ARA\u00c7 DA \u0130L\u00c7E EMN\u0130YET AM\u0130RL\u0130\u011e\u0130'NE GET\u0130R\u0130LD\u0130. (ABDULLAH \u00c7\u0130B\u0130R - POLAT TAHA \u00d6ZT\u00dcRK\/BURSA-\u0130HA) Bursa'n\u0131n Harmanc\u0131k il\u00e7esinde devam eden ve 5-6 k\u00f6y\u00fcn bo\u015falt\u0131lmas\u0131na sebep olan yang\u0131nla ilgili bir \u015f\u00fcpheli g\u00f6zalt\u0131na al\u0131n\u0131rken bir ara\u00e7 da \u0130l\u00e7e Emniyet Amirli\u011fi'ne getirildi."},{"@type":"BreadcrumbList","@id":"https:\/\/memurunsesi.net\/index.php\/2025\/07\/28\/esini-olduren-bosanma-asamasindaki-sahsa-muebbet-hapis-cezasi-talebi\/#breadcrumb","itemListElement":[{"@type":"ListItem","position":1,"name":"Anasayfa","item":"https:\/\/memurunsesi.net\/"},{"@type":"ListItem","position":2,"name":"E\u015fini \u00f6ld\u00fcren bo\u015fanma a\u015famas\u0131ndaki \u015fahsa m\u00fcebbet hapis cezas\u0131 talebi"}]},{"@type":"WebSite","@id":"https:\/\/memurunsesi.net\/#website","url":"https:\/\/memurunsesi.net\/","name":"Memurun Sesi","description":"G\u00fcncel ve Do\u011fru Haber","publisher":{"@id":"https:\/\/memurunsesi.net\/#organization"},"potentialAction":[{"@type":"SearchAction","target":{"@type":"EntryPoint","urlTemplate":"https:\/\/memurunsesi.net\/?s={search_term_string}"},"query-input":{"@type":"PropertyValueSpecification","valueRequired":true,"valueName":"search_term_string"}}],"inLanguage":"tr"},{"@type":"Organization","@id":"https:\/\/memurunsesi.net\/#organization","name":"Memurun Sesi","url":"https:\/\/memurunsesi.net\/","logo":{"@type":"ImageObject","inLanguage":"tr","@id":"https:\/\/memurunsesi.net\/#\/schema\/logo\/image\/","url":"https:\/\/memurunsesi.net\/wp-content\/uploads\/2025\/11\/cropped-MEMURUN-SESI.png","contentUrl":"https:\/\/memurunsesi.net\/wp-content\/uploads\/2025\/11\/cropped-MEMURUN-SESI.png","width":238,"height":57,"caption":"Memurun Sesi"},"image":{"@id":"https:\/\/memurunsesi.net\/#\/schema\/logo\/image\/"},"sameAs":["https:\/\/www.facebook.com\/unipersen\/?locale=tr_TR","https:\/\/x.com\/unipersen"]},{"@type":"Person","@id":"https:\/\/memurunsesi.net\/#\/schema\/person\/f21c2d73b89f6ee1d80b0a1803e38587","name":"Memurun Sesi Haber Merkezi","image":{"@type":"ImageObject","inLanguage":"tr","@id":"https:\/\/secure.gravatar.com\/avatar\/6cf0505f452ee753f485014986fab09a434671d2b919ee76fc541025c5876a70?s=96&d=mm&r=g","url":"https:\/\/secure.gravatar.com\/avatar\/6cf0505f452ee753f485014986fab09a434671d2b919ee76fc541025c5876a70?s=96&d=mm&r=g","contentUrl":"https:\/\/secure.gravatar.com\/avatar\/6cf0505f452ee753f485014986fab09a434671d2b919ee76fc541025c5876a70?s=96&d=mm&r=g","caption":"Memurun Sesi Haber Merkezi"},"sameAs":["https:\/\/memurunsesi.net"],"url":"https:\/\/memurunsesi.net\/index.php\/author\/uniper\/"}]}},"_links":{"self":[{"href":"https:\/\/memurunsesi.net\/index.php\/wp-json\/wp\/v2\/posts\/9786","targetHints":{"allow":["GET"]}}],"collection":[{"href":"https:\/\/memurunsesi.net\/index.php\/wp-json\/wp\/v2\/posts"}],"about":[{"href":"https:\/\/memurunsesi.net\/index.php\/wp-json\/wp\/v2\/types\/post"}],"author":[{"embeddable":true,"href":"https:\/\/memurunsesi.net\/index.php\/wp-json\/wp\/v2\/users\/1"}],"replies":[{"embeddable":true,"href":"https:\/\/memurunsesi.net\/index.php\/wp-json\/wp\/v2\/comments?post=9786"}],"version-history":[{"count":1,"href":"https:\/\/memurunsesi.net\/index.php\/wp-json\/wp\/v2\/posts\/9786\/revisions"}],"predecessor-version":[{"id":9788,"href":"https:\/\/memurunsesi.net\/index.php\/wp-json\/wp\/v2\/posts\/9786\/revisions\/9788"}],"wp:featuredmedia":[{"embeddable":true,"href":"https:\/\/memurunsesi.net\/index.php\/wp-json\/wp\/v2\/media\/9787"}],"wp:attachment":[{"href":"https:\/\/memurunsesi.net\/index.php\/wp-json\/wp\/v2\/media?parent=9786"}],"wp:term":[{"taxonomy":"category","embeddable":true,"href":"https:\/\/memurunsesi.net\/index.php\/wp-json\/wp\/v2\/categories?post=9786"},{"taxonomy":"post_tag","embeddable":true,"href":"https:\/\/memurunsesi.net\/index.php\/wp-json\/wp\/v2\/tags?post=9786"}],"curies":[{"name":"wp","href":"https:\/\/api.w.org\/{rel}","templated":true}]}}