{"id":9789,"date":"2025-07-28T13:18:42","date_gmt":"2025-07-28T10:18:42","guid":{"rendered":"https:\/\/memurunsesi.net\/?p=9789"},"modified":"2025-07-28T13:18:42","modified_gmt":"2025-07-28T10:18:42","slug":"basaksehirde-tilki-surusu-sehir-merkezine-indi","status":"publish","type":"post","link":"https:\/\/memurunsesi.net\/index.php\/2025\/07\/28\/basaksehirde-tilki-surusu-sehir-merkezine-indi\/","title":{"rendered":"Ba\u015fak\u015fehir&#8217;de tilki s\u00fcr\u00fcs\u00fc \u015fehir merkezine indi"},"content":{"rendered":"<p>  &#8211; Do\u011fal ya\u015famda yiyecek bulamayan tilkiler gece saatlerinde g\u00f6r\u00fcnt\u00fclendi   <\/p>\n<p>   \u0130stanbul&#8217;un Ba\u015fak\u015fehir il\u00e7esinde gece saatlerinde tilki s\u00fcr\u00fcs\u00fc il\u00e7e merkezine indi. A\u00e7 kald\u0131\u011f\u0131 tahmin edilen hayvanlar vatanda\u015flar taraf\u0131ndan cep telefonu kameras\u0131yla g\u00f6r\u00fcnt\u00fclendi.<br \/>\n  Ba\u015fak\u015fehir&#8217;in Oyakent Mahallesi civar\u0131nda gece saatlerinde do\u011fal ya\u015fam alanlar\u0131nda yiyecek bulamayan bir grup tilki, yerle\u015fim alan\u0131na indi. Cadde \u00fczerinde ko\u015fu\u015fturan tilkiler, \u00e7evredeki vatanda\u015flar\u0131n dikkatini \u00e7ekti. Cep telefonu kameras\u0131yla kayda al\u0131nan tilkilerin bir s\u00fcre b\u00f6lgede dola\u015ft\u0131ktan sonra g\u00f6zden kaybolduklar\u0131 g\u00f6r\u00fcld\u00fc. <\/p>\n<p>28.07.2025                                 <\/p>\n","protected":false},"excerpt":{"rendered":"<p>&#8211; Do\u011fal ya\u015famda yiyecek bulamayan tilkiler gece saatlerinde g\u00f6r\u00fcnt\u00fclendi \u0130stanbul&#8217;un Ba\u015fak\u015fehir il\u00e7esinde gece saatlerinde tilki s\u00fcr\u00fcs\u00fc il\u00e7e merkezine indi. A\u00e7 kald\u0131\u011f\u0131 tahmin edilen hayvanlar vatanda\u015flar taraf\u0131ndan cep telefonu kameras\u0131yla g\u00f6r\u00fcnt\u00fclendi. Ba\u015fak\u015fehir&#8217;in Oyakent Mahallesi civar\u0131nda gece saatlerinde do\u011fal ya\u015fam alanlar\u0131nda yiyecek bulamayan bir grup tilki, yerle\u015fim alan\u0131na indi. Cadde \u00fczerinde ko\u015fu\u015fturan tilkiler, \u00e7evredeki vatanda\u015flar\u0131n dikkatini \u00e7ekti. [&hellip;]<\/p>\n","protected":false},"author":1,"featured_media":9790,"comment_status":"open","ping_status":"open","sticky":false,"template":"","format":"standard","meta":{"footnotes":""},"categories":[1],"tags":[],"class_list":["post-9789","post","type-post","status-publish","format-standard","has-post-thumbnail","hentry","category-genel"],"yoast_head":"<!-- This site is optimized with the Yoast SEO plugin v27.4 - https:\/\/yoast.com\/product\/yoast-seo-wordpress\/ -->\n<title>Ba\u015fak\u015fehir&#039;de tilki s\u00fcr\u00fcs\u00fc \u015fehir merkezine indi - Memurun Sesi<\/title>\n<meta name=\"robots\" content=\"index, follow, max-snippet:-1, max-image-preview:large, max-video-preview:-1\" \/>\n<link rel=\"canonical\" href=\"https:\/\/memurunsesi.net\/index.php\/2025\/07\/28\/basaksehirde-tilki-surusu-sehir-merkezine-indi\/\" \/>\n<meta property=\"og:locale\" content=\"tr_TR\" \/>\n<meta property=\"og:type\" content=\"article\" \/>\n<meta property=\"og:title\" content=\"Ba\u015fak\u015fehir&#039;de tilki s\u00fcr\u00fcs\u00fc \u015fehir merkezine indi - Memurun Sesi\" \/>\n<meta property=\"og:description\" content=\"&#8211; Do\u011fal ya\u015famda yiyecek bulamayan tilkiler gece saatlerinde g\u00f6r\u00fcnt\u00fclendi \u0130stanbul&#8217;un Ba\u015fak\u015fehir il\u00e7esinde gece saatlerinde tilki s\u00fcr\u00fcs\u00fc il\u00e7e merkezine indi. A\u00e7 kald\u0131\u011f\u0131 tahmin edilen hayvanlar vatanda\u015flar taraf\u0131ndan cep telefonu kameras\u0131yla g\u00f6r\u00fcnt\u00fclendi. Ba\u015fak\u015fehir&#8217;in Oyakent Mahallesi civar\u0131nda gece saatlerinde do\u011fal ya\u015fam alanlar\u0131nda yiyecek bulamayan bir grup tilki, yerle\u015fim alan\u0131na indi. Cadde \u00fczerinde ko\u015fu\u015fturan tilkiler, \u00e7evredeki vatanda\u015flar\u0131n dikkatini \u00e7ekti. [&hellip;]\" \/>\n<meta property=\"og:url\" content=\"https:\/\/memurunsesi.net\/index.php\/2025\/07\/28\/basaksehirde-tilki-surusu-sehir-merkezine-indi\/\" \/>\n<meta property=\"og:site_name\" content=\"Memurun Sesi\" \/>\n<meta property=\"article:publisher\" content=\"https:\/\/www.facebook.com\/unipersen\/?locale=tr_TR\" \/>\n<meta property=\"article:published_time\" content=\"2025-07-28T10:18:42+00:00\" \/>\n<meta property=\"og:image\" content=\"https:\/\/memurunsesi.net\/wp-content\/uploads\/2025\/07\/AW505984_01.jpg\" \/>\n\t<meta property=\"og:image:width\" content=\"538\" \/>\n\t<meta property=\"og:image:height\" content=\"813\" \/>\n\t<meta property=\"og:image:type\" content=\"image\/jpeg\" \/>\n<meta name=\"author\" content=\"Memurun Sesi Haber Merkezi\" \/>\n<meta name=\"twitter:card\" content=\"summary_large_image\" \/>\n<meta name=\"twitter:creator\" content=\"@unipersen\" \/>\n<meta name=\"twitter:site\" content=\"@unipersen\" \/>\n<meta name=\"twitter:label1\" content=\"Yazan:\" \/>\n\t<meta name=\"twitter:data1\" content=\"Memurun Sesi Haber Merkezi\" \/>\n\t<meta name=\"twitter:label2\" content=\"Tahmini okuma s\u00fcresi\" \/>\n\t<meta name=\"twitter:data2\" content=\"1 dakika\" \/>\n<script type=\"application\/ld+json\" class=\"yoast-schema-graph\">{\"@context\":\"https:\\\/\\\/schema.org\",\"@graph\":[{\"@type\":\"Article\",\"@id\":\"https:\\\/\\\/memurunsesi.net\\\/index.php\\\/2025\\\/07\\\/28\\\/basaksehirde-tilki-surusu-sehir-merkezine-indi\\\/#article\",\"isPartOf\":{\"@id\":\"https:\\\/\\\/memurunsesi.net\\\/index.php\\\/2025\\\/07\\\/28\\\/basaksehirde-tilki-surusu-sehir-merkezine-indi\\\/\"},\"author\":{\"name\":\"Memurun Sesi Haber Merkezi\",\"@id\":\"https:\\\/\\\/memurunsesi.net\\\/#\\\/schema\\\/person\\\/f21c2d73b89f6ee1d80b0a1803e38587\"},\"headline\":\"Ba\u015fak\u015fehir&#8217;de tilki s\u00fcr\u00fcs\u00fc \u015fehir merkezine indi\",\"datePublished\":\"2025-07-28T10:18:42+00:00\",\"mainEntityOfPage\":{\"@id\":\"https:\\\/\\\/memurunsesi.net\\\/index.php\\\/2025\\\/07\\\/28\\\/basaksehirde-tilki-surusu-sehir-merkezine-indi\\\/\"},\"wordCount\":120,\"commentCount\":0,\"publisher\":{\"@id\":\"https:\\\/\\\/memurunsesi.net\\\/#organization\"},\"image\":{\"@id\":\"https:\\\/\\\/memurunsesi.net\\\/index.php\\\/2025\\\/07\\\/28\\\/basaksehirde-tilki-surusu-sehir-merkezine-indi\\\/#primaryimage\"},\"thumbnailUrl\":\"https:\\\/\\\/memurunsesi.net\\\/wp-content\\\/uploads\\\/2025\\\/07\\\/AW505984_01.jpg\",\"inLanguage\":\"tr\",\"potentialAction\":[{\"@type\":\"CommentAction\",\"name\":\"Comment\",\"target\":[\"https:\\\/\\\/memurunsesi.net\\\/index.php\\\/2025\\\/07\\\/28\\\/basaksehirde-tilki-surusu-sehir-merkezine-indi\\\/#respond\"]}]},{\"@type\":\"WebPage\",\"@id\":\"https:\\\/\\\/memurunsesi.net\\\/index.php\\\/2025\\\/07\\\/28\\\/basaksehirde-tilki-surusu-sehir-merkezine-indi\\\/\",\"url\":\"https:\\\/\\\/memurunsesi.net\\\/index.php\\\/2025\\\/07\\\/28\\\/basaksehirde-tilki-surusu-sehir-merkezine-indi\\\/\",\"name\":\"Ba\u015fak\u015fehir'de tilki s\u00fcr\u00fcs\u00fc \u015fehir merkezine indi - Memurun Sesi\",\"isPartOf\":{\"@id\":\"https:\\\/\\\/memurunsesi.net\\\/#website\"},\"primaryImageOfPage\":{\"@id\":\"https:\\\/\\\/memurunsesi.net\\\/index.php\\\/2025\\\/07\\\/28\\\/basaksehirde-tilki-surusu-sehir-merkezine-indi\\\/#primaryimage\"},\"image\":{\"@id\":\"https:\\\/\\\/memurunsesi.net\\\/index.php\\\/2025\\\/07\\\/28\\\/basaksehirde-tilki-surusu-sehir-merkezine-indi\\\/#primaryimage\"},\"thumbnailUrl\":\"https:\\\/\\\/memurunsesi.net\\\/wp-content\\\/uploads\\\/2025\\\/07\\\/AW505984_01.jpg\",\"datePublished\":\"2025-07-28T10:18:42+00:00\",\"breadcrumb\":{\"@id\":\"https:\\\/\\\/memurunsesi.net\\\/index.php\\\/2025\\\/07\\\/28\\\/basaksehirde-tilki-surusu-sehir-merkezine-indi\\\/#breadcrumb\"},\"inLanguage\":\"tr\",\"potentialAction\":[{\"@type\":\"ReadAction\",\"target\":[\"https:\\\/\\\/memurunsesi.net\\\/index.php\\\/2025\\\/07\\\/28\\\/basaksehirde-tilki-surusu-sehir-merkezine-indi\\\/\"]}]},{\"@type\":\"ImageObject\",\"inLanguage\":\"tr\",\"@id\":\"https:\\\/\\\/memurunsesi.net\\\/index.php\\\/2025\\\/07\\\/28\\\/basaksehirde-tilki-surusu-sehir-merkezine-indi\\\/#primaryimage\",\"url\":\"https:\\\/\\\/memurunsesi.net\\\/wp-content\\\/uploads\\\/2025\\\/07\\\/AW505984_01.jpg\",\"contentUrl\":\"https:\\\/\\\/memurunsesi.net\\\/wp-content\\\/uploads\\\/2025\\\/07\\\/AW505984_01.jpg\",\"width\":538,\"height\":813,\"caption\":\"BA\u015eAK\u015eEH\u0130R'DE T\u0130LK\u0130 S\u00dcR\u00dcS\u00dc \u015eEH\u0130R MERKEZ\u0130NE \u0130ND\u0130 (\\\/\u0130STANBUL-\u0130HA) \u0130stanbul'un Ba\u015fak\u015fehir il\u00e7esinde gece saatlerinde tilki s\u00fcr\u00fcs\u00fc il\u00e7e merkezine indi. A\u00e7 kald\u0131\u011f\u0131 tahmin edilen hayvanlar vatanda\u015flar taraf\u0131ndan cep telefonu kameras\u0131yla g\u00f6r\u00fcnt\u00fclendi.\"},{\"@type\":\"BreadcrumbList\",\"@id\":\"https:\\\/\\\/memurunsesi.net\\\/index.php\\\/2025\\\/07\\\/28\\\/basaksehirde-tilki-surusu-sehir-merkezine-indi\\\/#breadcrumb\",\"itemListElement\":[{\"@type\":\"ListItem\",\"position\":1,\"name\":\"Anasayfa\",\"item\":\"https:\\\/\\\/memurunsesi.net\\\/\"},{\"@type\":\"ListItem\",\"position\":2,\"name\":\"Ba\u015fak\u015fehir&#8217;de tilki s\u00fcr\u00fcs\u00fc \u015fehir merkezine indi\"}]},{\"@type\":\"WebSite\",\"@id\":\"https:\\\/\\\/memurunsesi.net\\\/#website\",\"url\":\"https:\\\/\\\/memurunsesi.net\\\/\",\"name\":\"Memurun Sesi\",\"description\":\"G\u00fcncel ve Do\u011fru Haber\",\"publisher\":{\"@id\":\"https:\\\/\\\/memurunsesi.net\\\/#organization\"},\"potentialAction\":[{\"@type\":\"SearchAction\",\"target\":{\"@type\":\"EntryPoint\",\"urlTemplate\":\"https:\\\/\\\/memurunsesi.net\\\/?s={search_term_string}\"},\"query-input\":{\"@type\":\"PropertyValueSpecification\",\"valueRequired\":true,\"valueName\":\"search_term_string\"}}],\"inLanguage\":\"tr\"},{\"@type\":\"Organization\",\"@id\":\"https:\\\/\\\/memurunsesi.net\\\/#organization\",\"name\":\"Memurun Sesi\",\"url\":\"https:\\\/\\\/memurunsesi.net\\\/\",\"logo\":{\"@type\":\"ImageObject\",\"inLanguage\":\"tr\",\"@id\":\"https:\\\/\\\/memurunsesi.net\\\/#\\\/schema\\\/logo\\\/image\\\/\",\"url\":\"https:\\\/\\\/memurunsesi.net\\\/wp-content\\\/uploads\\\/2025\\\/11\\\/cropped-MEMURUN-SESI.png\",\"contentUrl\":\"https:\\\/\\\/memurunsesi.net\\\/wp-content\\\/uploads\\\/2025\\\/11\\\/cropped-MEMURUN-SESI.png\",\"width\":238,\"height\":57,\"caption\":\"Memurun Sesi\"},\"image\":{\"@id\":\"https:\\\/\\\/memurunsesi.net\\\/#\\\/schema\\\/logo\\\/image\\\/\"},\"sameAs\":[\"https:\\\/\\\/www.facebook.com\\\/unipersen\\\/?locale=tr_TR\",\"https:\\\/\\\/x.com\\\/unipersen\"]},{\"@type\":\"Person\",\"@id\":\"https:\\\/\\\/memurunsesi.net\\\/#\\\/schema\\\/person\\\/f21c2d73b89f6ee1d80b0a1803e38587\",\"name\":\"Memurun Sesi Haber Merkezi\",\"image\":{\"@type\":\"ImageObject\",\"inLanguage\":\"tr\",\"@id\":\"https:\\\/\\\/secure.gravatar.com\\\/avatar\\\/6cf0505f452ee753f485014986fab09a434671d2b919ee76fc541025c5876a70?s=96&d=mm&r=g\",\"url\":\"https:\\\/\\\/secure.gravatar.com\\\/avatar\\\/6cf0505f452ee753f485014986fab09a434671d2b919ee76fc541025c5876a70?s=96&d=mm&r=g\",\"contentUrl\":\"https:\\\/\\\/secure.gravatar.com\\\/avatar\\\/6cf0505f452ee753f485014986fab09a434671d2b919ee76fc541025c5876a70?s=96&d=mm&r=g\",\"caption\":\"Memurun Sesi Haber Merkezi\"},\"sameAs\":[\"https:\\\/\\\/memurunsesi.net\"],\"url\":\"https:\\\/\\\/memurunsesi.net\\\/index.php\\\/author\\\/uniper\\\/\"}]}<\/script>\n<!-- \/ Yoast SEO plugin. -->","yoast_head_json":{"title":"Ba\u015fak\u015fehir'de tilki s\u00fcr\u00fcs\u00fc \u015fehir merkezine indi - Memurun Sesi","robots":{"index":"index","follow":"follow","max-snippet":"max-snippet:-1","max-image-preview":"max-image-preview:large","max-video-preview":"max-video-preview:-1"},"canonical":"https:\/\/memurunsesi.net\/index.php\/2025\/07\/28\/basaksehirde-tilki-surusu-sehir-merkezine-indi\/","og_locale":"tr_TR","og_type":"article","og_title":"Ba\u015fak\u015fehir'de tilki s\u00fcr\u00fcs\u00fc \u015fehir merkezine indi - Memurun Sesi","og_description":"&#8211; Do\u011fal ya\u015famda yiyecek bulamayan tilkiler gece saatlerinde g\u00f6r\u00fcnt\u00fclendi \u0130stanbul&#8217;un Ba\u015fak\u015fehir il\u00e7esinde gece saatlerinde tilki s\u00fcr\u00fcs\u00fc il\u00e7e merkezine indi. A\u00e7 kald\u0131\u011f\u0131 tahmin edilen hayvanlar vatanda\u015flar taraf\u0131ndan cep telefonu kameras\u0131yla g\u00f6r\u00fcnt\u00fclendi. Ba\u015fak\u015fehir&#8217;in Oyakent Mahallesi civar\u0131nda gece saatlerinde do\u011fal ya\u015fam alanlar\u0131nda yiyecek bulamayan bir grup tilki, yerle\u015fim alan\u0131na indi. Cadde \u00fczerinde ko\u015fu\u015fturan tilkiler, \u00e7evredeki vatanda\u015flar\u0131n dikkatini \u00e7ekti. [&hellip;]","og_url":"https:\/\/memurunsesi.net\/index.php\/2025\/07\/28\/basaksehirde-tilki-surusu-sehir-merkezine-indi\/","og_site_name":"Memurun Sesi","article_publisher":"https:\/\/www.facebook.com\/unipersen\/?locale=tr_TR","article_published_time":"2025-07-28T10:18:42+00:00","og_image":[{"width":538,"height":813,"url":"https:\/\/memurunsesi.net\/wp-content\/uploads\/2025\/07\/AW505984_01.jpg","type":"image\/jpeg"}],"author":"Memurun Sesi Haber Merkezi","twitter_card":"summary_large_image","twitter_creator":"@unipersen","twitter_site":"@unipersen","twitter_misc":{"Yazan:":"Memurun Sesi Haber Merkezi","Tahmini okuma s\u00fcresi":"1 dakika"},"schema":{"@context":"https:\/\/schema.org","@graph":[{"@type":"Article","@id":"https:\/\/memurunsesi.net\/index.php\/2025\/07\/28\/basaksehirde-tilki-surusu-sehir-merkezine-indi\/#article","isPartOf":{"@id":"https:\/\/memurunsesi.net\/index.php\/2025\/07\/28\/basaksehirde-tilki-surusu-sehir-merkezine-indi\/"},"author":{"name":"Memurun Sesi Haber Merkezi","@id":"https:\/\/memurunsesi.net\/#\/schema\/person\/f21c2d73b89f6ee1d80b0a1803e38587"},"headline":"Ba\u015fak\u015fehir&#8217;de tilki s\u00fcr\u00fcs\u00fc \u015fehir merkezine indi","datePublished":"2025-07-28T10:18:42+00:00","mainEntityOfPage":{"@id":"https:\/\/memurunsesi.net\/index.php\/2025\/07\/28\/basaksehirde-tilki-surusu-sehir-merkezine-indi\/"},"wordCount":120,"commentCount":0,"publisher":{"@id":"https:\/\/memurunsesi.net\/#organization"},"image":{"@id":"https:\/\/memurunsesi.net\/index.php\/2025\/07\/28\/basaksehirde-tilki-surusu-sehir-merkezine-indi\/#primaryimage"},"thumbnailUrl":"https:\/\/memurunsesi.net\/wp-content\/uploads\/2025\/07\/AW505984_01.jpg","inLanguage":"tr","potentialAction":[{"@type":"CommentAction","name":"Comment","target":["https:\/\/memurunsesi.net\/index.php\/2025\/07\/28\/basaksehirde-tilki-surusu-sehir-merkezine-indi\/#respond"]}]},{"@type":"WebPage","@id":"https:\/\/memurunsesi.net\/index.php\/2025\/07\/28\/basaksehirde-tilki-surusu-sehir-merkezine-indi\/","url":"https:\/\/memurunsesi.net\/index.php\/2025\/07\/28\/basaksehirde-tilki-surusu-sehir-merkezine-indi\/","name":"Ba\u015fak\u015fehir'de tilki s\u00fcr\u00fcs\u00fc \u015fehir merkezine indi - Memurun Sesi","isPartOf":{"@id":"https:\/\/memurunsesi.net\/#website"},"primaryImageOfPage":{"@id":"https:\/\/memurunsesi.net\/index.php\/2025\/07\/28\/basaksehirde-tilki-surusu-sehir-merkezine-indi\/#primaryimage"},"image":{"@id":"https:\/\/memurunsesi.net\/index.php\/2025\/07\/28\/basaksehirde-tilki-surusu-sehir-merkezine-indi\/#primaryimage"},"thumbnailUrl":"https:\/\/memurunsesi.net\/wp-content\/uploads\/2025\/07\/AW505984_01.jpg","datePublished":"2025-07-28T10:18:42+00:00","breadcrumb":{"@id":"https:\/\/memurunsesi.net\/index.php\/2025\/07\/28\/basaksehirde-tilki-surusu-sehir-merkezine-indi\/#breadcrumb"},"inLanguage":"tr","potentialAction":[{"@type":"ReadAction","target":["https:\/\/memurunsesi.net\/index.php\/2025\/07\/28\/basaksehirde-tilki-surusu-sehir-merkezine-indi\/"]}]},{"@type":"ImageObject","inLanguage":"tr","@id":"https:\/\/memurunsesi.net\/index.php\/2025\/07\/28\/basaksehirde-tilki-surusu-sehir-merkezine-indi\/#primaryimage","url":"https:\/\/memurunsesi.net\/wp-content\/uploads\/2025\/07\/AW505984_01.jpg","contentUrl":"https:\/\/memurunsesi.net\/wp-content\/uploads\/2025\/07\/AW505984_01.jpg","width":538,"height":813,"caption":"BA\u015eAK\u015eEH\u0130R'DE T\u0130LK\u0130 S\u00dcR\u00dcS\u00dc \u015eEH\u0130R MERKEZ\u0130NE \u0130ND\u0130 (\/\u0130STANBUL-\u0130HA) \u0130stanbul'un Ba\u015fak\u015fehir il\u00e7esinde gece saatlerinde tilki s\u00fcr\u00fcs\u00fc il\u00e7e merkezine indi. A\u00e7 kald\u0131\u011f\u0131 tahmin edilen hayvanlar vatanda\u015flar taraf\u0131ndan cep telefonu kameras\u0131yla g\u00f6r\u00fcnt\u00fclendi."},{"@type":"BreadcrumbList","@id":"https:\/\/memurunsesi.net\/index.php\/2025\/07\/28\/basaksehirde-tilki-surusu-sehir-merkezine-indi\/#breadcrumb","itemListElement":[{"@type":"ListItem","position":1,"name":"Anasayfa","item":"https:\/\/memurunsesi.net\/"},{"@type":"ListItem","position":2,"name":"Ba\u015fak\u015fehir&#8217;de tilki s\u00fcr\u00fcs\u00fc \u015fehir merkezine indi"}]},{"@type":"WebSite","@id":"https:\/\/memurunsesi.net\/#website","url":"https:\/\/memurunsesi.net\/","name":"Memurun Sesi","description":"G\u00fcncel ve Do\u011fru Haber","publisher":{"@id":"https:\/\/memurunsesi.net\/#organization"},"potentialAction":[{"@type":"SearchAction","target":{"@type":"EntryPoint","urlTemplate":"https:\/\/memurunsesi.net\/?s={search_term_string}"},"query-input":{"@type":"PropertyValueSpecification","valueRequired":true,"valueName":"search_term_string"}}],"inLanguage":"tr"},{"@type":"Organization","@id":"https:\/\/memurunsesi.net\/#organization","name":"Memurun Sesi","url":"https:\/\/memurunsesi.net\/","logo":{"@type":"ImageObject","inLanguage":"tr","@id":"https:\/\/memurunsesi.net\/#\/schema\/logo\/image\/","url":"https:\/\/memurunsesi.net\/wp-content\/uploads\/2025\/11\/cropped-MEMURUN-SESI.png","contentUrl":"https:\/\/memurunsesi.net\/wp-content\/uploads\/2025\/11\/cropped-MEMURUN-SESI.png","width":238,"height":57,"caption":"Memurun Sesi"},"image":{"@id":"https:\/\/memurunsesi.net\/#\/schema\/logo\/image\/"},"sameAs":["https:\/\/www.facebook.com\/unipersen\/?locale=tr_TR","https:\/\/x.com\/unipersen"]},{"@type":"Person","@id":"https:\/\/memurunsesi.net\/#\/schema\/person\/f21c2d73b89f6ee1d80b0a1803e38587","name":"Memurun Sesi Haber Merkezi","image":{"@type":"ImageObject","inLanguage":"tr","@id":"https:\/\/secure.gravatar.com\/avatar\/6cf0505f452ee753f485014986fab09a434671d2b919ee76fc541025c5876a70?s=96&d=mm&r=g","url":"https:\/\/secure.gravatar.com\/avatar\/6cf0505f452ee753f485014986fab09a434671d2b919ee76fc541025c5876a70?s=96&d=mm&r=g","contentUrl":"https:\/\/secure.gravatar.com\/avatar\/6cf0505f452ee753f485014986fab09a434671d2b919ee76fc541025c5876a70?s=96&d=mm&r=g","caption":"Memurun Sesi Haber Merkezi"},"sameAs":["https:\/\/memurunsesi.net"],"url":"https:\/\/memurunsesi.net\/index.php\/author\/uniper\/"}]}},"_links":{"self":[{"href":"https:\/\/memurunsesi.net\/index.php\/wp-json\/wp\/v2\/posts\/9789","targetHints":{"allow":["GET"]}}],"collection":[{"href":"https:\/\/memurunsesi.net\/index.php\/wp-json\/wp\/v2\/posts"}],"about":[{"href":"https:\/\/memurunsesi.net\/index.php\/wp-json\/wp\/v2\/types\/post"}],"author":[{"embeddable":true,"href":"https:\/\/memurunsesi.net\/index.php\/wp-json\/wp\/v2\/users\/1"}],"replies":[{"embeddable":true,"href":"https:\/\/memurunsesi.net\/index.php\/wp-json\/wp\/v2\/comments?post=9789"}],"version-history":[{"count":1,"href":"https:\/\/memurunsesi.net\/index.php\/wp-json\/wp\/v2\/posts\/9789\/revisions"}],"predecessor-version":[{"id":9791,"href":"https:\/\/memurunsesi.net\/index.php\/wp-json\/wp\/v2\/posts\/9789\/revisions\/9791"}],"wp:featuredmedia":[{"embeddable":true,"href":"https:\/\/memurunsesi.net\/index.php\/wp-json\/wp\/v2\/media\/9790"}],"wp:attachment":[{"href":"https:\/\/memurunsesi.net\/index.php\/wp-json\/wp\/v2\/media?parent=9789"}],"wp:term":[{"taxonomy":"category","embeddable":true,"href":"https:\/\/memurunsesi.net\/index.php\/wp-json\/wp\/v2\/categories?post=9789"},{"taxonomy":"post_tag","embeddable":true,"href":"https:\/\/memurunsesi.net\/index.php\/wp-json\/wp\/v2\/tags?post=9789"}],"curies":[{"name":"wp","href":"https:\/\/api.w.org\/{rel}","templated":true}]}}