{"id":9795,"date":"2025-07-29T08:42:30","date_gmt":"2025-07-29T05:42:30","guid":{"rendered":"https:\/\/memurunsesi.net\/?p=9795"},"modified":"2025-07-29T08:42:30","modified_gmt":"2025-07-29T05:42:30","slug":"erzincanda-hasat-basladi-ciftcinin-yuzu-guldu","status":"publish","type":"post","link":"https:\/\/memurunsesi.net\/index.php\/2025\/07\/29\/erzincanda-hasat-basladi-ciftcinin-yuzu-guldu\/","title":{"rendered":"Erzincan\u2019da hasat ba\u015flad\u0131, \u00e7ift\u00e7inin y\u00fcz\u00fc g\u00fcld\u00fc"},"content":{"rendered":"<p>   Erzincan\u2019da bu\u011fday ve arpa hasad\u0131 ba\u015flad\u0131. Tarlalara giren bi\u00e7erd\u00f6verler, rekor hasat i\u00e7in \u00e7al\u0131\u015fmalar\u0131n\u0131 s\u00fcrd\u00fcr\u00fcyor.<br \/>\nErzincan\u2019da hububat hasad\u0131 ba\u015flad\u0131. Kentte bi\u00e7erd\u00f6verler tarlalara girerek bu\u011fday ve arpa hasad\u0131na ba\u015flad\u0131. Erzincanl\u0131 \u00e7ift\u00e7ilerin bu y\u0131lki beklentisi de olduk\u00e7a y\u00fcksek. \u00dcreticilerin bir y\u0131ll\u0131k eme\u011fin kar\u015f\u0131l\u0131\u011f\u0131n\u0131 almaya ba\u015flad\u0131\u011f\u0131n\u0131 ifade eden Ufuk \u00c7al\u0131\u015fkan, &#8220;Erzincan bu sene hem bu\u011fdayda hem arpada hem de yem bitkilerinde T\u00fcrkiye&#8217;nin y\u00fcz\u00fcn\u00fc g\u00fcld\u00fcrecek&#8221; dedi.<br \/>\n  \u00c7ift\u00e7ilerin iklim de\u011fi\u015fikli\u011fine ba\u011fl\u0131 kurakl\u0131kla m\u00fccadele etti\u011fini ifade eden \u00c7al\u0131\u015fkan, &#8220;T\u00fcm zorluklara, iklim de\u011fi\u015fikliklerine, kurakl\u0131\u011fa ve so\u011fuk vurmalar\u0131na kar\u015f\u0131, \u00e7ift\u00e7imiz canla ba\u015fla \u00e7al\u0131\u015farak bug\u00fcnk\u00fc hasat durumuna ula\u015ft\u0131. \u015eu anda arpa hasad\u0131 ve arkas\u0131ndan bu\u011fday hasatlar\u0131 da ba\u015flad\u0131 ve verimimiz gayet iyi. Bu hasad\u0131m\u0131z in\u015fallah bereketli olur. G\u00f6r\u00fcn\u00fc\u015fe g\u00f6re verimimiz iyi. Baz\u0131 y\u00f6relerde, tarla baz\u0131nda farkl\u0131l\u0131klar olsa da genel olarak bakt\u0131\u011f\u0131m\u0131zda Erzincan, bu sene bu\u011fday ve arpa hasad\u0131nda di\u011fer illerimize g\u00f6re \u00e7ok daha iyi durumda ve verimimiz olduk\u00e7a y\u00fcksek. \u0130n\u015fallah \u00e7ift\u00e7imizin emekleri bo\u015fa \u00e7\u0131kmaz&#8221; ifadelerini kulland\u0131. <\/p>\n<p>29.07.2025                             <\/p>\n","protected":false},"excerpt":{"rendered":"<p>Erzincan\u2019da bu\u011fday ve arpa hasad\u0131 ba\u015flad\u0131. Tarlalara giren bi\u00e7erd\u00f6verler, rekor hasat i\u00e7in \u00e7al\u0131\u015fmalar\u0131n\u0131 s\u00fcrd\u00fcr\u00fcyor. Erzincan\u2019da hububat hasad\u0131 ba\u015flad\u0131. Kentte bi\u00e7erd\u00f6verler tarlalara girerek bu\u011fday ve arpa hasad\u0131na ba\u015flad\u0131. Erzincanl\u0131 \u00e7ift\u00e7ilerin bu y\u0131lki beklentisi de olduk\u00e7a y\u00fcksek. \u00dcreticilerin bir y\u0131ll\u0131k eme\u011fin kar\u015f\u0131l\u0131\u011f\u0131n\u0131 almaya ba\u015flad\u0131\u011f\u0131n\u0131 ifade eden Ufuk \u00c7al\u0131\u015fkan, &#8220;Erzincan bu sene hem bu\u011fdayda hem arpada hem de [&hellip;]<\/p>\n","protected":false},"author":1,"featured_media":9796,"comment_status":"open","ping_status":"open","sticky":false,"template":"","format":"standard","meta":{"footnotes":""},"categories":[50],"tags":[],"class_list":["post-9795","post","type-post","status-publish","format-standard","has-post-thumbnail","hentry","category-tum-haberler"],"yoast_head":"<!-- This site is optimized with the Yoast SEO plugin v27.4 - https:\/\/yoast.com\/product\/yoast-seo-wordpress\/ -->\n<title>Erzincan\u2019da hasat ba\u015flad\u0131, \u00e7ift\u00e7inin y\u00fcz\u00fc g\u00fcld\u00fc - Memurun Sesi<\/title>\n<meta name=\"robots\" content=\"index, follow, max-snippet:-1, max-image-preview:large, max-video-preview:-1\" \/>\n<link rel=\"canonical\" href=\"https:\/\/memurunsesi.net\/index.php\/2025\/07\/29\/erzincanda-hasat-basladi-ciftcinin-yuzu-guldu\/\" \/>\n<meta property=\"og:locale\" content=\"tr_TR\" \/>\n<meta property=\"og:type\" content=\"article\" \/>\n<meta property=\"og:title\" content=\"Erzincan\u2019da hasat ba\u015flad\u0131, \u00e7ift\u00e7inin y\u00fcz\u00fc g\u00fcld\u00fc - Memurun Sesi\" \/>\n<meta property=\"og:description\" content=\"Erzincan\u2019da bu\u011fday ve arpa hasad\u0131 ba\u015flad\u0131. Tarlalara giren bi\u00e7erd\u00f6verler, rekor hasat i\u00e7in \u00e7al\u0131\u015fmalar\u0131n\u0131 s\u00fcrd\u00fcr\u00fcyor. Erzincan\u2019da hububat hasad\u0131 ba\u015flad\u0131. Kentte bi\u00e7erd\u00f6verler tarlalara girerek bu\u011fday ve arpa hasad\u0131na ba\u015flad\u0131. Erzincanl\u0131 \u00e7ift\u00e7ilerin bu y\u0131lki beklentisi de olduk\u00e7a y\u00fcksek. \u00dcreticilerin bir y\u0131ll\u0131k eme\u011fin kar\u015f\u0131l\u0131\u011f\u0131n\u0131 almaya ba\u015flad\u0131\u011f\u0131n\u0131 ifade eden Ufuk \u00c7al\u0131\u015fkan, &#8220;Erzincan bu sene hem bu\u011fdayda hem arpada hem de [&hellip;]\" \/>\n<meta property=\"og:url\" content=\"https:\/\/memurunsesi.net\/index.php\/2025\/07\/29\/erzincanda-hasat-basladi-ciftcinin-yuzu-guldu\/\" \/>\n<meta property=\"og:site_name\" content=\"Memurun Sesi\" \/>\n<meta property=\"article:publisher\" content=\"https:\/\/www.facebook.com\/unipersen\/?locale=tr_TR\" \/>\n<meta property=\"article:published_time\" content=\"2025-07-29T05:42:30+00:00\" \/>\n<meta property=\"og:image\" content=\"https:\/\/memurunsesi.net\/wp-content\/uploads\/2025\/07\/AW506410_01-scaled.jpg\" \/>\n\t<meta property=\"og:image:width\" content=\"2560\" \/>\n\t<meta property=\"og:image:height\" content=\"1303\" \/>\n\t<meta property=\"og:image:type\" content=\"image\/jpeg\" \/>\n<meta name=\"author\" content=\"Memurun Sesi Haber Merkezi\" \/>\n<meta name=\"twitter:card\" content=\"summary_large_image\" \/>\n<meta name=\"twitter:creator\" content=\"@unipersen\" \/>\n<meta name=\"twitter:site\" content=\"@unipersen\" \/>\n<meta name=\"twitter:label1\" content=\"Yazan:\" \/>\n\t<meta name=\"twitter:data1\" content=\"Memurun Sesi Haber Merkezi\" \/>\n\t<meta name=\"twitter:label2\" content=\"Tahmini okuma s\u00fcresi\" \/>\n\t<meta name=\"twitter:data2\" content=\"1 dakika\" \/>\n<script type=\"application\/ld+json\" class=\"yoast-schema-graph\">{\"@context\":\"https:\\\/\\\/schema.org\",\"@graph\":[{\"@type\":\"Article\",\"@id\":\"https:\\\/\\\/memurunsesi.net\\\/index.php\\\/2025\\\/07\\\/29\\\/erzincanda-hasat-basladi-ciftcinin-yuzu-guldu\\\/#article\",\"isPartOf\":{\"@id\":\"https:\\\/\\\/memurunsesi.net\\\/index.php\\\/2025\\\/07\\\/29\\\/erzincanda-hasat-basladi-ciftcinin-yuzu-guldu\\\/\"},\"author\":{\"name\":\"Memurun Sesi Haber Merkezi\",\"@id\":\"https:\\\/\\\/memurunsesi.net\\\/#\\\/schema\\\/person\\\/f21c2d73b89f6ee1d80b0a1803e38587\"},\"headline\":\"Erzincan\u2019da hasat ba\u015flad\u0131, \u00e7ift\u00e7inin y\u00fcz\u00fc g\u00fcld\u00fc\",\"datePublished\":\"2025-07-29T05:42:30+00:00\",\"mainEntityOfPage\":{\"@id\":\"https:\\\/\\\/memurunsesi.net\\\/index.php\\\/2025\\\/07\\\/29\\\/erzincanda-hasat-basladi-ciftcinin-yuzu-guldu\\\/\"},\"wordCount\":239,\"commentCount\":0,\"publisher\":{\"@id\":\"https:\\\/\\\/memurunsesi.net\\\/#organization\"},\"image\":{\"@id\":\"https:\\\/\\\/memurunsesi.net\\\/index.php\\\/2025\\\/07\\\/29\\\/erzincanda-hasat-basladi-ciftcinin-yuzu-guldu\\\/#primaryimage\"},\"thumbnailUrl\":\"https:\\\/\\\/memurunsesi.net\\\/wp-content\\\/uploads\\\/2025\\\/07\\\/AW506410_01-scaled.jpg\",\"articleSection\":[\"T\u00fcm Haberler\"],\"inLanguage\":\"tr\",\"potentialAction\":[{\"@type\":\"CommentAction\",\"name\":\"Comment\",\"target\":[\"https:\\\/\\\/memurunsesi.net\\\/index.php\\\/2025\\\/07\\\/29\\\/erzincanda-hasat-basladi-ciftcinin-yuzu-guldu\\\/#respond\"]}]},{\"@type\":\"WebPage\",\"@id\":\"https:\\\/\\\/memurunsesi.net\\\/index.php\\\/2025\\\/07\\\/29\\\/erzincanda-hasat-basladi-ciftcinin-yuzu-guldu\\\/\",\"url\":\"https:\\\/\\\/memurunsesi.net\\\/index.php\\\/2025\\\/07\\\/29\\\/erzincanda-hasat-basladi-ciftcinin-yuzu-guldu\\\/\",\"name\":\"Erzincan\u2019da hasat ba\u015flad\u0131, \u00e7ift\u00e7inin y\u00fcz\u00fc g\u00fcld\u00fc - Memurun Sesi\",\"isPartOf\":{\"@id\":\"https:\\\/\\\/memurunsesi.net\\\/#website\"},\"primaryImageOfPage\":{\"@id\":\"https:\\\/\\\/memurunsesi.net\\\/index.php\\\/2025\\\/07\\\/29\\\/erzincanda-hasat-basladi-ciftcinin-yuzu-guldu\\\/#primaryimage\"},\"image\":{\"@id\":\"https:\\\/\\\/memurunsesi.net\\\/index.php\\\/2025\\\/07\\\/29\\\/erzincanda-hasat-basladi-ciftcinin-yuzu-guldu\\\/#primaryimage\"},\"thumbnailUrl\":\"https:\\\/\\\/memurunsesi.net\\\/wp-content\\\/uploads\\\/2025\\\/07\\\/AW506410_01-scaled.jpg\",\"datePublished\":\"2025-07-29T05:42:30+00:00\",\"breadcrumb\":{\"@id\":\"https:\\\/\\\/memurunsesi.net\\\/index.php\\\/2025\\\/07\\\/29\\\/erzincanda-hasat-basladi-ciftcinin-yuzu-guldu\\\/#breadcrumb\"},\"inLanguage\":\"tr\",\"potentialAction\":[{\"@type\":\"ReadAction\",\"target\":[\"https:\\\/\\\/memurunsesi.net\\\/index.php\\\/2025\\\/07\\\/29\\\/erzincanda-hasat-basladi-ciftcinin-yuzu-guldu\\\/\"]}]},{\"@type\":\"ImageObject\",\"inLanguage\":\"tr\",\"@id\":\"https:\\\/\\\/memurunsesi.net\\\/index.php\\\/2025\\\/07\\\/29\\\/erzincanda-hasat-basladi-ciftcinin-yuzu-guldu\\\/#primaryimage\",\"url\":\"https:\\\/\\\/memurunsesi.net\\\/wp-content\\\/uploads\\\/2025\\\/07\\\/AW506410_01-scaled.jpg\",\"contentUrl\":\"https:\\\/\\\/memurunsesi.net\\\/wp-content\\\/uploads\\\/2025\\\/07\\\/AW506410_01-scaled.jpg\",\"width\":2560,\"height\":1303,\"caption\":\"ERZ\u0130NCAN'DA HASAT BA\u015eLADI, \u00c7\u0130FT\u00c7\u0130N\u0130N Y\u00dcZ\u00dc G\u00dcLD\u00dc (AHMET AKBU\u011eA\\\/ERZ\u0130NCAN-\u0130HA) Erzincan'da bu\u011fday ve arpa hasad\u0131 ba\u015flad\u0131. Tarlalara giren bi\u00e7erd\u00f6verler, rekor hasat i\u00e7in \u00e7al\u0131\u015fmalar\u0131n\u0131 s\u00fcrd\u00fcr\u00fcyor.\"},{\"@type\":\"BreadcrumbList\",\"@id\":\"https:\\\/\\\/memurunsesi.net\\\/index.php\\\/2025\\\/07\\\/29\\\/erzincanda-hasat-basladi-ciftcinin-yuzu-guldu\\\/#breadcrumb\",\"itemListElement\":[{\"@type\":\"ListItem\",\"position\":1,\"name\":\"Anasayfa\",\"item\":\"https:\\\/\\\/memurunsesi.net\\\/\"},{\"@type\":\"ListItem\",\"position\":2,\"name\":\"Erzincan\u2019da hasat ba\u015flad\u0131, \u00e7ift\u00e7inin y\u00fcz\u00fc g\u00fcld\u00fc\"}]},{\"@type\":\"WebSite\",\"@id\":\"https:\\\/\\\/memurunsesi.net\\\/#website\",\"url\":\"https:\\\/\\\/memurunsesi.net\\\/\",\"name\":\"Memurun Sesi\",\"description\":\"G\u00fcncel ve Do\u011fru Haber\",\"publisher\":{\"@id\":\"https:\\\/\\\/memurunsesi.net\\\/#organization\"},\"potentialAction\":[{\"@type\":\"SearchAction\",\"target\":{\"@type\":\"EntryPoint\",\"urlTemplate\":\"https:\\\/\\\/memurunsesi.net\\\/?s={search_term_string}\"},\"query-input\":{\"@type\":\"PropertyValueSpecification\",\"valueRequired\":true,\"valueName\":\"search_term_string\"}}],\"inLanguage\":\"tr\"},{\"@type\":\"Organization\",\"@id\":\"https:\\\/\\\/memurunsesi.net\\\/#organization\",\"name\":\"Memurun Sesi\",\"url\":\"https:\\\/\\\/memurunsesi.net\\\/\",\"logo\":{\"@type\":\"ImageObject\",\"inLanguage\":\"tr\",\"@id\":\"https:\\\/\\\/memurunsesi.net\\\/#\\\/schema\\\/logo\\\/image\\\/\",\"url\":\"https:\\\/\\\/memurunsesi.net\\\/wp-content\\\/uploads\\\/2025\\\/11\\\/cropped-MEMURUN-SESI.png\",\"contentUrl\":\"https:\\\/\\\/memurunsesi.net\\\/wp-content\\\/uploads\\\/2025\\\/11\\\/cropped-MEMURUN-SESI.png\",\"width\":238,\"height\":57,\"caption\":\"Memurun Sesi\"},\"image\":{\"@id\":\"https:\\\/\\\/memurunsesi.net\\\/#\\\/schema\\\/logo\\\/image\\\/\"},\"sameAs\":[\"https:\\\/\\\/www.facebook.com\\\/unipersen\\\/?locale=tr_TR\",\"https:\\\/\\\/x.com\\\/unipersen\"]},{\"@type\":\"Person\",\"@id\":\"https:\\\/\\\/memurunsesi.net\\\/#\\\/schema\\\/person\\\/f21c2d73b89f6ee1d80b0a1803e38587\",\"name\":\"Memurun Sesi Haber Merkezi\",\"image\":{\"@type\":\"ImageObject\",\"inLanguage\":\"tr\",\"@id\":\"https:\\\/\\\/secure.gravatar.com\\\/avatar\\\/6cf0505f452ee753f485014986fab09a434671d2b919ee76fc541025c5876a70?s=96&d=mm&r=g\",\"url\":\"https:\\\/\\\/secure.gravatar.com\\\/avatar\\\/6cf0505f452ee753f485014986fab09a434671d2b919ee76fc541025c5876a70?s=96&d=mm&r=g\",\"contentUrl\":\"https:\\\/\\\/secure.gravatar.com\\\/avatar\\\/6cf0505f452ee753f485014986fab09a434671d2b919ee76fc541025c5876a70?s=96&d=mm&r=g\",\"caption\":\"Memurun Sesi Haber Merkezi\"},\"sameAs\":[\"https:\\\/\\\/memurunsesi.net\"],\"url\":\"https:\\\/\\\/memurunsesi.net\\\/index.php\\\/author\\\/uniper\\\/\"}]}<\/script>\n<!-- \/ Yoast SEO plugin. -->","yoast_head_json":{"title":"Erzincan\u2019da hasat ba\u015flad\u0131, \u00e7ift\u00e7inin y\u00fcz\u00fc g\u00fcld\u00fc - Memurun Sesi","robots":{"index":"index","follow":"follow","max-snippet":"max-snippet:-1","max-image-preview":"max-image-preview:large","max-video-preview":"max-video-preview:-1"},"canonical":"https:\/\/memurunsesi.net\/index.php\/2025\/07\/29\/erzincanda-hasat-basladi-ciftcinin-yuzu-guldu\/","og_locale":"tr_TR","og_type":"article","og_title":"Erzincan\u2019da hasat ba\u015flad\u0131, \u00e7ift\u00e7inin y\u00fcz\u00fc g\u00fcld\u00fc - Memurun Sesi","og_description":"Erzincan\u2019da bu\u011fday ve arpa hasad\u0131 ba\u015flad\u0131. Tarlalara giren bi\u00e7erd\u00f6verler, rekor hasat i\u00e7in \u00e7al\u0131\u015fmalar\u0131n\u0131 s\u00fcrd\u00fcr\u00fcyor. Erzincan\u2019da hububat hasad\u0131 ba\u015flad\u0131. Kentte bi\u00e7erd\u00f6verler tarlalara girerek bu\u011fday ve arpa hasad\u0131na ba\u015flad\u0131. Erzincanl\u0131 \u00e7ift\u00e7ilerin bu y\u0131lki beklentisi de olduk\u00e7a y\u00fcksek. \u00dcreticilerin bir y\u0131ll\u0131k eme\u011fin kar\u015f\u0131l\u0131\u011f\u0131n\u0131 almaya ba\u015flad\u0131\u011f\u0131n\u0131 ifade eden Ufuk \u00c7al\u0131\u015fkan, &#8220;Erzincan bu sene hem bu\u011fdayda hem arpada hem de [&hellip;]","og_url":"https:\/\/memurunsesi.net\/index.php\/2025\/07\/29\/erzincanda-hasat-basladi-ciftcinin-yuzu-guldu\/","og_site_name":"Memurun Sesi","article_publisher":"https:\/\/www.facebook.com\/unipersen\/?locale=tr_TR","article_published_time":"2025-07-29T05:42:30+00:00","og_image":[{"width":2560,"height":1303,"url":"https:\/\/memurunsesi.net\/wp-content\/uploads\/2025\/07\/AW506410_01-scaled.jpg","type":"image\/jpeg"}],"author":"Memurun Sesi Haber Merkezi","twitter_card":"summary_large_image","twitter_creator":"@unipersen","twitter_site":"@unipersen","twitter_misc":{"Yazan:":"Memurun Sesi Haber Merkezi","Tahmini okuma s\u00fcresi":"1 dakika"},"schema":{"@context":"https:\/\/schema.org","@graph":[{"@type":"Article","@id":"https:\/\/memurunsesi.net\/index.php\/2025\/07\/29\/erzincanda-hasat-basladi-ciftcinin-yuzu-guldu\/#article","isPartOf":{"@id":"https:\/\/memurunsesi.net\/index.php\/2025\/07\/29\/erzincanda-hasat-basladi-ciftcinin-yuzu-guldu\/"},"author":{"name":"Memurun Sesi Haber Merkezi","@id":"https:\/\/memurunsesi.net\/#\/schema\/person\/f21c2d73b89f6ee1d80b0a1803e38587"},"headline":"Erzincan\u2019da hasat ba\u015flad\u0131, \u00e7ift\u00e7inin y\u00fcz\u00fc g\u00fcld\u00fc","datePublished":"2025-07-29T05:42:30+00:00","mainEntityOfPage":{"@id":"https:\/\/memurunsesi.net\/index.php\/2025\/07\/29\/erzincanda-hasat-basladi-ciftcinin-yuzu-guldu\/"},"wordCount":239,"commentCount":0,"publisher":{"@id":"https:\/\/memurunsesi.net\/#organization"},"image":{"@id":"https:\/\/memurunsesi.net\/index.php\/2025\/07\/29\/erzincanda-hasat-basladi-ciftcinin-yuzu-guldu\/#primaryimage"},"thumbnailUrl":"https:\/\/memurunsesi.net\/wp-content\/uploads\/2025\/07\/AW506410_01-scaled.jpg","articleSection":["T\u00fcm Haberler"],"inLanguage":"tr","potentialAction":[{"@type":"CommentAction","name":"Comment","target":["https:\/\/memurunsesi.net\/index.php\/2025\/07\/29\/erzincanda-hasat-basladi-ciftcinin-yuzu-guldu\/#respond"]}]},{"@type":"WebPage","@id":"https:\/\/memurunsesi.net\/index.php\/2025\/07\/29\/erzincanda-hasat-basladi-ciftcinin-yuzu-guldu\/","url":"https:\/\/memurunsesi.net\/index.php\/2025\/07\/29\/erzincanda-hasat-basladi-ciftcinin-yuzu-guldu\/","name":"Erzincan\u2019da hasat ba\u015flad\u0131, \u00e7ift\u00e7inin y\u00fcz\u00fc g\u00fcld\u00fc - Memurun Sesi","isPartOf":{"@id":"https:\/\/memurunsesi.net\/#website"},"primaryImageOfPage":{"@id":"https:\/\/memurunsesi.net\/index.php\/2025\/07\/29\/erzincanda-hasat-basladi-ciftcinin-yuzu-guldu\/#primaryimage"},"image":{"@id":"https:\/\/memurunsesi.net\/index.php\/2025\/07\/29\/erzincanda-hasat-basladi-ciftcinin-yuzu-guldu\/#primaryimage"},"thumbnailUrl":"https:\/\/memurunsesi.net\/wp-content\/uploads\/2025\/07\/AW506410_01-scaled.jpg","datePublished":"2025-07-29T05:42:30+00:00","breadcrumb":{"@id":"https:\/\/memurunsesi.net\/index.php\/2025\/07\/29\/erzincanda-hasat-basladi-ciftcinin-yuzu-guldu\/#breadcrumb"},"inLanguage":"tr","potentialAction":[{"@type":"ReadAction","target":["https:\/\/memurunsesi.net\/index.php\/2025\/07\/29\/erzincanda-hasat-basladi-ciftcinin-yuzu-guldu\/"]}]},{"@type":"ImageObject","inLanguage":"tr","@id":"https:\/\/memurunsesi.net\/index.php\/2025\/07\/29\/erzincanda-hasat-basladi-ciftcinin-yuzu-guldu\/#primaryimage","url":"https:\/\/memurunsesi.net\/wp-content\/uploads\/2025\/07\/AW506410_01-scaled.jpg","contentUrl":"https:\/\/memurunsesi.net\/wp-content\/uploads\/2025\/07\/AW506410_01-scaled.jpg","width":2560,"height":1303,"caption":"ERZ\u0130NCAN'DA HASAT BA\u015eLADI, \u00c7\u0130FT\u00c7\u0130N\u0130N Y\u00dcZ\u00dc G\u00dcLD\u00dc (AHMET AKBU\u011eA\/ERZ\u0130NCAN-\u0130HA) Erzincan'da bu\u011fday ve arpa hasad\u0131 ba\u015flad\u0131. Tarlalara giren bi\u00e7erd\u00f6verler, rekor hasat i\u00e7in \u00e7al\u0131\u015fmalar\u0131n\u0131 s\u00fcrd\u00fcr\u00fcyor."},{"@type":"BreadcrumbList","@id":"https:\/\/memurunsesi.net\/index.php\/2025\/07\/29\/erzincanda-hasat-basladi-ciftcinin-yuzu-guldu\/#breadcrumb","itemListElement":[{"@type":"ListItem","position":1,"name":"Anasayfa","item":"https:\/\/memurunsesi.net\/"},{"@type":"ListItem","position":2,"name":"Erzincan\u2019da hasat ba\u015flad\u0131, \u00e7ift\u00e7inin y\u00fcz\u00fc g\u00fcld\u00fc"}]},{"@type":"WebSite","@id":"https:\/\/memurunsesi.net\/#website","url":"https:\/\/memurunsesi.net\/","name":"Memurun Sesi","description":"G\u00fcncel ve Do\u011fru Haber","publisher":{"@id":"https:\/\/memurunsesi.net\/#organization"},"potentialAction":[{"@type":"SearchAction","target":{"@type":"EntryPoint","urlTemplate":"https:\/\/memurunsesi.net\/?s={search_term_string}"},"query-input":{"@type":"PropertyValueSpecification","valueRequired":true,"valueName":"search_term_string"}}],"inLanguage":"tr"},{"@type":"Organization","@id":"https:\/\/memurunsesi.net\/#organization","name":"Memurun Sesi","url":"https:\/\/memurunsesi.net\/","logo":{"@type":"ImageObject","inLanguage":"tr","@id":"https:\/\/memurunsesi.net\/#\/schema\/logo\/image\/","url":"https:\/\/memurunsesi.net\/wp-content\/uploads\/2025\/11\/cropped-MEMURUN-SESI.png","contentUrl":"https:\/\/memurunsesi.net\/wp-content\/uploads\/2025\/11\/cropped-MEMURUN-SESI.png","width":238,"height":57,"caption":"Memurun Sesi"},"image":{"@id":"https:\/\/memurunsesi.net\/#\/schema\/logo\/image\/"},"sameAs":["https:\/\/www.facebook.com\/unipersen\/?locale=tr_TR","https:\/\/x.com\/unipersen"]},{"@type":"Person","@id":"https:\/\/memurunsesi.net\/#\/schema\/person\/f21c2d73b89f6ee1d80b0a1803e38587","name":"Memurun Sesi Haber Merkezi","image":{"@type":"ImageObject","inLanguage":"tr","@id":"https:\/\/secure.gravatar.com\/avatar\/6cf0505f452ee753f485014986fab09a434671d2b919ee76fc541025c5876a70?s=96&d=mm&r=g","url":"https:\/\/secure.gravatar.com\/avatar\/6cf0505f452ee753f485014986fab09a434671d2b919ee76fc541025c5876a70?s=96&d=mm&r=g","contentUrl":"https:\/\/secure.gravatar.com\/avatar\/6cf0505f452ee753f485014986fab09a434671d2b919ee76fc541025c5876a70?s=96&d=mm&r=g","caption":"Memurun Sesi Haber Merkezi"},"sameAs":["https:\/\/memurunsesi.net"],"url":"https:\/\/memurunsesi.net\/index.php\/author\/uniper\/"}]}},"_links":{"self":[{"href":"https:\/\/memurunsesi.net\/index.php\/wp-json\/wp\/v2\/posts\/9795","targetHints":{"allow":["GET"]}}],"collection":[{"href":"https:\/\/memurunsesi.net\/index.php\/wp-json\/wp\/v2\/posts"}],"about":[{"href":"https:\/\/memurunsesi.net\/index.php\/wp-json\/wp\/v2\/types\/post"}],"author":[{"embeddable":true,"href":"https:\/\/memurunsesi.net\/index.php\/wp-json\/wp\/v2\/users\/1"}],"replies":[{"embeddable":true,"href":"https:\/\/memurunsesi.net\/index.php\/wp-json\/wp\/v2\/comments?post=9795"}],"version-history":[{"count":1,"href":"https:\/\/memurunsesi.net\/index.php\/wp-json\/wp\/v2\/posts\/9795\/revisions"}],"predecessor-version":[{"id":9797,"href":"https:\/\/memurunsesi.net\/index.php\/wp-json\/wp\/v2\/posts\/9795\/revisions\/9797"}],"wp:featuredmedia":[{"embeddable":true,"href":"https:\/\/memurunsesi.net\/index.php\/wp-json\/wp\/v2\/media\/9796"}],"wp:attachment":[{"href":"https:\/\/memurunsesi.net\/index.php\/wp-json\/wp\/v2\/media?parent=9795"}],"wp:term":[{"taxonomy":"category","embeddable":true,"href":"https:\/\/memurunsesi.net\/index.php\/wp-json\/wp\/v2\/categories?post=9795"},{"taxonomy":"post_tag","embeddable":true,"href":"https:\/\/memurunsesi.net\/index.php\/wp-json\/wp\/v2\/tags?post=9795"}],"curies":[{"name":"wp","href":"https:\/\/api.w.org\/{rel}","templated":true}]}}