{"id":9804,"date":"2025-07-29T08:46:47","date_gmt":"2025-07-29T05:46:47","guid":{"rendered":"https:\/\/memurunsesi.net\/?p=9804"},"modified":"2025-07-29T08:46:47","modified_gmt":"2025-07-29T05:46:47","slug":"beypazarinda-orman-yanginina-karsi-mucadele","status":"publish","type":"post","link":"https:\/\/memurunsesi.net\/index.php\/2025\/07\/29\/beypazarinda-orman-yanginina-karsi-mucadele\/","title":{"rendered":"Beypazar\u0131&#8217;nda orman yang\u0131n\u0131na kar\u015f\u0131 m\u00fccadele"},"content":{"rendered":"<p>  Beypazar\u0131 Kaymakaml\u0131\u011f\u0131 taraf\u0131ndan orman yang\u0131nlar\u0131 ile m\u00fccadele etmek i\u00e7in \u00e7al\u0131\u015fma ba\u015flat\u0131ld\u0131.<br \/>\nOrman yang\u0131nlar\u0131na kar\u015f\u0131 ba\u015flat\u0131lan m\u00fccadele kapsam\u0131nda \u0130l\u00e7e Orman \u0130\u015fletme \u015eefli\u011fi ve \u0130l\u00e7e Jandarma Komutanl\u0131\u011f\u0131 taraf\u0131ndan ormanl\u0131k alanlarda d\u00fczenli olarak dron \u00e7ekimleri ile \u00e7evre foto\u011fraflamas\u0131 ve denetimler yap\u0131l\u0131yor. Ayr\u0131ca 26 Temmuz 2025 ile 30 A\u011fustos 2025 tarihleri aras\u0131nda ge\u00e7erli olan &#8220;Mangal ve Ate\u015fli Piknik Yasa\u011f\u0131na&#8221; ayk\u0131r\u0131 durumlar\u0131n tespit edilerek, engellendi\u011fi ifade edildi.<br \/>\n  \u0130l\u00e7e Do\u011fa Koruma ve Milli Parklar \u015eefli\u011fi taraf\u0131ndan Tekke Da\u011f\u0131 Tabiat Park\u0131 ve Kelebekler Vadisi Tabiat Park\u0131 \u00e7evresinde devriye gezilerek, piknik i\u00e7in gelen ziyaret\u00e7iler &#8220;Mangal ve Ate\u015fli Piknik Yasa\u011f\u0131&#8221; konusunda bilgilendirilme yap\u0131ld\u0131. Ayr\u0131ca orman yang\u0131nlar\u0131na kar\u015f\u0131 Beypazar\u0131 \u0130l\u00e7e Emniyet M\u00fcd\u00fcrl\u00fc\u011f\u00fc devriye ekipleri taraf\u0131ndan, il\u00e7e merkezinde belirli noktalarda d\u00fczenli olarak g\u00f6zlem yap\u0131larak, riskli g\u00f6r\u00fclen durumlara m\u00fcdahale edildi\u011fi belirtildi. <\/p>\n<p>29.07.2025                            <\/p>\n","protected":false},"excerpt":{"rendered":"<p>Beypazar\u0131 Kaymakaml\u0131\u011f\u0131 taraf\u0131ndan orman yang\u0131nlar\u0131 ile m\u00fccadele etmek i\u00e7in \u00e7al\u0131\u015fma ba\u015flat\u0131ld\u0131. Orman yang\u0131nlar\u0131na kar\u015f\u0131 ba\u015flat\u0131lan m\u00fccadele kapsam\u0131nda \u0130l\u00e7e Orman \u0130\u015fletme \u015eefli\u011fi ve \u0130l\u00e7e Jandarma Komutanl\u0131\u011f\u0131 taraf\u0131ndan ormanl\u0131k alanlarda d\u00fczenli olarak dron \u00e7ekimleri ile \u00e7evre foto\u011fraflamas\u0131 ve denetimler yap\u0131l\u0131yor. Ayr\u0131ca 26 Temmuz 2025 ile 30 A\u011fustos 2025 tarihleri aras\u0131nda ge\u00e7erli olan &#8220;Mangal ve Ate\u015fli Piknik Yasa\u011f\u0131na&#8221; [&hellip;]<\/p>\n","protected":false},"author":1,"featured_media":9805,"comment_status":"open","ping_status":"open","sticky":false,"template":"","format":"standard","meta":{"footnotes":""},"categories":[1],"tags":[],"class_list":["post-9804","post","type-post","status-publish","format-standard","has-post-thumbnail","hentry","category-genel"],"yoast_head":"<!-- This site is optimized with the Yoast SEO plugin v27.4 - https:\/\/yoast.com\/product\/yoast-seo-wordpress\/ -->\n<title>Beypazar\u0131&#039;nda orman yang\u0131n\u0131na kar\u015f\u0131 m\u00fccadele - Memurun Sesi<\/title>\n<meta name=\"robots\" content=\"index, follow, max-snippet:-1, max-image-preview:large, max-video-preview:-1\" \/>\n<link rel=\"canonical\" href=\"https:\/\/memurunsesi.net\/index.php\/2025\/07\/29\/beypazarinda-orman-yanginina-karsi-mucadele\/\" \/>\n<meta property=\"og:locale\" content=\"tr_TR\" \/>\n<meta property=\"og:type\" content=\"article\" \/>\n<meta property=\"og:title\" content=\"Beypazar\u0131&#039;nda orman yang\u0131n\u0131na kar\u015f\u0131 m\u00fccadele - Memurun Sesi\" \/>\n<meta property=\"og:description\" content=\"Beypazar\u0131 Kaymakaml\u0131\u011f\u0131 taraf\u0131ndan orman yang\u0131nlar\u0131 ile m\u00fccadele etmek i\u00e7in \u00e7al\u0131\u015fma ba\u015flat\u0131ld\u0131. Orman yang\u0131nlar\u0131na kar\u015f\u0131 ba\u015flat\u0131lan m\u00fccadele kapsam\u0131nda \u0130l\u00e7e Orman \u0130\u015fletme \u015eefli\u011fi ve \u0130l\u00e7e Jandarma Komutanl\u0131\u011f\u0131 taraf\u0131ndan ormanl\u0131k alanlarda d\u00fczenli olarak dron \u00e7ekimleri ile \u00e7evre foto\u011fraflamas\u0131 ve denetimler yap\u0131l\u0131yor. Ayr\u0131ca 26 Temmuz 2025 ile 30 A\u011fustos 2025 tarihleri aras\u0131nda ge\u00e7erli olan &#8220;Mangal ve Ate\u015fli Piknik Yasa\u011f\u0131na&#8221; [&hellip;]\" \/>\n<meta property=\"og:url\" content=\"https:\/\/memurunsesi.net\/index.php\/2025\/07\/29\/beypazarinda-orman-yanginina-karsi-mucadele\/\" \/>\n<meta property=\"og:site_name\" content=\"Memurun Sesi\" \/>\n<meta property=\"article:publisher\" content=\"https:\/\/www.facebook.com\/unipersen\/?locale=tr_TR\" \/>\n<meta property=\"article:published_time\" content=\"2025-07-29T05:46:47+00:00\" \/>\n<meta property=\"og:image\" content=\"https:\/\/memurunsesi.net\/wp-content\/uploads\/2025\/07\/AW506396_04.jpg\" \/>\n\t<meta property=\"og:image:width\" content=\"1600\" \/>\n\t<meta property=\"og:image:height\" content=\"1200\" \/>\n\t<meta property=\"og:image:type\" content=\"image\/jpeg\" \/>\n<meta name=\"author\" content=\"Memurun Sesi Haber Merkezi\" \/>\n<meta name=\"twitter:card\" content=\"summary_large_image\" \/>\n<meta name=\"twitter:creator\" content=\"@unipersen\" \/>\n<meta name=\"twitter:site\" content=\"@unipersen\" \/>\n<meta name=\"twitter:label1\" content=\"Yazan:\" \/>\n\t<meta name=\"twitter:data1\" content=\"Memurun Sesi Haber Merkezi\" \/>\n\t<meta name=\"twitter:label2\" content=\"Tahmini okuma s\u00fcresi\" \/>\n\t<meta name=\"twitter:data2\" content=\"1 dakika\" \/>\n<script type=\"application\/ld+json\" class=\"yoast-schema-graph\">{\"@context\":\"https:\\\/\\\/schema.org\",\"@graph\":[{\"@type\":\"Article\",\"@id\":\"https:\\\/\\\/memurunsesi.net\\\/index.php\\\/2025\\\/07\\\/29\\\/beypazarinda-orman-yanginina-karsi-mucadele\\\/#article\",\"isPartOf\":{\"@id\":\"https:\\\/\\\/memurunsesi.net\\\/index.php\\\/2025\\\/07\\\/29\\\/beypazarinda-orman-yanginina-karsi-mucadele\\\/\"},\"author\":{\"name\":\"Memurun Sesi Haber Merkezi\",\"@id\":\"https:\\\/\\\/memurunsesi.net\\\/#\\\/schema\\\/person\\\/f21c2d73b89f6ee1d80b0a1803e38587\"},\"headline\":\"Beypazar\u0131&#8217;nda orman yang\u0131n\u0131na kar\u015f\u0131 m\u00fccadele\",\"datePublished\":\"2025-07-29T05:46:47+00:00\",\"mainEntityOfPage\":{\"@id\":\"https:\\\/\\\/memurunsesi.net\\\/index.php\\\/2025\\\/07\\\/29\\\/beypazarinda-orman-yanginina-karsi-mucadele\\\/\"},\"wordCount\":178,\"commentCount\":0,\"publisher\":{\"@id\":\"https:\\\/\\\/memurunsesi.net\\\/#organization\"},\"image\":{\"@id\":\"https:\\\/\\\/memurunsesi.net\\\/index.php\\\/2025\\\/07\\\/29\\\/beypazarinda-orman-yanginina-karsi-mucadele\\\/#primaryimage\"},\"thumbnailUrl\":\"https:\\\/\\\/memurunsesi.net\\\/wp-content\\\/uploads\\\/2025\\\/07\\\/AW506396_04.jpg\",\"inLanguage\":\"tr\",\"potentialAction\":[{\"@type\":\"CommentAction\",\"name\":\"Comment\",\"target\":[\"https:\\\/\\\/memurunsesi.net\\\/index.php\\\/2025\\\/07\\\/29\\\/beypazarinda-orman-yanginina-karsi-mucadele\\\/#respond\"]}]},{\"@type\":\"WebPage\",\"@id\":\"https:\\\/\\\/memurunsesi.net\\\/index.php\\\/2025\\\/07\\\/29\\\/beypazarinda-orman-yanginina-karsi-mucadele\\\/\",\"url\":\"https:\\\/\\\/memurunsesi.net\\\/index.php\\\/2025\\\/07\\\/29\\\/beypazarinda-orman-yanginina-karsi-mucadele\\\/\",\"name\":\"Beypazar\u0131'nda orman yang\u0131n\u0131na kar\u015f\u0131 m\u00fccadele - Memurun Sesi\",\"isPartOf\":{\"@id\":\"https:\\\/\\\/memurunsesi.net\\\/#website\"},\"primaryImageOfPage\":{\"@id\":\"https:\\\/\\\/memurunsesi.net\\\/index.php\\\/2025\\\/07\\\/29\\\/beypazarinda-orman-yanginina-karsi-mucadele\\\/#primaryimage\"},\"image\":{\"@id\":\"https:\\\/\\\/memurunsesi.net\\\/index.php\\\/2025\\\/07\\\/29\\\/beypazarinda-orman-yanginina-karsi-mucadele\\\/#primaryimage\"},\"thumbnailUrl\":\"https:\\\/\\\/memurunsesi.net\\\/wp-content\\\/uploads\\\/2025\\\/07\\\/AW506396_04.jpg\",\"datePublished\":\"2025-07-29T05:46:47+00:00\",\"breadcrumb\":{\"@id\":\"https:\\\/\\\/memurunsesi.net\\\/index.php\\\/2025\\\/07\\\/29\\\/beypazarinda-orman-yanginina-karsi-mucadele\\\/#breadcrumb\"},\"inLanguage\":\"tr\",\"potentialAction\":[{\"@type\":\"ReadAction\",\"target\":[\"https:\\\/\\\/memurunsesi.net\\\/index.php\\\/2025\\\/07\\\/29\\\/beypazarinda-orman-yanginina-karsi-mucadele\\\/\"]}]},{\"@type\":\"ImageObject\",\"inLanguage\":\"tr\",\"@id\":\"https:\\\/\\\/memurunsesi.net\\\/index.php\\\/2025\\\/07\\\/29\\\/beypazarinda-orman-yanginina-karsi-mucadele\\\/#primaryimage\",\"url\":\"https:\\\/\\\/memurunsesi.net\\\/wp-content\\\/uploads\\\/2025\\\/07\\\/AW506396_04.jpg\",\"contentUrl\":\"https:\\\/\\\/memurunsesi.net\\\/wp-content\\\/uploads\\\/2025\\\/07\\\/AW506396_04.jpg\",\"width\":1600,\"height\":1200,\"caption\":\"BEYPAZARI KAYMAKAMLI\u011eI TARAFINDAN ORMAN YANGINLARI \u0130LE M\u00dcCADELE ETMEK \u0130\u00c7\u0130N \u00c7ALI\u015eMA BA\u015eLATILDI. (\u0130HA\\\/ANKARA-\u0130HA) Beypazar\u0131 Kaymakaml\u0131\u011f\u0131 taraf\u0131ndan orman yang\u0131nlar\u0131 ile m\u00fccadele etmek i\u00e7in \u00e7al\u0131\u015fma ba\u015flat\u0131ld\u0131.\"},{\"@type\":\"BreadcrumbList\",\"@id\":\"https:\\\/\\\/memurunsesi.net\\\/index.php\\\/2025\\\/07\\\/29\\\/beypazarinda-orman-yanginina-karsi-mucadele\\\/#breadcrumb\",\"itemListElement\":[{\"@type\":\"ListItem\",\"position\":1,\"name\":\"Anasayfa\",\"item\":\"https:\\\/\\\/memurunsesi.net\\\/\"},{\"@type\":\"ListItem\",\"position\":2,\"name\":\"Beypazar\u0131&#8217;nda orman yang\u0131n\u0131na kar\u015f\u0131 m\u00fccadele\"}]},{\"@type\":\"WebSite\",\"@id\":\"https:\\\/\\\/memurunsesi.net\\\/#website\",\"url\":\"https:\\\/\\\/memurunsesi.net\\\/\",\"name\":\"Memurun Sesi\",\"description\":\"G\u00fcncel ve Do\u011fru Haber\",\"publisher\":{\"@id\":\"https:\\\/\\\/memurunsesi.net\\\/#organization\"},\"potentialAction\":[{\"@type\":\"SearchAction\",\"target\":{\"@type\":\"EntryPoint\",\"urlTemplate\":\"https:\\\/\\\/memurunsesi.net\\\/?s={search_term_string}\"},\"query-input\":{\"@type\":\"PropertyValueSpecification\",\"valueRequired\":true,\"valueName\":\"search_term_string\"}}],\"inLanguage\":\"tr\"},{\"@type\":\"Organization\",\"@id\":\"https:\\\/\\\/memurunsesi.net\\\/#organization\",\"name\":\"Memurun Sesi\",\"url\":\"https:\\\/\\\/memurunsesi.net\\\/\",\"logo\":{\"@type\":\"ImageObject\",\"inLanguage\":\"tr\",\"@id\":\"https:\\\/\\\/memurunsesi.net\\\/#\\\/schema\\\/logo\\\/image\\\/\",\"url\":\"https:\\\/\\\/memurunsesi.net\\\/wp-content\\\/uploads\\\/2025\\\/11\\\/cropped-MEMURUN-SESI.png\",\"contentUrl\":\"https:\\\/\\\/memurunsesi.net\\\/wp-content\\\/uploads\\\/2025\\\/11\\\/cropped-MEMURUN-SESI.png\",\"width\":238,\"height\":57,\"caption\":\"Memurun Sesi\"},\"image\":{\"@id\":\"https:\\\/\\\/memurunsesi.net\\\/#\\\/schema\\\/logo\\\/image\\\/\"},\"sameAs\":[\"https:\\\/\\\/www.facebook.com\\\/unipersen\\\/?locale=tr_TR\",\"https:\\\/\\\/x.com\\\/unipersen\"]},{\"@type\":\"Person\",\"@id\":\"https:\\\/\\\/memurunsesi.net\\\/#\\\/schema\\\/person\\\/f21c2d73b89f6ee1d80b0a1803e38587\",\"name\":\"Memurun Sesi Haber Merkezi\",\"image\":{\"@type\":\"ImageObject\",\"inLanguage\":\"tr\",\"@id\":\"https:\\\/\\\/secure.gravatar.com\\\/avatar\\\/6cf0505f452ee753f485014986fab09a434671d2b919ee76fc541025c5876a70?s=96&d=mm&r=g\",\"url\":\"https:\\\/\\\/secure.gravatar.com\\\/avatar\\\/6cf0505f452ee753f485014986fab09a434671d2b919ee76fc541025c5876a70?s=96&d=mm&r=g\",\"contentUrl\":\"https:\\\/\\\/secure.gravatar.com\\\/avatar\\\/6cf0505f452ee753f485014986fab09a434671d2b919ee76fc541025c5876a70?s=96&d=mm&r=g\",\"caption\":\"Memurun Sesi Haber Merkezi\"},\"sameAs\":[\"https:\\\/\\\/memurunsesi.net\"],\"url\":\"https:\\\/\\\/memurunsesi.net\\\/index.php\\\/author\\\/uniper\\\/\"}]}<\/script>\n<!-- \/ Yoast SEO plugin. -->","yoast_head_json":{"title":"Beypazar\u0131'nda orman yang\u0131n\u0131na kar\u015f\u0131 m\u00fccadele - Memurun Sesi","robots":{"index":"index","follow":"follow","max-snippet":"max-snippet:-1","max-image-preview":"max-image-preview:large","max-video-preview":"max-video-preview:-1"},"canonical":"https:\/\/memurunsesi.net\/index.php\/2025\/07\/29\/beypazarinda-orman-yanginina-karsi-mucadele\/","og_locale":"tr_TR","og_type":"article","og_title":"Beypazar\u0131'nda orman yang\u0131n\u0131na kar\u015f\u0131 m\u00fccadele - Memurun Sesi","og_description":"Beypazar\u0131 Kaymakaml\u0131\u011f\u0131 taraf\u0131ndan orman yang\u0131nlar\u0131 ile m\u00fccadele etmek i\u00e7in \u00e7al\u0131\u015fma ba\u015flat\u0131ld\u0131. Orman yang\u0131nlar\u0131na kar\u015f\u0131 ba\u015flat\u0131lan m\u00fccadele kapsam\u0131nda \u0130l\u00e7e Orman \u0130\u015fletme \u015eefli\u011fi ve \u0130l\u00e7e Jandarma Komutanl\u0131\u011f\u0131 taraf\u0131ndan ormanl\u0131k alanlarda d\u00fczenli olarak dron \u00e7ekimleri ile \u00e7evre foto\u011fraflamas\u0131 ve denetimler yap\u0131l\u0131yor. Ayr\u0131ca 26 Temmuz 2025 ile 30 A\u011fustos 2025 tarihleri aras\u0131nda ge\u00e7erli olan &#8220;Mangal ve Ate\u015fli Piknik Yasa\u011f\u0131na&#8221; [&hellip;]","og_url":"https:\/\/memurunsesi.net\/index.php\/2025\/07\/29\/beypazarinda-orman-yanginina-karsi-mucadele\/","og_site_name":"Memurun Sesi","article_publisher":"https:\/\/www.facebook.com\/unipersen\/?locale=tr_TR","article_published_time":"2025-07-29T05:46:47+00:00","og_image":[{"width":1600,"height":1200,"url":"https:\/\/memurunsesi.net\/wp-content\/uploads\/2025\/07\/AW506396_04.jpg","type":"image\/jpeg"}],"author":"Memurun Sesi Haber Merkezi","twitter_card":"summary_large_image","twitter_creator":"@unipersen","twitter_site":"@unipersen","twitter_misc":{"Yazan:":"Memurun Sesi Haber Merkezi","Tahmini okuma s\u00fcresi":"1 dakika"},"schema":{"@context":"https:\/\/schema.org","@graph":[{"@type":"Article","@id":"https:\/\/memurunsesi.net\/index.php\/2025\/07\/29\/beypazarinda-orman-yanginina-karsi-mucadele\/#article","isPartOf":{"@id":"https:\/\/memurunsesi.net\/index.php\/2025\/07\/29\/beypazarinda-orman-yanginina-karsi-mucadele\/"},"author":{"name":"Memurun Sesi Haber Merkezi","@id":"https:\/\/memurunsesi.net\/#\/schema\/person\/f21c2d73b89f6ee1d80b0a1803e38587"},"headline":"Beypazar\u0131&#8217;nda orman yang\u0131n\u0131na kar\u015f\u0131 m\u00fccadele","datePublished":"2025-07-29T05:46:47+00:00","mainEntityOfPage":{"@id":"https:\/\/memurunsesi.net\/index.php\/2025\/07\/29\/beypazarinda-orman-yanginina-karsi-mucadele\/"},"wordCount":178,"commentCount":0,"publisher":{"@id":"https:\/\/memurunsesi.net\/#organization"},"image":{"@id":"https:\/\/memurunsesi.net\/index.php\/2025\/07\/29\/beypazarinda-orman-yanginina-karsi-mucadele\/#primaryimage"},"thumbnailUrl":"https:\/\/memurunsesi.net\/wp-content\/uploads\/2025\/07\/AW506396_04.jpg","inLanguage":"tr","potentialAction":[{"@type":"CommentAction","name":"Comment","target":["https:\/\/memurunsesi.net\/index.php\/2025\/07\/29\/beypazarinda-orman-yanginina-karsi-mucadele\/#respond"]}]},{"@type":"WebPage","@id":"https:\/\/memurunsesi.net\/index.php\/2025\/07\/29\/beypazarinda-orman-yanginina-karsi-mucadele\/","url":"https:\/\/memurunsesi.net\/index.php\/2025\/07\/29\/beypazarinda-orman-yanginina-karsi-mucadele\/","name":"Beypazar\u0131'nda orman yang\u0131n\u0131na kar\u015f\u0131 m\u00fccadele - Memurun Sesi","isPartOf":{"@id":"https:\/\/memurunsesi.net\/#website"},"primaryImageOfPage":{"@id":"https:\/\/memurunsesi.net\/index.php\/2025\/07\/29\/beypazarinda-orman-yanginina-karsi-mucadele\/#primaryimage"},"image":{"@id":"https:\/\/memurunsesi.net\/index.php\/2025\/07\/29\/beypazarinda-orman-yanginina-karsi-mucadele\/#primaryimage"},"thumbnailUrl":"https:\/\/memurunsesi.net\/wp-content\/uploads\/2025\/07\/AW506396_04.jpg","datePublished":"2025-07-29T05:46:47+00:00","breadcrumb":{"@id":"https:\/\/memurunsesi.net\/index.php\/2025\/07\/29\/beypazarinda-orman-yanginina-karsi-mucadele\/#breadcrumb"},"inLanguage":"tr","potentialAction":[{"@type":"ReadAction","target":["https:\/\/memurunsesi.net\/index.php\/2025\/07\/29\/beypazarinda-orman-yanginina-karsi-mucadele\/"]}]},{"@type":"ImageObject","inLanguage":"tr","@id":"https:\/\/memurunsesi.net\/index.php\/2025\/07\/29\/beypazarinda-orman-yanginina-karsi-mucadele\/#primaryimage","url":"https:\/\/memurunsesi.net\/wp-content\/uploads\/2025\/07\/AW506396_04.jpg","contentUrl":"https:\/\/memurunsesi.net\/wp-content\/uploads\/2025\/07\/AW506396_04.jpg","width":1600,"height":1200,"caption":"BEYPAZARI KAYMAKAMLI\u011eI TARAFINDAN ORMAN YANGINLARI \u0130LE M\u00dcCADELE ETMEK \u0130\u00c7\u0130N \u00c7ALI\u015eMA BA\u015eLATILDI. (\u0130HA\/ANKARA-\u0130HA) Beypazar\u0131 Kaymakaml\u0131\u011f\u0131 taraf\u0131ndan orman yang\u0131nlar\u0131 ile m\u00fccadele etmek i\u00e7in \u00e7al\u0131\u015fma ba\u015flat\u0131ld\u0131."},{"@type":"BreadcrumbList","@id":"https:\/\/memurunsesi.net\/index.php\/2025\/07\/29\/beypazarinda-orman-yanginina-karsi-mucadele\/#breadcrumb","itemListElement":[{"@type":"ListItem","position":1,"name":"Anasayfa","item":"https:\/\/memurunsesi.net\/"},{"@type":"ListItem","position":2,"name":"Beypazar\u0131&#8217;nda orman yang\u0131n\u0131na kar\u015f\u0131 m\u00fccadele"}]},{"@type":"WebSite","@id":"https:\/\/memurunsesi.net\/#website","url":"https:\/\/memurunsesi.net\/","name":"Memurun Sesi","description":"G\u00fcncel ve Do\u011fru Haber","publisher":{"@id":"https:\/\/memurunsesi.net\/#organization"},"potentialAction":[{"@type":"SearchAction","target":{"@type":"EntryPoint","urlTemplate":"https:\/\/memurunsesi.net\/?s={search_term_string}"},"query-input":{"@type":"PropertyValueSpecification","valueRequired":true,"valueName":"search_term_string"}}],"inLanguage":"tr"},{"@type":"Organization","@id":"https:\/\/memurunsesi.net\/#organization","name":"Memurun Sesi","url":"https:\/\/memurunsesi.net\/","logo":{"@type":"ImageObject","inLanguage":"tr","@id":"https:\/\/memurunsesi.net\/#\/schema\/logo\/image\/","url":"https:\/\/memurunsesi.net\/wp-content\/uploads\/2025\/11\/cropped-MEMURUN-SESI.png","contentUrl":"https:\/\/memurunsesi.net\/wp-content\/uploads\/2025\/11\/cropped-MEMURUN-SESI.png","width":238,"height":57,"caption":"Memurun Sesi"},"image":{"@id":"https:\/\/memurunsesi.net\/#\/schema\/logo\/image\/"},"sameAs":["https:\/\/www.facebook.com\/unipersen\/?locale=tr_TR","https:\/\/x.com\/unipersen"]},{"@type":"Person","@id":"https:\/\/memurunsesi.net\/#\/schema\/person\/f21c2d73b89f6ee1d80b0a1803e38587","name":"Memurun Sesi Haber Merkezi","image":{"@type":"ImageObject","inLanguage":"tr","@id":"https:\/\/secure.gravatar.com\/avatar\/6cf0505f452ee753f485014986fab09a434671d2b919ee76fc541025c5876a70?s=96&d=mm&r=g","url":"https:\/\/secure.gravatar.com\/avatar\/6cf0505f452ee753f485014986fab09a434671d2b919ee76fc541025c5876a70?s=96&d=mm&r=g","contentUrl":"https:\/\/secure.gravatar.com\/avatar\/6cf0505f452ee753f485014986fab09a434671d2b919ee76fc541025c5876a70?s=96&d=mm&r=g","caption":"Memurun Sesi Haber Merkezi"},"sameAs":["https:\/\/memurunsesi.net"],"url":"https:\/\/memurunsesi.net\/index.php\/author\/uniper\/"}]}},"_links":{"self":[{"href":"https:\/\/memurunsesi.net\/index.php\/wp-json\/wp\/v2\/posts\/9804","targetHints":{"allow":["GET"]}}],"collection":[{"href":"https:\/\/memurunsesi.net\/index.php\/wp-json\/wp\/v2\/posts"}],"about":[{"href":"https:\/\/memurunsesi.net\/index.php\/wp-json\/wp\/v2\/types\/post"}],"author":[{"embeddable":true,"href":"https:\/\/memurunsesi.net\/index.php\/wp-json\/wp\/v2\/users\/1"}],"replies":[{"embeddable":true,"href":"https:\/\/memurunsesi.net\/index.php\/wp-json\/wp\/v2\/comments?post=9804"}],"version-history":[{"count":1,"href":"https:\/\/memurunsesi.net\/index.php\/wp-json\/wp\/v2\/posts\/9804\/revisions"}],"predecessor-version":[{"id":9806,"href":"https:\/\/memurunsesi.net\/index.php\/wp-json\/wp\/v2\/posts\/9804\/revisions\/9806"}],"wp:featuredmedia":[{"embeddable":true,"href":"https:\/\/memurunsesi.net\/index.php\/wp-json\/wp\/v2\/media\/9805"}],"wp:attachment":[{"href":"https:\/\/memurunsesi.net\/index.php\/wp-json\/wp\/v2\/media?parent=9804"}],"wp:term":[{"taxonomy":"category","embeddable":true,"href":"https:\/\/memurunsesi.net\/index.php\/wp-json\/wp\/v2\/categories?post=9804"},{"taxonomy":"post_tag","embeddable":true,"href":"https:\/\/memurunsesi.net\/index.php\/wp-json\/wp\/v2\/tags?post=9804"}],"curies":[{"name":"wp","href":"https:\/\/api.w.org\/{rel}","templated":true}]}}