{"id":9807,"date":"2025-07-29T08:48:07","date_gmt":"2025-07-29T05:48:07","guid":{"rendered":"https:\/\/memurunsesi.net\/?p=9807"},"modified":"2025-07-29T08:48:07","modified_gmt":"2025-07-29T05:48:07","slug":"ankarada-kontrolden-cikan-otomobil-refuje-carpti-1-yarali","status":"publish","type":"post","link":"https:\/\/memurunsesi.net\/index.php\/2025\/07\/29\/ankarada-kontrolden-cikan-otomobil-refuje-carpti-1-yarali\/","title":{"rendered":"Ankara\u2019da kontrolden \u00e7\u0131kan otomobil ref\u00fcje \u00e7arpt\u0131: 1 yaral\u0131"},"content":{"rendered":"<p>  Ankara\u2019n\u0131n Beypazar\u0131 il\u00e7esinde, s\u00fcr\u00fcc\u00fc direksiyon hakimiyetini kaybederek ref\u00fcje \u00e7arpt\u0131.<br \/>\nOlay, Beypazar\u0131 Yolu G\u00fcneyce Mahallesinde meydana geldi. Edinilen bilgilere g\u00f6re, s\u00fcr\u00fcc\u00fcn\u00fcn direksiyon hakimiyetini kaybetmesi sonucu orta ref\u00fcje \u00e7arpt\u0131. Ref\u00fcjden savrulan ara\u00e7 bariyerlere \u00e7arparak durabildi. Kazada ara\u00e7 s\u00fcr\u00fcc\u00fcs\u00fc yaraland\u0131. Olay\u0131 g\u00f6ren \u00e7evredeki vatanda\u015flar durumu sa\u011fl\u0131k ve polis ekiplerine bildirdi. \u0130hbar \u00fczerine olay yerine gelen sa\u011fl\u0131k ekipleri yaral\u0131 s\u00fcr\u00fcc\u00fcy\u00fc en yak\u0131n devlet hastanesine kald\u0131r\u0131ld\u0131. Olaya ili\u015fkin inceleme ba\u015flat\u0131ld\u0131. <\/p>\n<p>29.07.2025                                <\/p>\n","protected":false},"excerpt":{"rendered":"<p>Ankara\u2019n\u0131n Beypazar\u0131 il\u00e7esinde, s\u00fcr\u00fcc\u00fc direksiyon hakimiyetini kaybederek ref\u00fcje \u00e7arpt\u0131. Olay, Beypazar\u0131 Yolu G\u00fcneyce Mahallesinde meydana geldi. Edinilen bilgilere g\u00f6re, s\u00fcr\u00fcc\u00fcn\u00fcn direksiyon hakimiyetini kaybetmesi sonucu orta ref\u00fcje \u00e7arpt\u0131. Ref\u00fcjden savrulan ara\u00e7 bariyerlere \u00e7arparak durabildi. Kazada ara\u00e7 s\u00fcr\u00fcc\u00fcs\u00fc yaraland\u0131. Olay\u0131 g\u00f6ren \u00e7evredeki vatanda\u015flar durumu sa\u011fl\u0131k ve polis ekiplerine bildirdi. \u0130hbar \u00fczerine olay yerine gelen sa\u011fl\u0131k ekipleri yaral\u0131 [&hellip;]<\/p>\n","protected":false},"author":1,"featured_media":0,"comment_status":"open","ping_status":"open","sticky":false,"template":"","format":"standard","meta":{"footnotes":""},"categories":[1],"tags":[],"class_list":["post-9807","post","type-post","status-publish","format-standard","hentry","category-genel"],"yoast_head":"<!-- This site is optimized with the Yoast SEO plugin v27.4 - https:\/\/yoast.com\/product\/yoast-seo-wordpress\/ -->\n<title>Ankara\u2019da kontrolden \u00e7\u0131kan otomobil ref\u00fcje \u00e7arpt\u0131: 1 yaral\u0131 - Memurun Sesi<\/title>\n<meta name=\"robots\" content=\"index, follow, max-snippet:-1, max-image-preview:large, max-video-preview:-1\" \/>\n<link rel=\"canonical\" href=\"https:\/\/memurunsesi.net\/index.php\/2025\/07\/29\/ankarada-kontrolden-cikan-otomobil-refuje-carpti-1-yarali\/\" \/>\n<meta property=\"og:locale\" content=\"tr_TR\" \/>\n<meta property=\"og:type\" content=\"article\" \/>\n<meta property=\"og:title\" content=\"Ankara\u2019da kontrolden \u00e7\u0131kan otomobil ref\u00fcje \u00e7arpt\u0131: 1 yaral\u0131 - Memurun Sesi\" \/>\n<meta property=\"og:description\" content=\"Ankara\u2019n\u0131n Beypazar\u0131 il\u00e7esinde, s\u00fcr\u00fcc\u00fc direksiyon hakimiyetini kaybederek ref\u00fcje \u00e7arpt\u0131. Olay, Beypazar\u0131 Yolu G\u00fcneyce Mahallesinde meydana geldi. Edinilen bilgilere g\u00f6re, s\u00fcr\u00fcc\u00fcn\u00fcn direksiyon hakimiyetini kaybetmesi sonucu orta ref\u00fcje \u00e7arpt\u0131. Ref\u00fcjden savrulan ara\u00e7 bariyerlere \u00e7arparak durabildi. Kazada ara\u00e7 s\u00fcr\u00fcc\u00fcs\u00fc yaraland\u0131. Olay\u0131 g\u00f6ren \u00e7evredeki vatanda\u015flar durumu sa\u011fl\u0131k ve polis ekiplerine bildirdi. \u0130hbar \u00fczerine olay yerine gelen sa\u011fl\u0131k ekipleri yaral\u0131 [&hellip;]\" \/>\n<meta property=\"og:url\" content=\"https:\/\/memurunsesi.net\/index.php\/2025\/07\/29\/ankarada-kontrolden-cikan-otomobil-refuje-carpti-1-yarali\/\" \/>\n<meta property=\"og:site_name\" content=\"Memurun Sesi\" \/>\n<meta property=\"article:publisher\" content=\"https:\/\/www.facebook.com\/unipersen\/?locale=tr_TR\" \/>\n<meta property=\"article:published_time\" content=\"2025-07-29T05:48:07+00:00\" \/>\n<meta name=\"author\" content=\"Memurun Sesi Haber Merkezi\" \/>\n<meta name=\"twitter:card\" content=\"summary_large_image\" \/>\n<meta name=\"twitter:creator\" content=\"@unipersen\" \/>\n<meta name=\"twitter:site\" content=\"@unipersen\" \/>\n<meta name=\"twitter:label1\" content=\"Yazan:\" \/>\n\t<meta name=\"twitter:data1\" content=\"Memurun Sesi Haber Merkezi\" \/>\n\t<meta name=\"twitter:label2\" content=\"Tahmini okuma s\u00fcresi\" \/>\n\t<meta name=\"twitter:data2\" content=\"1 dakika\" \/>\n<script type=\"application\/ld+json\" class=\"yoast-schema-graph\">{\"@context\":\"https:\\\/\\\/schema.org\",\"@graph\":[{\"@type\":\"Article\",\"@id\":\"https:\\\/\\\/memurunsesi.net\\\/index.php\\\/2025\\\/07\\\/29\\\/ankarada-kontrolden-cikan-otomobil-refuje-carpti-1-yarali\\\/#article\",\"isPartOf\":{\"@id\":\"https:\\\/\\\/memurunsesi.net\\\/index.php\\\/2025\\\/07\\\/29\\\/ankarada-kontrolden-cikan-otomobil-refuje-carpti-1-yarali\\\/\"},\"author\":{\"name\":\"Memurun Sesi Haber Merkezi\",\"@id\":\"https:\\\/\\\/memurunsesi.net\\\/#\\\/schema\\\/person\\\/f21c2d73b89f6ee1d80b0a1803e38587\"},\"headline\":\"Ankara\u2019da kontrolden \u00e7\u0131kan otomobil ref\u00fcje \u00e7arpt\u0131: 1 yaral\u0131\",\"datePublished\":\"2025-07-29T05:48:07+00:00\",\"mainEntityOfPage\":{\"@id\":\"https:\\\/\\\/memurunsesi.net\\\/index.php\\\/2025\\\/07\\\/29\\\/ankarada-kontrolden-cikan-otomobil-refuje-carpti-1-yarali\\\/\"},\"wordCount\":106,\"commentCount\":0,\"publisher\":{\"@id\":\"https:\\\/\\\/memurunsesi.net\\\/#organization\"},\"inLanguage\":\"tr\",\"potentialAction\":[{\"@type\":\"CommentAction\",\"name\":\"Comment\",\"target\":[\"https:\\\/\\\/memurunsesi.net\\\/index.php\\\/2025\\\/07\\\/29\\\/ankarada-kontrolden-cikan-otomobil-refuje-carpti-1-yarali\\\/#respond\"]}]},{\"@type\":\"WebPage\",\"@id\":\"https:\\\/\\\/memurunsesi.net\\\/index.php\\\/2025\\\/07\\\/29\\\/ankarada-kontrolden-cikan-otomobil-refuje-carpti-1-yarali\\\/\",\"url\":\"https:\\\/\\\/memurunsesi.net\\\/index.php\\\/2025\\\/07\\\/29\\\/ankarada-kontrolden-cikan-otomobil-refuje-carpti-1-yarali\\\/\",\"name\":\"Ankara\u2019da kontrolden \u00e7\u0131kan otomobil ref\u00fcje \u00e7arpt\u0131: 1 yaral\u0131 - Memurun Sesi\",\"isPartOf\":{\"@id\":\"https:\\\/\\\/memurunsesi.net\\\/#website\"},\"datePublished\":\"2025-07-29T05:48:07+00:00\",\"breadcrumb\":{\"@id\":\"https:\\\/\\\/memurunsesi.net\\\/index.php\\\/2025\\\/07\\\/29\\\/ankarada-kontrolden-cikan-otomobil-refuje-carpti-1-yarali\\\/#breadcrumb\"},\"inLanguage\":\"tr\",\"potentialAction\":[{\"@type\":\"ReadAction\",\"target\":[\"https:\\\/\\\/memurunsesi.net\\\/index.php\\\/2025\\\/07\\\/29\\\/ankarada-kontrolden-cikan-otomobil-refuje-carpti-1-yarali\\\/\"]}]},{\"@type\":\"BreadcrumbList\",\"@id\":\"https:\\\/\\\/memurunsesi.net\\\/index.php\\\/2025\\\/07\\\/29\\\/ankarada-kontrolden-cikan-otomobil-refuje-carpti-1-yarali\\\/#breadcrumb\",\"itemListElement\":[{\"@type\":\"ListItem\",\"position\":1,\"name\":\"Anasayfa\",\"item\":\"https:\\\/\\\/memurunsesi.net\\\/\"},{\"@type\":\"ListItem\",\"position\":2,\"name\":\"Ankara\u2019da kontrolden \u00e7\u0131kan otomobil ref\u00fcje \u00e7arpt\u0131: 1 yaral\u0131\"}]},{\"@type\":\"WebSite\",\"@id\":\"https:\\\/\\\/memurunsesi.net\\\/#website\",\"url\":\"https:\\\/\\\/memurunsesi.net\\\/\",\"name\":\"Memurun Sesi\",\"description\":\"G\u00fcncel ve Do\u011fru Haber\",\"publisher\":{\"@id\":\"https:\\\/\\\/memurunsesi.net\\\/#organization\"},\"potentialAction\":[{\"@type\":\"SearchAction\",\"target\":{\"@type\":\"EntryPoint\",\"urlTemplate\":\"https:\\\/\\\/memurunsesi.net\\\/?s={search_term_string}\"},\"query-input\":{\"@type\":\"PropertyValueSpecification\",\"valueRequired\":true,\"valueName\":\"search_term_string\"}}],\"inLanguage\":\"tr\"},{\"@type\":\"Organization\",\"@id\":\"https:\\\/\\\/memurunsesi.net\\\/#organization\",\"name\":\"Memurun Sesi\",\"url\":\"https:\\\/\\\/memurunsesi.net\\\/\",\"logo\":{\"@type\":\"ImageObject\",\"inLanguage\":\"tr\",\"@id\":\"https:\\\/\\\/memurunsesi.net\\\/#\\\/schema\\\/logo\\\/image\\\/\",\"url\":\"https:\\\/\\\/memurunsesi.net\\\/wp-content\\\/uploads\\\/2025\\\/11\\\/cropped-MEMURUN-SESI.png\",\"contentUrl\":\"https:\\\/\\\/memurunsesi.net\\\/wp-content\\\/uploads\\\/2025\\\/11\\\/cropped-MEMURUN-SESI.png\",\"width\":238,\"height\":57,\"caption\":\"Memurun Sesi\"},\"image\":{\"@id\":\"https:\\\/\\\/memurunsesi.net\\\/#\\\/schema\\\/logo\\\/image\\\/\"},\"sameAs\":[\"https:\\\/\\\/www.facebook.com\\\/unipersen\\\/?locale=tr_TR\",\"https:\\\/\\\/x.com\\\/unipersen\"]},{\"@type\":\"Person\",\"@id\":\"https:\\\/\\\/memurunsesi.net\\\/#\\\/schema\\\/person\\\/f21c2d73b89f6ee1d80b0a1803e38587\",\"name\":\"Memurun Sesi Haber Merkezi\",\"image\":{\"@type\":\"ImageObject\",\"inLanguage\":\"tr\",\"@id\":\"https:\\\/\\\/secure.gravatar.com\\\/avatar\\\/6cf0505f452ee753f485014986fab09a434671d2b919ee76fc541025c5876a70?s=96&d=mm&r=g\",\"url\":\"https:\\\/\\\/secure.gravatar.com\\\/avatar\\\/6cf0505f452ee753f485014986fab09a434671d2b919ee76fc541025c5876a70?s=96&d=mm&r=g\",\"contentUrl\":\"https:\\\/\\\/secure.gravatar.com\\\/avatar\\\/6cf0505f452ee753f485014986fab09a434671d2b919ee76fc541025c5876a70?s=96&d=mm&r=g\",\"caption\":\"Memurun Sesi Haber Merkezi\"},\"sameAs\":[\"https:\\\/\\\/memurunsesi.net\"],\"url\":\"https:\\\/\\\/memurunsesi.net\\\/index.php\\\/author\\\/uniper\\\/\"}]}<\/script>\n<!-- \/ Yoast SEO plugin. -->","yoast_head_json":{"title":"Ankara\u2019da kontrolden \u00e7\u0131kan otomobil ref\u00fcje \u00e7arpt\u0131: 1 yaral\u0131 - Memurun Sesi","robots":{"index":"index","follow":"follow","max-snippet":"max-snippet:-1","max-image-preview":"max-image-preview:large","max-video-preview":"max-video-preview:-1"},"canonical":"https:\/\/memurunsesi.net\/index.php\/2025\/07\/29\/ankarada-kontrolden-cikan-otomobil-refuje-carpti-1-yarali\/","og_locale":"tr_TR","og_type":"article","og_title":"Ankara\u2019da kontrolden \u00e7\u0131kan otomobil ref\u00fcje \u00e7arpt\u0131: 1 yaral\u0131 - Memurun Sesi","og_description":"Ankara\u2019n\u0131n Beypazar\u0131 il\u00e7esinde, s\u00fcr\u00fcc\u00fc direksiyon hakimiyetini kaybederek ref\u00fcje \u00e7arpt\u0131. Olay, Beypazar\u0131 Yolu G\u00fcneyce Mahallesinde meydana geldi. Edinilen bilgilere g\u00f6re, s\u00fcr\u00fcc\u00fcn\u00fcn direksiyon hakimiyetini kaybetmesi sonucu orta ref\u00fcje \u00e7arpt\u0131. Ref\u00fcjden savrulan ara\u00e7 bariyerlere \u00e7arparak durabildi. Kazada ara\u00e7 s\u00fcr\u00fcc\u00fcs\u00fc yaraland\u0131. Olay\u0131 g\u00f6ren \u00e7evredeki vatanda\u015flar durumu sa\u011fl\u0131k ve polis ekiplerine bildirdi. \u0130hbar \u00fczerine olay yerine gelen sa\u011fl\u0131k ekipleri yaral\u0131 [&hellip;]","og_url":"https:\/\/memurunsesi.net\/index.php\/2025\/07\/29\/ankarada-kontrolden-cikan-otomobil-refuje-carpti-1-yarali\/","og_site_name":"Memurun Sesi","article_publisher":"https:\/\/www.facebook.com\/unipersen\/?locale=tr_TR","article_published_time":"2025-07-29T05:48:07+00:00","author":"Memurun Sesi Haber Merkezi","twitter_card":"summary_large_image","twitter_creator":"@unipersen","twitter_site":"@unipersen","twitter_misc":{"Yazan:":"Memurun Sesi Haber Merkezi","Tahmini okuma s\u00fcresi":"1 dakika"},"schema":{"@context":"https:\/\/schema.org","@graph":[{"@type":"Article","@id":"https:\/\/memurunsesi.net\/index.php\/2025\/07\/29\/ankarada-kontrolden-cikan-otomobil-refuje-carpti-1-yarali\/#article","isPartOf":{"@id":"https:\/\/memurunsesi.net\/index.php\/2025\/07\/29\/ankarada-kontrolden-cikan-otomobil-refuje-carpti-1-yarali\/"},"author":{"name":"Memurun Sesi Haber Merkezi","@id":"https:\/\/memurunsesi.net\/#\/schema\/person\/f21c2d73b89f6ee1d80b0a1803e38587"},"headline":"Ankara\u2019da kontrolden \u00e7\u0131kan otomobil ref\u00fcje \u00e7arpt\u0131: 1 yaral\u0131","datePublished":"2025-07-29T05:48:07+00:00","mainEntityOfPage":{"@id":"https:\/\/memurunsesi.net\/index.php\/2025\/07\/29\/ankarada-kontrolden-cikan-otomobil-refuje-carpti-1-yarali\/"},"wordCount":106,"commentCount":0,"publisher":{"@id":"https:\/\/memurunsesi.net\/#organization"},"inLanguage":"tr","potentialAction":[{"@type":"CommentAction","name":"Comment","target":["https:\/\/memurunsesi.net\/index.php\/2025\/07\/29\/ankarada-kontrolden-cikan-otomobil-refuje-carpti-1-yarali\/#respond"]}]},{"@type":"WebPage","@id":"https:\/\/memurunsesi.net\/index.php\/2025\/07\/29\/ankarada-kontrolden-cikan-otomobil-refuje-carpti-1-yarali\/","url":"https:\/\/memurunsesi.net\/index.php\/2025\/07\/29\/ankarada-kontrolden-cikan-otomobil-refuje-carpti-1-yarali\/","name":"Ankara\u2019da kontrolden \u00e7\u0131kan otomobil ref\u00fcje \u00e7arpt\u0131: 1 yaral\u0131 - Memurun Sesi","isPartOf":{"@id":"https:\/\/memurunsesi.net\/#website"},"datePublished":"2025-07-29T05:48:07+00:00","breadcrumb":{"@id":"https:\/\/memurunsesi.net\/index.php\/2025\/07\/29\/ankarada-kontrolden-cikan-otomobil-refuje-carpti-1-yarali\/#breadcrumb"},"inLanguage":"tr","potentialAction":[{"@type":"ReadAction","target":["https:\/\/memurunsesi.net\/index.php\/2025\/07\/29\/ankarada-kontrolden-cikan-otomobil-refuje-carpti-1-yarali\/"]}]},{"@type":"BreadcrumbList","@id":"https:\/\/memurunsesi.net\/index.php\/2025\/07\/29\/ankarada-kontrolden-cikan-otomobil-refuje-carpti-1-yarali\/#breadcrumb","itemListElement":[{"@type":"ListItem","position":1,"name":"Anasayfa","item":"https:\/\/memurunsesi.net\/"},{"@type":"ListItem","position":2,"name":"Ankara\u2019da kontrolden \u00e7\u0131kan otomobil ref\u00fcje \u00e7arpt\u0131: 1 yaral\u0131"}]},{"@type":"WebSite","@id":"https:\/\/memurunsesi.net\/#website","url":"https:\/\/memurunsesi.net\/","name":"Memurun Sesi","description":"G\u00fcncel ve Do\u011fru Haber","publisher":{"@id":"https:\/\/memurunsesi.net\/#organization"},"potentialAction":[{"@type":"SearchAction","target":{"@type":"EntryPoint","urlTemplate":"https:\/\/memurunsesi.net\/?s={search_term_string}"},"query-input":{"@type":"PropertyValueSpecification","valueRequired":true,"valueName":"search_term_string"}}],"inLanguage":"tr"},{"@type":"Organization","@id":"https:\/\/memurunsesi.net\/#organization","name":"Memurun Sesi","url":"https:\/\/memurunsesi.net\/","logo":{"@type":"ImageObject","inLanguage":"tr","@id":"https:\/\/memurunsesi.net\/#\/schema\/logo\/image\/","url":"https:\/\/memurunsesi.net\/wp-content\/uploads\/2025\/11\/cropped-MEMURUN-SESI.png","contentUrl":"https:\/\/memurunsesi.net\/wp-content\/uploads\/2025\/11\/cropped-MEMURUN-SESI.png","width":238,"height":57,"caption":"Memurun Sesi"},"image":{"@id":"https:\/\/memurunsesi.net\/#\/schema\/logo\/image\/"},"sameAs":["https:\/\/www.facebook.com\/unipersen\/?locale=tr_TR","https:\/\/x.com\/unipersen"]},{"@type":"Person","@id":"https:\/\/memurunsesi.net\/#\/schema\/person\/f21c2d73b89f6ee1d80b0a1803e38587","name":"Memurun Sesi Haber Merkezi","image":{"@type":"ImageObject","inLanguage":"tr","@id":"https:\/\/secure.gravatar.com\/avatar\/6cf0505f452ee753f485014986fab09a434671d2b919ee76fc541025c5876a70?s=96&d=mm&r=g","url":"https:\/\/secure.gravatar.com\/avatar\/6cf0505f452ee753f485014986fab09a434671d2b919ee76fc541025c5876a70?s=96&d=mm&r=g","contentUrl":"https:\/\/secure.gravatar.com\/avatar\/6cf0505f452ee753f485014986fab09a434671d2b919ee76fc541025c5876a70?s=96&d=mm&r=g","caption":"Memurun Sesi Haber Merkezi"},"sameAs":["https:\/\/memurunsesi.net"],"url":"https:\/\/memurunsesi.net\/index.php\/author\/uniper\/"}]}},"_links":{"self":[{"href":"https:\/\/memurunsesi.net\/index.php\/wp-json\/wp\/v2\/posts\/9807","targetHints":{"allow":["GET"]}}],"collection":[{"href":"https:\/\/memurunsesi.net\/index.php\/wp-json\/wp\/v2\/posts"}],"about":[{"href":"https:\/\/memurunsesi.net\/index.php\/wp-json\/wp\/v2\/types\/post"}],"author":[{"embeddable":true,"href":"https:\/\/memurunsesi.net\/index.php\/wp-json\/wp\/v2\/users\/1"}],"replies":[{"embeddable":true,"href":"https:\/\/memurunsesi.net\/index.php\/wp-json\/wp\/v2\/comments?post=9807"}],"version-history":[{"count":1,"href":"https:\/\/memurunsesi.net\/index.php\/wp-json\/wp\/v2\/posts\/9807\/revisions"}],"predecessor-version":[{"id":9809,"href":"https:\/\/memurunsesi.net\/index.php\/wp-json\/wp\/v2\/posts\/9807\/revisions\/9809"}],"wp:attachment":[{"href":"https:\/\/memurunsesi.net\/index.php\/wp-json\/wp\/v2\/media?parent=9807"}],"wp:term":[{"taxonomy":"category","embeddable":true,"href":"https:\/\/memurunsesi.net\/index.php\/wp-json\/wp\/v2\/categories?post=9807"},{"taxonomy":"post_tag","embeddable":true,"href":"https:\/\/memurunsesi.net\/index.php\/wp-json\/wp\/v2\/tags?post=9807"}],"curies":[{"name":"wp","href":"https:\/\/api.w.org\/{rel}","templated":true}]}}