{"id":9841,"date":"2025-07-31T08:40:06","date_gmt":"2025-07-31T05:40:06","guid":{"rendered":"https:\/\/memurunsesi.net\/?p=9841"},"modified":"2025-07-31T08:40:06","modified_gmt":"2025-07-31T05:40:06","slug":"d-140da-otomobil-sarampole-uctu-anne-ve-iki-cocugu-yaralandi","status":"publish","type":"post","link":"https:\/\/memurunsesi.net\/index.php\/2025\/07\/31\/d-140da-otomobil-sarampole-uctu-anne-ve-iki-cocugu-yaralandi\/","title":{"rendered":"D-140&#8217;da otomobil \u015farampole u\u00e7tu: Anne ve iki \u00e7ocu\u011fu yaraland\u0131"},"content":{"rendered":"<p>  Sakarya&#8217;n\u0131n Akyaz\u0131 il\u00e7esi D-140 kara yolunda s\u00fcr\u00fcc\u00fcs\u00fcn\u00fcn kontrol\u00fcnden \u00e7\u0131kan otomobil \u015farampole yuvarland\u0131. Kazada, anne ile iki \u00e7ocu\u011fu yaraland\u0131.<br \/>\nKaza, D-140 kara yolu Batakk\u00f6y Mahallesi Akbal\u0131k mevkiinde meydana geldi. Edinilen bilgiye g\u00f6re, \u015e.\u00d6. kontrol\u00fcndeki 34 JL 2494 plakal\u0131 Opel marka otomobil s\u00fcr\u00fcc\u00fcs\u00fcn\u00fcn kontrol\u00fcnden \u00e7\u0131kt\u0131. Kontrolden \u00e7\u0131kana ara\u00e7 \u015farampole devrildi. Kazay\u0131 g\u00f6ren vatanda\u015flar, olay yerine ko\u015farak ara\u00e7 i\u00e7erisindeki yaral\u0131lara yard\u0131m etti. Durumun 112 Acil \u00c7a\u011fr\u0131 Merkezi&#8217;ne bildirilmesi \u00fczerine b\u00f6lgeye sa\u011fl\u0131k, itfaiye, jandarma ve polis ekipleri sevk edildi. Kazada otomobilde bulunan anne ile iki \u00e7ocu\u011fu yaraland\u0131. Vatanda\u015flar taraf\u0131ndan ara\u00e7tan \u00e7\u0131kar\u0131lan yaral\u0131lar, olay yerine ula\u015fan sa\u011fl\u0131k ekiplerince Akyaz\u0131 Devlet Hastanesi&#8217;ne kald\u0131r\u0131ld\u0131.<br \/>\n  \u015earampole devrilen ara\u00e7 \u00e7ekici yard\u0131m\u0131 ile bulundu\u011fu yerden \u00e7\u0131kar\u0131ld\u0131. Kaza sebebi ile jandarma ekipleri b\u00f6lgede g\u00fcvenlik \u00f6nlemi alarak trafik ak\u0131\u015f\u0131n\u0131 kontroll\u00fc \u015fekilde sa\u011flad\u0131. Yaral\u0131lar\u0131n sa\u011fl\u0131k durumlar\u0131n\u0131n iyi oldu\u011fu \u00f6\u011frenilirken, kaza ile ilgili inceleme ba\u015flat\u0131ld\u0131. <\/p>\n<p>31.07.2025                                <\/p>\n","protected":false},"excerpt":{"rendered":"<p>Sakarya&#8217;n\u0131n Akyaz\u0131 il\u00e7esi D-140 kara yolunda s\u00fcr\u00fcc\u00fcs\u00fcn\u00fcn kontrol\u00fcnden \u00e7\u0131kan otomobil \u015farampole yuvarland\u0131. Kazada, anne ile iki \u00e7ocu\u011fu yaraland\u0131. Kaza, D-140 kara yolu Batakk\u00f6y Mahallesi Akbal\u0131k mevkiinde meydana geldi. Edinilen bilgiye g\u00f6re, \u015e.\u00d6. kontrol\u00fcndeki 34 JL 2494 plakal\u0131 Opel marka otomobil s\u00fcr\u00fcc\u00fcs\u00fcn\u00fcn kontrol\u00fcnden \u00e7\u0131kt\u0131. Kontrolden \u00e7\u0131kana ara\u00e7 \u015farampole devrildi. Kazay\u0131 g\u00f6ren vatanda\u015flar, olay yerine ko\u015farak ara\u00e7 [&hellip;]<\/p>\n","protected":false},"author":1,"featured_media":9842,"comment_status":"open","ping_status":"open","sticky":false,"template":"","format":"standard","meta":{"footnotes":""},"categories":[50],"tags":[],"class_list":["post-9841","post","type-post","status-publish","format-standard","has-post-thumbnail","hentry","category-tum-haberler"],"yoast_head":"<!-- This site is optimized with the Yoast SEO plugin v27.4 - https:\/\/yoast.com\/product\/yoast-seo-wordpress\/ -->\n<title>D-140&#039;da otomobil \u015farampole u\u00e7tu: Anne ve iki \u00e7ocu\u011fu yaraland\u0131 - Memurun Sesi<\/title>\n<meta name=\"robots\" content=\"index, follow, max-snippet:-1, max-image-preview:large, max-video-preview:-1\" \/>\n<link rel=\"canonical\" href=\"https:\/\/memurunsesi.net\/index.php\/2025\/07\/31\/d-140da-otomobil-sarampole-uctu-anne-ve-iki-cocugu-yaralandi\/\" \/>\n<meta property=\"og:locale\" content=\"tr_TR\" \/>\n<meta property=\"og:type\" content=\"article\" \/>\n<meta property=\"og:title\" content=\"D-140&#039;da otomobil \u015farampole u\u00e7tu: Anne ve iki \u00e7ocu\u011fu yaraland\u0131 - Memurun Sesi\" \/>\n<meta property=\"og:description\" content=\"Sakarya&#8217;n\u0131n Akyaz\u0131 il\u00e7esi D-140 kara yolunda s\u00fcr\u00fcc\u00fcs\u00fcn\u00fcn kontrol\u00fcnden \u00e7\u0131kan otomobil \u015farampole yuvarland\u0131. Kazada, anne ile iki \u00e7ocu\u011fu yaraland\u0131. Kaza, D-140 kara yolu Batakk\u00f6y Mahallesi Akbal\u0131k mevkiinde meydana geldi. Edinilen bilgiye g\u00f6re, \u015e.\u00d6. kontrol\u00fcndeki 34 JL 2494 plakal\u0131 Opel marka otomobil s\u00fcr\u00fcc\u00fcs\u00fcn\u00fcn kontrol\u00fcnden \u00e7\u0131kt\u0131. Kontrolden \u00e7\u0131kana ara\u00e7 \u015farampole devrildi. Kazay\u0131 g\u00f6ren vatanda\u015flar, olay yerine ko\u015farak ara\u00e7 [&hellip;]\" \/>\n<meta property=\"og:url\" content=\"https:\/\/memurunsesi.net\/index.php\/2025\/07\/31\/d-140da-otomobil-sarampole-uctu-anne-ve-iki-cocugu-yaralandi\/\" \/>\n<meta property=\"og:site_name\" content=\"Memurun Sesi\" \/>\n<meta property=\"article:publisher\" content=\"https:\/\/www.facebook.com\/unipersen\/?locale=tr_TR\" \/>\n<meta property=\"article:published_time\" content=\"2025-07-31T05:40:06+00:00\" \/>\n<meta property=\"og:image\" content=\"https:\/\/memurunsesi.net\/wp-content\/uploads\/2025\/07\/AW507877_02.jpg\" \/>\n\t<meta property=\"og:image:width\" content=\"1600\" \/>\n\t<meta property=\"og:image:height\" content=\"901\" \/>\n\t<meta property=\"og:image:type\" content=\"image\/jpeg\" \/>\n<meta name=\"author\" content=\"Memurun Sesi Haber Merkezi\" \/>\n<meta name=\"twitter:card\" content=\"summary_large_image\" \/>\n<meta name=\"twitter:creator\" content=\"@unipersen\" \/>\n<meta name=\"twitter:site\" content=\"@unipersen\" \/>\n<meta name=\"twitter:label1\" content=\"Yazan:\" \/>\n\t<meta name=\"twitter:data1\" content=\"Memurun Sesi Haber Merkezi\" \/>\n\t<meta name=\"twitter:label2\" content=\"Tahmini okuma s\u00fcresi\" \/>\n\t<meta name=\"twitter:data2\" content=\"1 dakika\" \/>\n<script type=\"application\/ld+json\" class=\"yoast-schema-graph\">{\"@context\":\"https:\\\/\\\/schema.org\",\"@graph\":[{\"@type\":\"Article\",\"@id\":\"https:\\\/\\\/memurunsesi.net\\\/index.php\\\/2025\\\/07\\\/31\\\/d-140da-otomobil-sarampole-uctu-anne-ve-iki-cocugu-yaralandi\\\/#article\",\"isPartOf\":{\"@id\":\"https:\\\/\\\/memurunsesi.net\\\/index.php\\\/2025\\\/07\\\/31\\\/d-140da-otomobil-sarampole-uctu-anne-ve-iki-cocugu-yaralandi\\\/\"},\"author\":{\"name\":\"Memurun Sesi Haber Merkezi\",\"@id\":\"https:\\\/\\\/memurunsesi.net\\\/#\\\/schema\\\/person\\\/f21c2d73b89f6ee1d80b0a1803e38587\"},\"headline\":\"D-140&#8217;da otomobil \u015farampole u\u00e7tu: Anne ve iki \u00e7ocu\u011fu yaraland\u0131\",\"datePublished\":\"2025-07-31T05:40:06+00:00\",\"mainEntityOfPage\":{\"@id\":\"https:\\\/\\\/memurunsesi.net\\\/index.php\\\/2025\\\/07\\\/31\\\/d-140da-otomobil-sarampole-uctu-anne-ve-iki-cocugu-yaralandi\\\/\"},\"wordCount\":198,\"commentCount\":0,\"publisher\":{\"@id\":\"https:\\\/\\\/memurunsesi.net\\\/#organization\"},\"image\":{\"@id\":\"https:\\\/\\\/memurunsesi.net\\\/index.php\\\/2025\\\/07\\\/31\\\/d-140da-otomobil-sarampole-uctu-anne-ve-iki-cocugu-yaralandi\\\/#primaryimage\"},\"thumbnailUrl\":\"https:\\\/\\\/memurunsesi.net\\\/wp-content\\\/uploads\\\/2025\\\/07\\\/AW507877_02.jpg\",\"articleSection\":[\"T\u00fcm Haberler\"],\"inLanguage\":\"tr\",\"potentialAction\":[{\"@type\":\"CommentAction\",\"name\":\"Comment\",\"target\":[\"https:\\\/\\\/memurunsesi.net\\\/index.php\\\/2025\\\/07\\\/31\\\/d-140da-otomobil-sarampole-uctu-anne-ve-iki-cocugu-yaralandi\\\/#respond\"]}]},{\"@type\":\"WebPage\",\"@id\":\"https:\\\/\\\/memurunsesi.net\\\/index.php\\\/2025\\\/07\\\/31\\\/d-140da-otomobil-sarampole-uctu-anne-ve-iki-cocugu-yaralandi\\\/\",\"url\":\"https:\\\/\\\/memurunsesi.net\\\/index.php\\\/2025\\\/07\\\/31\\\/d-140da-otomobil-sarampole-uctu-anne-ve-iki-cocugu-yaralandi\\\/\",\"name\":\"D-140'da otomobil \u015farampole u\u00e7tu: Anne ve iki \u00e7ocu\u011fu yaraland\u0131 - Memurun Sesi\",\"isPartOf\":{\"@id\":\"https:\\\/\\\/memurunsesi.net\\\/#website\"},\"primaryImageOfPage\":{\"@id\":\"https:\\\/\\\/memurunsesi.net\\\/index.php\\\/2025\\\/07\\\/31\\\/d-140da-otomobil-sarampole-uctu-anne-ve-iki-cocugu-yaralandi\\\/#primaryimage\"},\"image\":{\"@id\":\"https:\\\/\\\/memurunsesi.net\\\/index.php\\\/2025\\\/07\\\/31\\\/d-140da-otomobil-sarampole-uctu-anne-ve-iki-cocugu-yaralandi\\\/#primaryimage\"},\"thumbnailUrl\":\"https:\\\/\\\/memurunsesi.net\\\/wp-content\\\/uploads\\\/2025\\\/07\\\/AW507877_02.jpg\",\"datePublished\":\"2025-07-31T05:40:06+00:00\",\"breadcrumb\":{\"@id\":\"https:\\\/\\\/memurunsesi.net\\\/index.php\\\/2025\\\/07\\\/31\\\/d-140da-otomobil-sarampole-uctu-anne-ve-iki-cocugu-yaralandi\\\/#breadcrumb\"},\"inLanguage\":\"tr\",\"potentialAction\":[{\"@type\":\"ReadAction\",\"target\":[\"https:\\\/\\\/memurunsesi.net\\\/index.php\\\/2025\\\/07\\\/31\\\/d-140da-otomobil-sarampole-uctu-anne-ve-iki-cocugu-yaralandi\\\/\"]}]},{\"@type\":\"ImageObject\",\"inLanguage\":\"tr\",\"@id\":\"https:\\\/\\\/memurunsesi.net\\\/index.php\\\/2025\\\/07\\\/31\\\/d-140da-otomobil-sarampole-uctu-anne-ve-iki-cocugu-yaralandi\\\/#primaryimage\",\"url\":\"https:\\\/\\\/memurunsesi.net\\\/wp-content\\\/uploads\\\/2025\\\/07\\\/AW507877_02.jpg\",\"contentUrl\":\"https:\\\/\\\/memurunsesi.net\\\/wp-content\\\/uploads\\\/2025\\\/07\\\/AW507877_02.jpg\",\"width\":1600,\"height\":901,\"caption\":\"SAKARYA'NIN AKYAZI \u0130L\u00c7ES\u0130 D-140 KARA YOLUNDA S\u00dcR\u00dcC\u00dcS\u00dcN\u00dcN KONTROL\u00dcNDEN \u00c7IKAN OTOMOB\u0130L \u015eARAMPOLE YUVARLANDI. KAZADA, ANNE \u0130LE \u0130K\u0130 \u00c7OCU\u011eU YARALANDI. (AL\u0130 SAMET YILDIRIM\\\/SAKARYA-\u0130HA) Sakarya'n\u0131n Akyaz\u0131 il\u00e7esi D-140 kara yolunda s\u00fcr\u00fcc\u00fcs\u00fcn\u00fcn kontrol\u00fcnden \u00e7\u0131kan otomobil \u015farampole yuvarland\u0131. Kazada, anne ile iki \u00e7ocu\u011fu yaraland\u0131.\"},{\"@type\":\"BreadcrumbList\",\"@id\":\"https:\\\/\\\/memurunsesi.net\\\/index.php\\\/2025\\\/07\\\/31\\\/d-140da-otomobil-sarampole-uctu-anne-ve-iki-cocugu-yaralandi\\\/#breadcrumb\",\"itemListElement\":[{\"@type\":\"ListItem\",\"position\":1,\"name\":\"Anasayfa\",\"item\":\"https:\\\/\\\/memurunsesi.net\\\/\"},{\"@type\":\"ListItem\",\"position\":2,\"name\":\"D-140&#8217;da otomobil \u015farampole u\u00e7tu: Anne ve iki \u00e7ocu\u011fu yaraland\u0131\"}]},{\"@type\":\"WebSite\",\"@id\":\"https:\\\/\\\/memurunsesi.net\\\/#website\",\"url\":\"https:\\\/\\\/memurunsesi.net\\\/\",\"name\":\"Memurun Sesi\",\"description\":\"G\u00fcncel ve Do\u011fru Haber\",\"publisher\":{\"@id\":\"https:\\\/\\\/memurunsesi.net\\\/#organization\"},\"potentialAction\":[{\"@type\":\"SearchAction\",\"target\":{\"@type\":\"EntryPoint\",\"urlTemplate\":\"https:\\\/\\\/memurunsesi.net\\\/?s={search_term_string}\"},\"query-input\":{\"@type\":\"PropertyValueSpecification\",\"valueRequired\":true,\"valueName\":\"search_term_string\"}}],\"inLanguage\":\"tr\"},{\"@type\":\"Organization\",\"@id\":\"https:\\\/\\\/memurunsesi.net\\\/#organization\",\"name\":\"Memurun Sesi\",\"url\":\"https:\\\/\\\/memurunsesi.net\\\/\",\"logo\":{\"@type\":\"ImageObject\",\"inLanguage\":\"tr\",\"@id\":\"https:\\\/\\\/memurunsesi.net\\\/#\\\/schema\\\/logo\\\/image\\\/\",\"url\":\"https:\\\/\\\/memurunsesi.net\\\/wp-content\\\/uploads\\\/2025\\\/11\\\/cropped-MEMURUN-SESI.png\",\"contentUrl\":\"https:\\\/\\\/memurunsesi.net\\\/wp-content\\\/uploads\\\/2025\\\/11\\\/cropped-MEMURUN-SESI.png\",\"width\":238,\"height\":57,\"caption\":\"Memurun Sesi\"},\"image\":{\"@id\":\"https:\\\/\\\/memurunsesi.net\\\/#\\\/schema\\\/logo\\\/image\\\/\"},\"sameAs\":[\"https:\\\/\\\/www.facebook.com\\\/unipersen\\\/?locale=tr_TR\",\"https:\\\/\\\/x.com\\\/unipersen\"]},{\"@type\":\"Person\",\"@id\":\"https:\\\/\\\/memurunsesi.net\\\/#\\\/schema\\\/person\\\/f21c2d73b89f6ee1d80b0a1803e38587\",\"name\":\"Memurun Sesi Haber Merkezi\",\"image\":{\"@type\":\"ImageObject\",\"inLanguage\":\"tr\",\"@id\":\"https:\\\/\\\/secure.gravatar.com\\\/avatar\\\/6cf0505f452ee753f485014986fab09a434671d2b919ee76fc541025c5876a70?s=96&d=mm&r=g\",\"url\":\"https:\\\/\\\/secure.gravatar.com\\\/avatar\\\/6cf0505f452ee753f485014986fab09a434671d2b919ee76fc541025c5876a70?s=96&d=mm&r=g\",\"contentUrl\":\"https:\\\/\\\/secure.gravatar.com\\\/avatar\\\/6cf0505f452ee753f485014986fab09a434671d2b919ee76fc541025c5876a70?s=96&d=mm&r=g\",\"caption\":\"Memurun Sesi Haber Merkezi\"},\"sameAs\":[\"https:\\\/\\\/memurunsesi.net\"],\"url\":\"https:\\\/\\\/memurunsesi.net\\\/index.php\\\/author\\\/uniper\\\/\"}]}<\/script>\n<!-- \/ Yoast SEO plugin. -->","yoast_head_json":{"title":"D-140'da otomobil \u015farampole u\u00e7tu: Anne ve iki \u00e7ocu\u011fu yaraland\u0131 - Memurun Sesi","robots":{"index":"index","follow":"follow","max-snippet":"max-snippet:-1","max-image-preview":"max-image-preview:large","max-video-preview":"max-video-preview:-1"},"canonical":"https:\/\/memurunsesi.net\/index.php\/2025\/07\/31\/d-140da-otomobil-sarampole-uctu-anne-ve-iki-cocugu-yaralandi\/","og_locale":"tr_TR","og_type":"article","og_title":"D-140'da otomobil \u015farampole u\u00e7tu: Anne ve iki \u00e7ocu\u011fu yaraland\u0131 - Memurun Sesi","og_description":"Sakarya&#8217;n\u0131n Akyaz\u0131 il\u00e7esi D-140 kara yolunda s\u00fcr\u00fcc\u00fcs\u00fcn\u00fcn kontrol\u00fcnden \u00e7\u0131kan otomobil \u015farampole yuvarland\u0131. Kazada, anne ile iki \u00e7ocu\u011fu yaraland\u0131. Kaza, D-140 kara yolu Batakk\u00f6y Mahallesi Akbal\u0131k mevkiinde meydana geldi. Edinilen bilgiye g\u00f6re, \u015e.\u00d6. kontrol\u00fcndeki 34 JL 2494 plakal\u0131 Opel marka otomobil s\u00fcr\u00fcc\u00fcs\u00fcn\u00fcn kontrol\u00fcnden \u00e7\u0131kt\u0131. Kontrolden \u00e7\u0131kana ara\u00e7 \u015farampole devrildi. Kazay\u0131 g\u00f6ren vatanda\u015flar, olay yerine ko\u015farak ara\u00e7 [&hellip;]","og_url":"https:\/\/memurunsesi.net\/index.php\/2025\/07\/31\/d-140da-otomobil-sarampole-uctu-anne-ve-iki-cocugu-yaralandi\/","og_site_name":"Memurun Sesi","article_publisher":"https:\/\/www.facebook.com\/unipersen\/?locale=tr_TR","article_published_time":"2025-07-31T05:40:06+00:00","og_image":[{"width":1600,"height":901,"url":"https:\/\/memurunsesi.net\/wp-content\/uploads\/2025\/07\/AW507877_02.jpg","type":"image\/jpeg"}],"author":"Memurun Sesi Haber Merkezi","twitter_card":"summary_large_image","twitter_creator":"@unipersen","twitter_site":"@unipersen","twitter_misc":{"Yazan:":"Memurun Sesi Haber Merkezi","Tahmini okuma s\u00fcresi":"1 dakika"},"schema":{"@context":"https:\/\/schema.org","@graph":[{"@type":"Article","@id":"https:\/\/memurunsesi.net\/index.php\/2025\/07\/31\/d-140da-otomobil-sarampole-uctu-anne-ve-iki-cocugu-yaralandi\/#article","isPartOf":{"@id":"https:\/\/memurunsesi.net\/index.php\/2025\/07\/31\/d-140da-otomobil-sarampole-uctu-anne-ve-iki-cocugu-yaralandi\/"},"author":{"name":"Memurun Sesi Haber Merkezi","@id":"https:\/\/memurunsesi.net\/#\/schema\/person\/f21c2d73b89f6ee1d80b0a1803e38587"},"headline":"D-140&#8217;da otomobil \u015farampole u\u00e7tu: Anne ve iki \u00e7ocu\u011fu yaraland\u0131","datePublished":"2025-07-31T05:40:06+00:00","mainEntityOfPage":{"@id":"https:\/\/memurunsesi.net\/index.php\/2025\/07\/31\/d-140da-otomobil-sarampole-uctu-anne-ve-iki-cocugu-yaralandi\/"},"wordCount":198,"commentCount":0,"publisher":{"@id":"https:\/\/memurunsesi.net\/#organization"},"image":{"@id":"https:\/\/memurunsesi.net\/index.php\/2025\/07\/31\/d-140da-otomobil-sarampole-uctu-anne-ve-iki-cocugu-yaralandi\/#primaryimage"},"thumbnailUrl":"https:\/\/memurunsesi.net\/wp-content\/uploads\/2025\/07\/AW507877_02.jpg","articleSection":["T\u00fcm Haberler"],"inLanguage":"tr","potentialAction":[{"@type":"CommentAction","name":"Comment","target":["https:\/\/memurunsesi.net\/index.php\/2025\/07\/31\/d-140da-otomobil-sarampole-uctu-anne-ve-iki-cocugu-yaralandi\/#respond"]}]},{"@type":"WebPage","@id":"https:\/\/memurunsesi.net\/index.php\/2025\/07\/31\/d-140da-otomobil-sarampole-uctu-anne-ve-iki-cocugu-yaralandi\/","url":"https:\/\/memurunsesi.net\/index.php\/2025\/07\/31\/d-140da-otomobil-sarampole-uctu-anne-ve-iki-cocugu-yaralandi\/","name":"D-140'da otomobil \u015farampole u\u00e7tu: Anne ve iki \u00e7ocu\u011fu yaraland\u0131 - Memurun Sesi","isPartOf":{"@id":"https:\/\/memurunsesi.net\/#website"},"primaryImageOfPage":{"@id":"https:\/\/memurunsesi.net\/index.php\/2025\/07\/31\/d-140da-otomobil-sarampole-uctu-anne-ve-iki-cocugu-yaralandi\/#primaryimage"},"image":{"@id":"https:\/\/memurunsesi.net\/index.php\/2025\/07\/31\/d-140da-otomobil-sarampole-uctu-anne-ve-iki-cocugu-yaralandi\/#primaryimage"},"thumbnailUrl":"https:\/\/memurunsesi.net\/wp-content\/uploads\/2025\/07\/AW507877_02.jpg","datePublished":"2025-07-31T05:40:06+00:00","breadcrumb":{"@id":"https:\/\/memurunsesi.net\/index.php\/2025\/07\/31\/d-140da-otomobil-sarampole-uctu-anne-ve-iki-cocugu-yaralandi\/#breadcrumb"},"inLanguage":"tr","potentialAction":[{"@type":"ReadAction","target":["https:\/\/memurunsesi.net\/index.php\/2025\/07\/31\/d-140da-otomobil-sarampole-uctu-anne-ve-iki-cocugu-yaralandi\/"]}]},{"@type":"ImageObject","inLanguage":"tr","@id":"https:\/\/memurunsesi.net\/index.php\/2025\/07\/31\/d-140da-otomobil-sarampole-uctu-anne-ve-iki-cocugu-yaralandi\/#primaryimage","url":"https:\/\/memurunsesi.net\/wp-content\/uploads\/2025\/07\/AW507877_02.jpg","contentUrl":"https:\/\/memurunsesi.net\/wp-content\/uploads\/2025\/07\/AW507877_02.jpg","width":1600,"height":901,"caption":"SAKARYA'NIN AKYAZI \u0130L\u00c7ES\u0130 D-140 KARA YOLUNDA S\u00dcR\u00dcC\u00dcS\u00dcN\u00dcN KONTROL\u00dcNDEN \u00c7IKAN OTOMOB\u0130L \u015eARAMPOLE YUVARLANDI. KAZADA, ANNE \u0130LE \u0130K\u0130 \u00c7OCU\u011eU YARALANDI. (AL\u0130 SAMET YILDIRIM\/SAKARYA-\u0130HA) Sakarya'n\u0131n Akyaz\u0131 il\u00e7esi D-140 kara yolunda s\u00fcr\u00fcc\u00fcs\u00fcn\u00fcn kontrol\u00fcnden \u00e7\u0131kan otomobil \u015farampole yuvarland\u0131. Kazada, anne ile iki \u00e7ocu\u011fu yaraland\u0131."},{"@type":"BreadcrumbList","@id":"https:\/\/memurunsesi.net\/index.php\/2025\/07\/31\/d-140da-otomobil-sarampole-uctu-anne-ve-iki-cocugu-yaralandi\/#breadcrumb","itemListElement":[{"@type":"ListItem","position":1,"name":"Anasayfa","item":"https:\/\/memurunsesi.net\/"},{"@type":"ListItem","position":2,"name":"D-140&#8217;da otomobil \u015farampole u\u00e7tu: Anne ve iki \u00e7ocu\u011fu yaraland\u0131"}]},{"@type":"WebSite","@id":"https:\/\/memurunsesi.net\/#website","url":"https:\/\/memurunsesi.net\/","name":"Memurun Sesi","description":"G\u00fcncel ve Do\u011fru Haber","publisher":{"@id":"https:\/\/memurunsesi.net\/#organization"},"potentialAction":[{"@type":"SearchAction","target":{"@type":"EntryPoint","urlTemplate":"https:\/\/memurunsesi.net\/?s={search_term_string}"},"query-input":{"@type":"PropertyValueSpecification","valueRequired":true,"valueName":"search_term_string"}}],"inLanguage":"tr"},{"@type":"Organization","@id":"https:\/\/memurunsesi.net\/#organization","name":"Memurun Sesi","url":"https:\/\/memurunsesi.net\/","logo":{"@type":"ImageObject","inLanguage":"tr","@id":"https:\/\/memurunsesi.net\/#\/schema\/logo\/image\/","url":"https:\/\/memurunsesi.net\/wp-content\/uploads\/2025\/11\/cropped-MEMURUN-SESI.png","contentUrl":"https:\/\/memurunsesi.net\/wp-content\/uploads\/2025\/11\/cropped-MEMURUN-SESI.png","width":238,"height":57,"caption":"Memurun Sesi"},"image":{"@id":"https:\/\/memurunsesi.net\/#\/schema\/logo\/image\/"},"sameAs":["https:\/\/www.facebook.com\/unipersen\/?locale=tr_TR","https:\/\/x.com\/unipersen"]},{"@type":"Person","@id":"https:\/\/memurunsesi.net\/#\/schema\/person\/f21c2d73b89f6ee1d80b0a1803e38587","name":"Memurun Sesi Haber Merkezi","image":{"@type":"ImageObject","inLanguage":"tr","@id":"https:\/\/secure.gravatar.com\/avatar\/6cf0505f452ee753f485014986fab09a434671d2b919ee76fc541025c5876a70?s=96&d=mm&r=g","url":"https:\/\/secure.gravatar.com\/avatar\/6cf0505f452ee753f485014986fab09a434671d2b919ee76fc541025c5876a70?s=96&d=mm&r=g","contentUrl":"https:\/\/secure.gravatar.com\/avatar\/6cf0505f452ee753f485014986fab09a434671d2b919ee76fc541025c5876a70?s=96&d=mm&r=g","caption":"Memurun Sesi Haber Merkezi"},"sameAs":["https:\/\/memurunsesi.net"],"url":"https:\/\/memurunsesi.net\/index.php\/author\/uniper\/"}]}},"_links":{"self":[{"href":"https:\/\/memurunsesi.net\/index.php\/wp-json\/wp\/v2\/posts\/9841","targetHints":{"allow":["GET"]}}],"collection":[{"href":"https:\/\/memurunsesi.net\/index.php\/wp-json\/wp\/v2\/posts"}],"about":[{"href":"https:\/\/memurunsesi.net\/index.php\/wp-json\/wp\/v2\/types\/post"}],"author":[{"embeddable":true,"href":"https:\/\/memurunsesi.net\/index.php\/wp-json\/wp\/v2\/users\/1"}],"replies":[{"embeddable":true,"href":"https:\/\/memurunsesi.net\/index.php\/wp-json\/wp\/v2\/comments?post=9841"}],"version-history":[{"count":1,"href":"https:\/\/memurunsesi.net\/index.php\/wp-json\/wp\/v2\/posts\/9841\/revisions"}],"predecessor-version":[{"id":9843,"href":"https:\/\/memurunsesi.net\/index.php\/wp-json\/wp\/v2\/posts\/9841\/revisions\/9843"}],"wp:featuredmedia":[{"embeddable":true,"href":"https:\/\/memurunsesi.net\/index.php\/wp-json\/wp\/v2\/media\/9842"}],"wp:attachment":[{"href":"https:\/\/memurunsesi.net\/index.php\/wp-json\/wp\/v2\/media?parent=9841"}],"wp:term":[{"taxonomy":"category","embeddable":true,"href":"https:\/\/memurunsesi.net\/index.php\/wp-json\/wp\/v2\/categories?post=9841"},{"taxonomy":"post_tag","embeddable":true,"href":"https:\/\/memurunsesi.net\/index.php\/wp-json\/wp\/v2\/tags?post=9841"}],"curies":[{"name":"wp","href":"https:\/\/api.w.org\/{rel}","templated":true}]}}